{"id":653,"date":"2019-12-19T17:43:45","date_gmt":"2019-12-19T17:43:45","guid":{"rendered":"https:\/\/blogs.gazetaesportiva.com\/velocidade\/?p=653"},"modified":"2019-12-19T17:46:00","modified_gmt":"2019-12-19T17:46:00","slug":"a-jovem-guarda-no-caminho-da-formula-1","status":"publish","type":"post","link":"https:\/\/blogs.gazetaesportiva.com\/velocidade\/2019\/12\/19\/a-jovem-guarda-no-caminho-da-formula-1\/","title":{"rendered":"Jovem guarda no caminho da F\u00f3rmula 1"},"content":{"rendered":"<figure id=\"attachment_654\" aria-describedby=\"caption-attachment-654\" style=\"width: 580px\" class=\"wp-caption aligncenter\"><img loading=\"lazy\" decoding=\"async\" class=\"size-full wp-image-654\" src=\"https:\/\/blogs.gazetaesportiva.com\/velocidade\/files\/2019\/12\/1017597336-20190702-_15U8613.jpg\" alt=\"\" width=\"580\" height=\"354\" srcset=\"https:\/\/blogs.gazetaesportiva.com\/velocidade\/files\/2019\/12\/1017597336-20190702-_15U8613.jpg 580w, https:\/\/blogs.gazetaesportiva.com\/velocidade\/files\/2019\/12\/1017597336-20190702-_15U8613-300x183.jpg 300w\" sizes=\"auto, (max-width: 580px) 100vw, 580px\" \/><figcaption id=\"caption-attachment-654\" class=\"wp-caption-text\">Pedro Piquet, (Foto: Divulga\u00e7\u00e3o\/fiaformula3.com)<\/figcaption><\/figure>\n<p>Pedro Piquet, 21 anos, \u00e9 o primeiro brasileiro confirmado no campeonato de F\u00f3rmula 2, \u00faltimo degrau antes da F\u00f3rmula 1, no pr\u00f3ximo ano. Piquet defender\u00e1 a equipe tcheca Charouz Racing System. O piloto de Bras\u00edlia, filho de Nelson Piquet, terminou em quinto lugar a temporada oficial de F\u00f3rmula 3 e ter\u00e1 advers\u00e1rios como Mick Schumacher na temporada que come\u00e7a no Bahrein, em mar\u00e7o. Com exce\u00e7\u00e3o de Bahrein e dos circuitos de M\u00f4naco e Baku, Piquet j\u00e1 competiu em todos os tra\u00e7ados da categoria.<\/p>\n<p>Outros brasileiros que tamb\u00e9m poder\u00e3o correr na F\u00f3rmula 2 s\u00e3o Sergio Sette C\u00e2mara, que faria sua quarta temporada, desta vez pela equipe Hitech, e tamb\u00e9m Felipe Drugovich pela MP Motorsport. Os dois pilotos est\u00e3o em negocia\u00e7\u00e3o com as respectivas equipes.<\/p>\n<p>Caio Collet, 17 anos, o melhor estreante do ano com seis p\u00f3dios, considerado uma das grandes revela\u00e7\u00f5es da F\u00f3rmula Renault Eurocup em 2019, disputar\u00e1 em 2020, outra vez, a mesma categoria. Collet continuar\u00e1 defendendo a equipe francesa Race GP. Neste s\u00e1bado, Caio estar\u00e1 correndo as 500 Milhas de Kart, no kart\u00f3dromo da Granja Viana, em S\u00e3o Paulo.<\/p>\n<p>Piloto da academia Ferrari, Gianluca Petecof, 17 anos, acertou sua participa\u00e7\u00e3o no campeonato de F3 regional europeia pela equipe Prema em 2020, sempre com a supervis\u00e3o da academia Ferrari. Este ano Petecof foi vice-campe\u00e3o da F4 italiana e terminou em quinto lugar o campeonato alem\u00e3o de F\u00f3rmula 4.<\/p>\n<p>Os netos de \u00c9merson Fittipaldi seguem firme buscando subir novas etapas. Pietro Fittipaldi, 22 anos, permanecer\u00e1 com piloto de testes da Haas e, ao mesmo tempo, disputar\u00e1 o campeonato de Super F\u00f3rmula, no Jap\u00e3o, atr\u00e1s da bendita superlicen\u00e7a. Seu irm\u00e3o, Enzo, 18 anos, competir\u00e1 na FIA F3 que faz a preliminar de diversas etapas do Mundial de F\u00f3rmula 1. Enzo foi vice na F3 regional em 2019.<\/p>\n<p>Mais dois pilotos bem jovens come\u00e7am a despontar rumo \u00e0s categorias mais importantes do automobilismo internacional. Gabriel Bortoleto, 15 anos come\u00e7ar\u00e1 a competir na Europa pela equipe Prema, disputando a F\u00f3rmula 4 italiana e F\u00f3rmula 4 alem\u00e3. E o pernambucano Rafael C\u00e2mara, 14, anos vice-campe\u00e3o mundial de kart, far\u00e1 seu primeiro teste tamb\u00e9m na F4 mas ainda n\u00e3o disputar\u00e1 toda a temporada. Neste final de semana, Rafael correr\u00e1 as 500 Milhas de Kart, pela primeira vez, pela equipe de Felipe Massa e Lucas di Grassi.<\/p>\n<p>Candidatos, portanto, n\u00e3o faltam. Olho neles.<\/p>\n","protected":false},"excerpt":{"rendered":"<p>Pedro Piquet, 21 anos, \u00e9 o primeiro brasileiro confirmado no campeonato de F\u00f3rmula 2, \u00faltimo degrau antes da F\u00f3rmula 1, no pr\u00f3ximo ano. Piquet defender\u00e1 <a class=\"read-more\" href=\"https:\/\/blogs.gazetaesportiva.com\/velocidade\/2019\/12\/19\/a-jovem-guarda-no-caminho-da-formula-1\/\">leia mais<\/a><\/p>\n","protected":false},"author":3,"featured_media":654,"comment_status":"open","ping_status":"open","sticky":false,"template":"","format":"standard","meta":{"jetpack_post_was_ever_published":false,"_jetpack_newsletter_access":"","_jetpack_dont_email_post_to_subs":false,"_jetpack_newsletter_tier_id":0,"_jetpack_memberships_contains_paywalled_content":false,"_jetpack_memberships_contains_paid_content":false,"footnotes":"","jetpack_publicize_message":"","jetpack_publicize_feature_enabled":true,"jetpack_social_post_already_shared":true,"jetpack_social_options":{"image_generator_settings":{"template":"highway","default_image_id":0,"font":"","enabled":false},"version":2}},"categories":[26,25],"tags":[3,29,30],"class_list":["post-653","post","type-post","status-publish","format-standard","has-post-thumbnail","hentry","category-formula-1","category-motor","tag-formula-1","tag-jovem-guarda","tag-pedro-piquet"],"jetpack_publicize_connections":[],"jetpack_featured_media_url":"https:\/\/blogs.gazetaesportiva.com\/velocidade\/files\/2019\/12\/1017597336-20190702-_15U8613.jpg","jetpack_sharing_enabled":true,"jetpack_shortlink":"https:\/\/wp.me\/paxXxr-ax","_links":{"self":[{"href":"https:\/\/blogs.gazetaesportiva.com\/velocidade\/wp-json\/wp\/v2\/posts\/653","targetHints":{"allow":["GET"]}}],"collection":[{"href":"https:\/\/blogs.gazetaesportiva.com\/velocidade\/wp-json\/wp\/v2\/posts"}],"about":[{"href":"https:\/\/blogs.gazetaesportiva.com\/velocidade\/wp-json\/wp\/v2\/types\/post"}],"author":[{"embeddable":true,"href":"https:\/\/blogs.gazetaesportiva.com\/velocidade\/wp-json\/wp\/v2\/users\/3"}],"replies":[{"embeddable":true,"href":"https:\/\/blogs.gazetaesportiva.com\/velocidade\/wp-json\/wp\/v2\/comments?post=653"}],"version-history":[{"count":0,"href":"https:\/\/blogs.gazetaesportiva.com\/velocidade\/wp-json\/wp\/v2\/posts\/653\/revisions"}],"wp:featuredmedia":[{"embeddable":true,"href":"https:\/\/blogs.gazetaesportiva.com\/velocidade\/wp-json\/wp\/v2\/media\/654"}],"wp:attachment":[{"href":"https:\/\/blogs.gazetaesportiva.com\/velocidade\/wp-json\/wp\/v2\/media?parent=653"}],"wp:term":[{"taxonomy":"category","embeddable":true,"href":"https:\/\/blogs.gazetaesportiva.com\/velocidade\/wp-json\/wp\/v2\/categories?post=653"},{"taxonomy":"post_tag","embeddable":true,"href":"https:\/\/blogs.gazetaesportiva.com\/velocidade\/wp-json\/wp\/v2\/tags?post=653"}],"curies":[{"name":"wp","href":"https:\/\/api.w.org\/{rel}","templated":true}]}}