{"id":9999,"date":"2014-01-07T17:18:48","date_gmt":"2014-01-07T19:18:48","guid":{"rendered":"https:\/\/blogs.gazetaesportiva.com\/planeta-octogono\/?p=9999"},"modified":"2014-01-07T17:18:59","modified_gmt":"2014-01-07T19:18:59","slug":"cruz-se-machuca-novamente-perde-cinturao-para-renan-barao-que-faz-primeira-defesa-contra-urijah-faber-no-ufc-169","status":"publish","type":"post","link":"https:\/\/blogs.gazetaesportiva.com\/planeta-octogono\/2014\/01\/07\/cruz-se-machuca-novamente-perde-cinturao-para-renan-barao-que-faz-primeira-defesa-contra-urijah-faber-no-ufc-169\/","title":{"rendered":"Cruz se machuca novamente, perde cintur\u00e3o para Renan Bar\u00e3o que faz primeira defesa contra Urijah Faber no UFC 169"},"content":{"rendered":"<figure id=\"attachment_10000\" aria-describedby=\"caption-attachment-10000\" style=\"width: 432px\" class=\"wp-caption aligncenter\"><a href=\"https:\/\/blogs.gazetaesportiva.com\/planeta-octogono\/files\/2014\/01\/Renan-Bar\u00e3o1.jpg\"><img loading=\"lazy\" decoding=\"async\" class=\" wp-image-10000 \" alt=\"Renan Bar\u00e3o \u00e9 o novo campe\u00e3o do UFC e defende cintur\u00e3o em fevereiro - Divulga\u00e7\u00e3o UFC\/Josh Hedges\" src=\"https:\/\/blogs.gazetaesportiva.com\/planeta-octogono\/files\/2014\/01\/Renan-Bar\u00e3o1.jpg\" width=\"432\" height=\"600\" \/><\/a><figcaption id=\"caption-attachment-10000\" class=\"wp-caption-text\">Renan Bar\u00e3o \u00e9 o novo campe\u00e3o do UFC e defende cintur\u00e3o em fevereiro &#8211; Divulga\u00e7\u00e3o UFC\/Josh Hedges<\/figcaption><\/figure>\n<p>&nbsp;<\/p>\n<p>O UFC 169, que ser\u00e1 realizado no dia 1\u00ba de fevereiro, em Newark, Nova Jersey, tem uma nova luta principal.<\/p>\n<p>Conforme anunciou o presidente do UFC Dana White nesta segunda-feira, dia 6, Renan Bar\u00e3o lutar\u00e1 pelo cintur\u00e3o dos pesos galos contra Urijah Faber. Faber substitui o ex-campe\u00e3o linear Dominick Cruz que, sem lutar desde outubro de 2011 devido a repetidas les\u00f5es, sofreu um estiramento na virilha e teve que se retirar novamente. Dana anunciou ainda que, devido ao per\u00edodo de inatividade de Dominick, Bar\u00e3o \u00e9 agora o novo campe\u00e3o dos pesos galos.<\/p>\n<p>\u201cFiquei surpreso com a not\u00edcia de que o Dominick Cruz se machucou, mas sempre me senti o campe\u00e3o linear da categoria. Ele n\u00e3o lutava h\u00e1 tempos e eu j\u00e1 tinha defendido meu cintur\u00e3o. Fico triste pela les\u00e3o, eu treinava e esperava por esta batalha desde o WEC. Espero que ele se recupere logo, mas n\u00e3o vejo necessidade de enfrent\u00e1-lo para provar que sou o campe\u00e3o definitivo\u201d, declarou Bar\u00e3o, que enfrenta agora o mesmo advers\u00e1rio que derrotou para conquistar o cintur\u00e3o interino.<\/p>\n<p>\u201cAcredito que a escolha do Faber para me enfrentar foi justa. Ele \u00e9 um dos melhores da minha categoria, evoluiu bastante depois do nosso combate e, assim como eu, vai dar o melhor no dia da luta\u201d, completou Bar\u00e3o. \u201cAgora preciso definir uma nova estrat\u00e9gia com meus treinadores, porque o estilo de luta do Faber \u00e9 muito diferente. Apesar de mais lento, ele \u00e9 um cara duro, aguenta bastante a luta em p\u00e9. Desde nossa \u00faltima luta ele melhorou muito nesse aspecto, mas eu estou preparado para qualquer coisa. O importante \u00e9 entrar no oct\u00f3gono e dar um show para os f\u00e3s\u201d.<\/p>\n<p>Bar\u00e3o e Faber se encontraram pela primeira vez em julho de 2012, em uma batalha para determinar o campe\u00e3o interino dos galos. O brasileiro venceu por decis\u00e3o un\u00e2nime, e desde ent\u00e3o defendeu seu cintur\u00e3o duas vezes. J\u00e1 Faber lutou quatro vezes nesse per\u00edodo, com tr\u00eas vit\u00f3rias por finaliza\u00e7\u00e3o e uma por decis\u00e3o. A batalha continua sendo a principal da noite, que ter\u00e1 ainda a disputa pelo cintur\u00e3o dos pesos penas entre Ricardo Lamas e o campe\u00e3o Jos\u00e9 Aldo, que defende seu cintur\u00e3o pela sexta vez. Outros brasileiros em a\u00e7\u00e3o ser\u00e3o John Lineker, que enfrenta o russo Ali Bagautinov, e Alan Patrick, que enfrenta o canadense John Makdessi.<\/p>\n","protected":false},"excerpt":{"rendered":"<p>&nbsp; O UFC 169, que ser\u00e1 realizado no dia 1\u00ba de fevereiro, em Newark, Nova Jersey, tem uma nova luta principal. Conforme anunciou o presidente <a class=\"read-more\" href=\"https:\/\/blogs.gazetaesportiva.com\/planeta-octogono\/2014\/01\/07\/cruz-se-machuca-novamente-perde-cinturao-para-renan-barao-que-faz-primeira-defesa-contra-urijah-faber-no-ufc-169\/\">leia mais<\/a><\/p>\n","protected":false},"author":33,"featured_media":10000,"comment_status":"open","ping_status":"open","sticky":false,"template":"","format":"standard","meta":{"jetpack_post_was_ever_published":false,"_jetpack_newsletter_access":"","_jetpack_dont_email_post_to_subs":false,"_jetpack_newsletter_tier_id":0,"_jetpack_memberships_contains_paywalled_content":false,"_jetpack_memberships_contains_paid_content":false,"footnotes":"","jetpack_publicize_message":"","jetpack_publicize_feature_enabled":true,"jetpack_social_post_already_shared":false,"jetpack_social_options":{"image_generator_settings":{"template":"highway","default_image_id":0,"font":"","enabled":false},"version":2}},"categories":[1],"tags":[],"class_list":["post-9999","post","type-post","status-publish","format-standard","has-post-thumbnail","hentry","category-principal"],"jetpack_publicize_connections":[],"jetpack_featured_media_url":"https:\/\/blogs.gazetaesportiva.com\/planeta-octogono\/files\/2014\/01\/Renan-Bar\u00e3o1.jpg","jetpack_sharing_enabled":true,"jetpack_shortlink":"https:\/\/wp.me\/p6rqUQ-2Bh","_links":{"self":[{"href":"https:\/\/blogs.gazetaesportiva.com\/planeta-octogono\/wp-json\/wp\/v2\/posts\/9999","targetHints":{"allow":["GET"]}}],"collection":[{"href":"https:\/\/blogs.gazetaesportiva.com\/planeta-octogono\/wp-json\/wp\/v2\/posts"}],"about":[{"href":"https:\/\/blogs.gazetaesportiva.com\/planeta-octogono\/wp-json\/wp\/v2\/types\/post"}],"author":[{"embeddable":true,"href":"https:\/\/blogs.gazetaesportiva.com\/planeta-octogono\/wp-json\/wp\/v2\/users\/33"}],"replies":[{"embeddable":true,"href":"https:\/\/blogs.gazetaesportiva.com\/planeta-octogono\/wp-json\/wp\/v2\/comments?post=9999"}],"version-history":[{"count":0,"href":"https:\/\/blogs.gazetaesportiva.com\/planeta-octogono\/wp-json\/wp\/v2\/posts\/9999\/revisions"}],"wp:featuredmedia":[{"embeddable":true,"href":"https:\/\/blogs.gazetaesportiva.com\/planeta-octogono\/wp-json\/wp\/v2\/media\/10000"}],"wp:attachment":[{"href":"https:\/\/blogs.gazetaesportiva.com\/planeta-octogono\/wp-json\/wp\/v2\/media?parent=9999"}],"wp:term":[{"taxonomy":"category","embeddable":true,"href":"https:\/\/blogs.gazetaesportiva.com\/planeta-octogono\/wp-json\/wp\/v2\/categories?post=9999"},{"taxonomy":"post_tag","embeddable":true,"href":"https:\/\/blogs.gazetaesportiva.com\/planeta-octogono\/wp-json\/wp\/v2\/tags?post=9999"}],"curies":[{"name":"wp","href":"https:\/\/api.w.org\/{rel}","templated":true}]}}