{"id":9992,"date":"2014-01-06T18:59:18","date_gmt":"2014-01-06T20:59:18","guid":{"rendered":"https:\/\/blogs.gazetaesportiva.com\/planeta-octogono\/?p=9992"},"modified":"2014-01-06T19:05:32","modified_gmt":"2014-01-06T21:05:32","slug":"campeao-do-evento-rico-verhoeven-defende-cinturao-contra-daniel-ghita-em-revanche-nos-estados-unidos-em-edicao-do-glory","status":"publish","type":"post","link":"https:\/\/blogs.gazetaesportiva.com\/planeta-octogono\/2014\/01\/06\/campeao-do-evento-rico-verhoeven-defende-cinturao-contra-daniel-ghita-em-revanche-nos-estados-unidos-em-edicao-do-glory\/","title":{"rendered":"Campe\u00e3o do evento, Rico Verhoeven defende cintur\u00e3o contra Daniel Ghita em revanche nos Estados Unidos em edi\u00e7\u00e3o do GLORY"},"content":{"rendered":"<figure id=\"attachment_9993\" aria-describedby=\"caption-attachment-9993\" style=\"width: 600px\" class=\"wp-caption aligncenter\"><a href=\"https:\/\/blogs.gazetaesportiva.com\/planeta-octogono\/files\/2014\/01\/1378376_530486997032672_1474775075_n.jpg\"><img loading=\"lazy\" decoding=\"async\" class=\" wp-image-9993 \" alt=\"Rico e Ghita voltam a se enfrentar em disputa de cintur\u00e3o - Divulga\u00e7\u00e3o GLORY\/James Law\/Ryan Loco\" src=\"https:\/\/blogs.gazetaesportiva.com\/planeta-octogono\/files\/2014\/01\/1378376_530486997032672_1474775075_n.jpg\" width=\"600\" height=\"432\" \/><\/a><figcaption id=\"caption-attachment-9993\" class=\"wp-caption-text\">Rico e Ghita voltam a se enfrentar em disputa de cintur\u00e3o &#8211; Divulga\u00e7\u00e3o GLORY\/James Law\/Ryan Loco<\/figcaption><\/figure>\n<p>&nbsp;<\/p>\n<p>O pr\u00f3ximo desafio do atual campe\u00e3o dos pesos pesados do GLORY, maior evento de kickboxing do mundo, o holand\u00eas Rico Verhoeven est\u00e1 definido.<\/p>\n<p>Atrav\u00e9s das redes sociais, Rico anunciou que vai novamente enfrentar o romeno Daniel Ghita em uma futura edi\u00e7\u00e3o do GLORY nos Estados Unidos.<\/p>\n<p>&#8220;Minha pr\u00f3xima luta ser\u00e1 contra Daniel Ghita nos Estados Unidos pelo cintur\u00e3o. Fiquem ligados que estaremos trazendo mais not\u00edcias no futuro.&#8221; disse Verhoeven atrav\u00e9s das redes sociais.<\/p>\n<p>Rico que venceu Ghita em uma batalha na final do GP de Pesados no GLORY 11 em Chicago em outubro, venceu o compatriota Peter Aerts em seu \u00faltimo combate no Jap\u00e3o.<\/p>\n<p>Ghita tamb\u00e9m vem de vit\u00f3ria com um grande nocaute sobre Errol Zimmerman na mesma edi\u00e7\u00e3o.<\/p>\n<p style=\"text-align: center\"><em><strong>Conhe\u00e7a Rico Verhoeven:<\/strong><\/em><\/p>\n<p style=\"text-align: center\"><em><strong>[yframe url=&#8217;http:\/\/www.youtube.com\/watch?v=Odg68KrRCFY&#8217;]<\/strong><\/em><\/p>\n<p>&nbsp;<\/p>\n","protected":false},"excerpt":{"rendered":"<p>&nbsp; O pr\u00f3ximo desafio do atual campe\u00e3o dos pesos pesados do GLORY, maior evento de kickboxing do mundo, o holand\u00eas Rico Verhoeven est\u00e1 definido. Atrav\u00e9s <a class=\"read-more\" href=\"https:\/\/blogs.gazetaesportiva.com\/planeta-octogono\/2014\/01\/06\/campeao-do-evento-rico-verhoeven-defende-cinturao-contra-daniel-ghita-em-revanche-nos-estados-unidos-em-edicao-do-glory\/\">leia mais<\/a><\/p>\n","protected":false},"author":33,"featured_media":9993,"comment_status":"open","ping_status":"open","sticky":false,"template":"","format":"standard","meta":{"jetpack_post_was_ever_published":false,"_jetpack_newsletter_access":"","_jetpack_dont_email_post_to_subs":false,"_jetpack_newsletter_tier_id":0,"_jetpack_memberships_contains_paywalled_content":false,"_jetpack_memberships_contains_paid_content":false,"footnotes":"","jetpack_publicize_message":"","jetpack_publicize_feature_enabled":true,"jetpack_social_post_already_shared":false,"jetpack_social_options":{"image_generator_settings":{"template":"highway","default_image_id":0,"font":"","enabled":false},"version":2}},"categories":[1],"tags":[],"class_list":["post-9992","post","type-post","status-publish","format-standard","has-post-thumbnail","hentry","category-principal"],"jetpack_publicize_connections":[],"jetpack_featured_media_url":"https:\/\/blogs.gazetaesportiva.com\/planeta-octogono\/files\/2014\/01\/1378376_530486997032672_1474775075_n.jpg","jetpack_sharing_enabled":true,"jetpack_shortlink":"https:\/\/wp.me\/p6rqUQ-2Ba","_links":{"self":[{"href":"https:\/\/blogs.gazetaesportiva.com\/planeta-octogono\/wp-json\/wp\/v2\/posts\/9992","targetHints":{"allow":["GET"]}}],"collection":[{"href":"https:\/\/blogs.gazetaesportiva.com\/planeta-octogono\/wp-json\/wp\/v2\/posts"}],"about":[{"href":"https:\/\/blogs.gazetaesportiva.com\/planeta-octogono\/wp-json\/wp\/v2\/types\/post"}],"author":[{"embeddable":true,"href":"https:\/\/blogs.gazetaesportiva.com\/planeta-octogono\/wp-json\/wp\/v2\/users\/33"}],"replies":[{"embeddable":true,"href":"https:\/\/blogs.gazetaesportiva.com\/planeta-octogono\/wp-json\/wp\/v2\/comments?post=9992"}],"version-history":[{"count":0,"href":"https:\/\/blogs.gazetaesportiva.com\/planeta-octogono\/wp-json\/wp\/v2\/posts\/9992\/revisions"}],"wp:featuredmedia":[{"embeddable":true,"href":"https:\/\/blogs.gazetaesportiva.com\/planeta-octogono\/wp-json\/wp\/v2\/media\/9993"}],"wp:attachment":[{"href":"https:\/\/blogs.gazetaesportiva.com\/planeta-octogono\/wp-json\/wp\/v2\/media?parent=9992"}],"wp:term":[{"taxonomy":"category","embeddable":true,"href":"https:\/\/blogs.gazetaesportiva.com\/planeta-octogono\/wp-json\/wp\/v2\/categories?post=9992"},{"taxonomy":"post_tag","embeddable":true,"href":"https:\/\/blogs.gazetaesportiva.com\/planeta-octogono\/wp-json\/wp\/v2\/tags?post=9992"}],"curies":[{"name":"wp","href":"https:\/\/api.w.org\/{rel}","templated":true}]}}