{"id":9990,"date":"2014-01-06T18:42:09","date_gmt":"2014-01-06T20:42:09","guid":{"rendered":"https:\/\/blogs.gazetaesportiva.com\/planeta-octogono\/?p=9990"},"modified":"2014-01-06T18:42:09","modified_gmt":"2014-01-06T20:42:09","slug":"chris-weidman-critica-uso-de-trt-de-belfort-e-pede-fiscalizacao-de-comissao-e-injusto","status":"publish","type":"post","link":"https:\/\/blogs.gazetaesportiva.com\/planeta-octogono\/2014\/01\/06\/chris-weidman-critica-uso-de-trt-de-belfort-e-pede-fiscalizacao-de-comissao-e-injusto\/","title":{"rendered":"Chris Weidman critica uso de TRT de Belfort e pede fiscaliza\u00e7\u00e3o de Comiss\u00e3o: \u00c9 injusto!"},"content":{"rendered":"<figure id=\"attachment_9812\" aria-describedby=\"caption-attachment-9812\" style=\"width: 456px\" class=\"wp-caption aligncenter\"><a href=\"https:\/\/blogs.gazetaesportiva.com\/planeta-octogono\/files\/2013\/12\/1491676_10152111520906276_987705648_n.jpg\"><img loading=\"lazy\" decoding=\"async\" class=\" wp-image-9812 \" alt=\"Weidman mant\u00e9m cintur\u00e3o ap\u00f3s les\u00e3o de Anderson - Divulga\u00e7\u00e3o UFC\/Josh Hedges\" src=\"https:\/\/blogs.gazetaesportiva.com\/planeta-octogono\/files\/2013\/12\/1491676_10152111520906276_987705648_n.jpg\" width=\"456\" height=\"672\" \/><\/a><figcaption id=\"caption-attachment-9812\" class=\"wp-caption-text\">Weidman mant\u00e9m cintur\u00e3o ap\u00f3s les\u00e3o de Anderson &#8211; Divulga\u00e7\u00e3o UFC\/Josh Hedges<\/figcaption><\/figure>\n<p>&nbsp;<\/p>\n<p>O atual campe\u00e3o peso m\u00e9dio do UFC, o americano Chris Weidman j\u00e1 est\u00e1 com os olhos bem atentos sobre seu futuro pr\u00f3ximo advers\u00e1rio, o brasileiro Vitor Belfort.<\/p>\n<p>Criticando duramente a postura de Vitor, Weidman se mostrou incomodado com o uso de terapia de reposi\u00e7\u00e3o de testosterona usado pelo brasileiro em suas \u00faltimas lutas.<\/p>\n<p>Sem concordar com o uso, Weidman pediu rigor a Comiss\u00e3o Atl\u00e9tica Americana e questionou os motivos de Vitor para usar o tratamento.<\/p>\n<p>&#8220;Ele falhou em um antidoping antes e agora est\u00e1 fazendo TRT. Para come\u00e7ar, eu n\u00e3o concordo com isso. N\u00e3o acho certo ele ter sido pego antes e agora fazer TRT.<\/p>\n<p>Eu n\u00e3o sou um cara com altos n\u00edveis de testosterona e ele (Belfort) com 36 anos tem mais testosterona que eu, com 29 anos.<\/p>\n<p>Mas eu acordo e treino duro duas, tr\u00eas vezes ao dia. N\u00e3o sinto necessidade disso, mas se voc\u00ea sente, deve se aposentar e n\u00e3o lutar mais.<\/p>\n<p>O MMA \u00e9 um esporte onde a for\u00e7a f\u00edsica \u00e9 importante, assim, se voc\u00ea vai ter uma dose extra de testosterona e principalmente, se voc\u00ea j\u00e1 foi pego no antidoping antes, \u00e9 injusto.&#8221; disse o lutador.<\/p>\n<p>Segundo Weidman que deve enfrentar Vitor em Las Vegas entre maio e julho deste ano, o lutador acredita que lutar na cidade vai ajudar a se certificar que Vitor ser\u00e1 testado, j\u00e1 que nos Estados Unidos o rigor no controle do uso \u00e9 grande.<\/p>\n<p>&#8220;Estou feliz com a luta em Las Vegas. Sei que ele lutou no Brasil nos \u00faltimos dois anos (na verdade, Vitor realizou tr\u00eas lutas no Brasil em 2013 e, em 2012, lutou no Canad\u00e1 quando perdeu para Jon Jones) e claro que ele est\u00e1 se sentindo como o Hulk agora.<\/p>\n<p>Mas ele usa TRT, j\u00e1 foi pego no antidoping antes e acho que isso n\u00e3o \u00e9 justo. O TRT n\u00e3o pertence ao nosso esporte.<\/p>\n<p>N\u00e3o sou um cara com altos n\u00edveis de testosterona, n\u00e3o sou grande, mas n\u00e3o aceitaria fazer uso de TRT.<\/p>\n<p>Por isso, estou feliz com a luta em Las Vegas e espero que a Comiss\u00e3o Atl\u00e9tica de Nevada esteja atenta com os exames para ter certeza que ele n\u00e3o trapaceie.&#8221; afirmou o campe\u00e3o.<\/p>\n<p>O uso de TRT \u00e9 permitido pela Comiss\u00e3o Atl\u00e9tica e possui n\u00edveis de toler\u00e2ncia e os lutadores s\u00e3o submetidos a testes para adquirir autoriza\u00e7\u00e3o para fazer o tratamento antes das lutas.<\/p>\n<p>&nbsp;<\/p>\n<figure id=\"attachment_9976\" aria-describedby=\"caption-attachment-9976\" style=\"width: 600px\" class=\"wp-caption aligncenter\"><a href=\"https:\/\/blogs.gazetaesportiva.com\/planeta-octogono\/files\/2014\/01\/1086_10.16.2013_51620_ef_20131110.jpg\"><img loading=\"lazy\" decoding=\"async\" class=\" wp-image-9976 \" alt=\"Vitor Belfort usou a terapia em vit\u00f3ria contra  Dan Henderson em Goi\u00e2nia - Alexandre Loureiro\/Inovafoto\" src=\"https:\/\/blogs.gazetaesportiva.com\/planeta-octogono\/files\/2014\/01\/1086_10.16.2013_51620_ef_20131110.jpg\" width=\"600\" height=\"432\" \/><\/a><figcaption id=\"caption-attachment-9976\" class=\"wp-caption-text\">Vitor Belfort usou a terapia em vit\u00f3ria contra Dan Henderson em Goi\u00e2nia &#8211; Alexandre Loureiro\/Inovafoto<\/figcaption><\/figure>\n","protected":false},"excerpt":{"rendered":"<p>&nbsp; O atual campe\u00e3o peso m\u00e9dio do UFC, o americano Chris Weidman j\u00e1 est\u00e1 com os olhos bem atentos sobre seu futuro pr\u00f3ximo advers\u00e1rio, o <a class=\"read-more\" href=\"https:\/\/blogs.gazetaesportiva.com\/planeta-octogono\/2014\/01\/06\/chris-weidman-critica-uso-de-trt-de-belfort-e-pede-fiscalizacao-de-comissao-e-injusto\/\">leia mais<\/a><\/p>\n","protected":false},"author":33,"featured_media":0,"comment_status":"open","ping_status":"open","sticky":false,"template":"","format":"standard","meta":{"jetpack_post_was_ever_published":false,"_jetpack_newsletter_access":"","_jetpack_dont_email_post_to_subs":false,"_jetpack_newsletter_tier_id":0,"_jetpack_memberships_contains_paywalled_content":false,"_jetpack_memberships_contains_paid_content":false,"footnotes":"","jetpack_publicize_message":"","jetpack_publicize_feature_enabled":true,"jetpack_social_post_already_shared":false,"jetpack_social_options":{"image_generator_settings":{"template":"highway","default_image_id":0,"font":"","enabled":false},"version":2}},"categories":[1],"tags":[],"class_list":["post-9990","post","type-post","status-publish","format-standard","hentry","category-principal"],"jetpack_publicize_connections":[],"jetpack_featured_media_url":"","jetpack_sharing_enabled":true,"jetpack_shortlink":"https:\/\/wp.me\/p6rqUQ-2B8","_links":{"self":[{"href":"https:\/\/blogs.gazetaesportiva.com\/planeta-octogono\/wp-json\/wp\/v2\/posts\/9990","targetHints":{"allow":["GET"]}}],"collection":[{"href":"https:\/\/blogs.gazetaesportiva.com\/planeta-octogono\/wp-json\/wp\/v2\/posts"}],"about":[{"href":"https:\/\/blogs.gazetaesportiva.com\/planeta-octogono\/wp-json\/wp\/v2\/types\/post"}],"author":[{"embeddable":true,"href":"https:\/\/blogs.gazetaesportiva.com\/planeta-octogono\/wp-json\/wp\/v2\/users\/33"}],"replies":[{"embeddable":true,"href":"https:\/\/blogs.gazetaesportiva.com\/planeta-octogono\/wp-json\/wp\/v2\/comments?post=9990"}],"version-history":[{"count":0,"href":"https:\/\/blogs.gazetaesportiva.com\/planeta-octogono\/wp-json\/wp\/v2\/posts\/9990\/revisions"}],"wp:attachment":[{"href":"https:\/\/blogs.gazetaesportiva.com\/planeta-octogono\/wp-json\/wp\/v2\/media?parent=9990"}],"wp:term":[{"taxonomy":"category","embeddable":true,"href":"https:\/\/blogs.gazetaesportiva.com\/planeta-octogono\/wp-json\/wp\/v2\/categories?post=9990"},{"taxonomy":"post_tag","embeddable":true,"href":"https:\/\/blogs.gazetaesportiva.com\/planeta-octogono\/wp-json\/wp\/v2\/tags?post=9990"}],"curies":[{"name":"wp","href":"https:\/\/api.w.org\/{rel}","templated":true}]}}