{"id":9809,"date":"2013-12-29T17:03:20","date_gmt":"2013-12-29T19:03:20","guid":{"rendered":"https:\/\/blogs.gazetaesportiva.com\/planeta-octogono\/?p=9809"},"modified":"2013-12-29T19:02:33","modified_gmt":"2013-12-29T21:02:33","slug":"mma-com-opiniao-fatalidade-nao-pode-esconder-dominio-de-weidman-sobre-anderson-silva","status":"publish","type":"post","link":"https:\/\/blogs.gazetaesportiva.com\/planeta-octogono\/2013\/12\/29\/mma-com-opiniao-fatalidade-nao-pode-esconder-dominio-de-weidman-sobre-anderson-silva\/","title":{"rendered":"MMA com Opini\u00e3o: Fatalidade n\u00e3o pode esconder dom\u00ednio de Weidman sobre Anderson Silva"},"content":{"rendered":"<figure id=\"attachment_9793\" aria-describedby=\"caption-attachment-9793\" style=\"width: 600px\" class=\"wp-caption aligncenter\"><a href=\"https:\/\/blogs.gazetaesportiva.com\/planeta-octogono\/files\/2013\/12\/733849_10152111521061276_531424357_n.jpg\"><img loading=\"lazy\" decoding=\"async\" class=\" wp-image-9793 \" alt=\"Weidman domina Anderson mas les\u00e3o acidental acaba com combate - Divulga\u00e7\u00e3o UFC\/Josh Hedges\" src=\"https:\/\/blogs.gazetaesportiva.com\/planeta-octogono\/files\/2013\/12\/733849_10152111521061276_531424357_n.jpg\" width=\"600\" height=\"432\" \/><\/a><figcaption id=\"caption-attachment-9793\" class=\"wp-caption-text\">Weidman domina Anderson mas les\u00e3o acidental acaba com combate &#8211; Divulga\u00e7\u00e3o UFC\/Josh Hedges<\/figcaption><\/figure>\n<p>&nbsp;<\/p>\n<figure id=\"attachment_9812\" aria-describedby=\"caption-attachment-9812\" style=\"width: 282px\" class=\"wp-caption alignright\"><a href=\"https:\/\/blogs.gazetaesportiva.com\/planeta-octogono\/files\/2013\/12\/1491676_10152111520906276_987705648_n.jpg\"><img loading=\"lazy\" decoding=\"async\" class=\" wp-image-9812   \" alt=\"Weidman mant\u00e9m cintur\u00e3o ap\u00f3s les\u00e3o de Anderson - Divulga\u00e7\u00e3o UFC\/Josh Hedges\" src=\"https:\/\/blogs.gazetaesportiva.com\/planeta-octogono\/files\/2013\/12\/1491676_10152111520906276_987705648_n.jpg\" width=\"282\" height=\"415\" \/><\/a><figcaption id=\"caption-attachment-9812\" class=\"wp-caption-text\">Weidman mant\u00e9m cintur\u00e3o ap\u00f3s les\u00e3o de Anderson &#8211; Divulga\u00e7\u00e3o UFC\/Josh Hedges<\/figcaption><\/figure>\n<p>Neste \u00faltimo s\u00e1bado o UFC realizou seu \u00faltimo e t\u00e3o esperado evento em Las Vegas, o UFC 168.<\/p>\n<p>As duas lutas muito esperadas pelo p\u00fablico, as revanches entre Anderson Silva e Chris Weidman al\u00e9m de Ronda Rousey contra Miesha Tate.<\/p>\n<p>Com toda a repercuss\u00e3o do primeiro combate, Anderson Silva estava determinado a provar que n\u00e3o tinha menosprezado Weidman e que &#8220;lutando s\u00e9rio&#8221; poderia vencer o americano da mesma forma.<\/p>\n<p>Por\u00e9m o que Anderson n\u00e3o esperava \u00e9 que Weidman estava bem mais preparado para este combate j\u00e1 que n\u00e3o teve uma pausa longa devido a uma les\u00e3o como na primeira luta.<\/p>\n<p>Com fisionomia preocupada e tensa desde o momento em que entrou na Arena, Anderson sabia que tinha encontrado um advers\u00e1rio a altura.<\/p>\n<p>E tudo isso se resumiu no combate aonde mais uma vez, Anderson foi completamente dominado por Weidman.<\/p>\n<p>N\u00e3o teve guarda baixa, provoca\u00e7\u00e3o e desta vez mesmo lutando com seriedade em busca de um esperado nocaute pelo p\u00fablico, Anderson n\u00e3o conseguiu ter exito.<\/p>\n<p>Weidman provou mais uma vez que tem um jogo que explora os erros de Anderson e suas fraquezas: Suas defesas de queda e seu defensivo anti jogo no solo.<\/p>\n<p>Outro detalhe interessante \u00e9 que uma das consideradas armas de Anderson, o clinch foi totalmente neutralizado por Weidman.<\/p>\n<p>O americano conseguiu at\u00e9 acertar um soco que balan\u00e7ou o brasileiro e quase a luta acabou ali antes da fatalidade no segundo round.<\/p>\n<p>Ap\u00f3s acertar um chute praticamente pr\u00f3ximo ao joelho de Weidman, Anderson fraturou a perna e gritando de dor, foi conduzido ao hospital e operado com a cirurgia sendo um sucesso.<\/p>\n<p>Como ser humano, fico triste em ver Anderson passar por isto por\u00e9m isto acontece em todos os esportes.<\/p>\n<p>O ex jogador Ronaldo Fen\u00f4meno teve suas les\u00f5es graves, o brasileiro naturalizado croata Eduardo da Silva tamb\u00e9m teve uma les\u00e3o muito pior que a de Anderson e ambos se recuperaram e voltaram a jogar.<\/p>\n<p>S\u00f3 vai depender de Anderson agora, se veremos o mesmo voltar a lutar ou se aposentar.<\/p>\n<p>Mas deixo aqui publicamente escrito que n\u00e3o ser\u00e1 estas duas atua\u00e7\u00f5es do brasileiro que ir\u00e1 manchar sua grandiosa carreira no MMA.<\/p>\n<p>Temos que reverenciar e respeitar o que Anderson fez pelo esporte e por nosso pa\u00eds.<\/p>\n<p>E deixo aqui registrado a minha insatisfa\u00e7\u00e3o quanto a falta de respeito de pessoas que zombam de uma les\u00e3o grave como esta.<\/p>\n<p>Respeito a opini\u00e3o de quem quer criticar ou usar de &#8220;bom humor&#8221; mas n\u00e3o concordo.<\/p>\n<p>Como tamb\u00e9m n\u00e3o concordo com o pensamento de muitas pessoas que achavam que se Anderson &#8220;lutasse s\u00e9rio&#8221; venceria e com facilidade Weidman.<\/p>\n<p>Na pr\u00e1tica, aconteceu exatamente o contr\u00e1rio. Anderson foi completamente dominado e Weidman se manteve campe\u00e3o com m\u00e9ritos.<\/p>\n<p>Agora o pr\u00f3ximo desafio ser\u00e1 Vitor Belfort. E que o brasileiro venha preparado porque o campe\u00e3o est\u00e1 mostrando que vai ser uma luta muito dif\u00edcil para Vitor.<\/p>\n<p>Ao Anderson, sua fam\u00edlia e amigos desejo for\u00e7a e uma r\u00e1pida recupera\u00e7\u00e3o al\u00e9m\u00a0de sa\u00fade porque certamente o brasileiro j\u00e1 est\u00e1 marcado como um dos melhores atletas de todos os tempos.<\/p>\n<p>&nbsp;<\/p>\n<figure id=\"attachment_9780\" aria-describedby=\"caption-attachment-9780\" style=\"width: 600px\" class=\"wp-caption aligncenter\"><a href=\"https:\/\/blogs.gazetaesportiva.com\/planeta-octogono\/files\/2013\/12\/lesaoanderson.jpg\"><img loading=\"lazy\" decoding=\"async\" class=\" wp-image-9780 \" alt=\"Anderson grita de dor ap\u00f3s derrota - Divulga\u00e7\u00e3o ESPN\/Sportscenter\" src=\"https:\/\/blogs.gazetaesportiva.com\/planeta-octogono\/files\/2013\/12\/lesaoanderson.jpg\" width=\"600\" height=\"432\" \/><\/a><figcaption id=\"caption-attachment-9780\" class=\"wp-caption-text\">Anderson grita de dor ap\u00f3s derrota &#8211; Divulga\u00e7\u00e3o UFC\/ESPN\/Sportscenter<\/figcaption><\/figure>\n<p>&nbsp;<\/p>\n<p style=\"text-align: center\"><strong><em>Ronda vence mas mostra falhas em seu jogo na revanche com Miesha<\/em><\/strong><\/p>\n<p>&nbsp;<\/p>\n<figure id=\"attachment_9810\" aria-describedby=\"caption-attachment-9810\" style=\"width: 600px\" class=\"wp-caption aligncenter\"><a href=\"https:\/\/blogs.gazetaesportiva.com\/planeta-octogono\/files\/2013\/12\/1554490_10152111521441276_463030232_n.jpg\"><img loading=\"lazy\" decoding=\"async\" class=\" wp-image-9810 \" alt=\"Musas se encaram antes de combate - Divulga\u00e7\u00e3o UFC\/Josh Hedges\" src=\"https:\/\/blogs.gazetaesportiva.com\/planeta-octogono\/files\/2013\/12\/1554490_10152111521441276_463030232_n.jpg\" width=\"600\" height=\"432\" \/><\/a><figcaption id=\"caption-attachment-9810\" class=\"wp-caption-text\">Musas se encaram antes de combate &#8211; Divulga\u00e7\u00e3o UFC\/Josh Hedges<\/figcaption><\/figure>\n<p>&nbsp;<\/p>\n<p>Ronda Rousey mostrou que n\u00e3o est\u00e1 para brincadeiras no MMA.<\/p>\n<p>Linda, pol\u00eamica e uma lutadora dur\u00edssima, a campe\u00e3 do UFC vem evoluindo em suas artes. Por\u00e9m n\u00e3o me surpreendi com sua atua\u00e7\u00e3o. Pelo contr\u00e1rio.<\/p>\n<p>Ronda mostrou que possui muitas brechas e se bem exploradas pode vir a conhecer a derrota bem mais cedo que esperamos.<\/p>\n<p>Miesha Tate chegou muito bem treinada para esta luta e valorizou muito o combate.<\/p>\n<p>Apesar de ser inferior tecnicamente, com muita garra, cora\u00e7\u00e3o e vontade, a outra musa do MMA endureceu e muito o combate ganhando o respeito de Ronda, que afirmou ap\u00f3s a luta que a rival \u00e9 muito dura.<\/p>\n<p>Por\u00e9m Miesha novamente se esqueceu da estrat\u00e9gia e acabou fazendo exatamente o que Ronda queria: Lutar na curta dist\u00e2ncia para sofrer a queda.<\/p>\n<p>E foram v\u00e1rias delas.<\/p>\n<p>V\u00e1rias tentativas de finaliza\u00e7\u00f5es de Ronda que foram bem defendidas por Miesha mas n\u00e3o teve jeito.<\/p>\n<p>&nbsp;<\/p>\n<figure id=\"attachment_9794\" aria-describedby=\"caption-attachment-9794\" style=\"width: 600px\" class=\"wp-caption aligncenter\"><a href=\"https:\/\/blogs.gazetaesportiva.com\/planeta-octogono\/files\/2013\/12\/995017_10152111521376276_1011778902_n.jpg\"><img loading=\"lazy\" decoding=\"async\" class=\" wp-image-9794 \" alt=\"Ronda domina Miesha no solo e finaliza no terceiro round - Divulga\u00e7\u00e3o UFC\/Josh Hedges\" src=\"https:\/\/blogs.gazetaesportiva.com\/planeta-octogono\/files\/2013\/12\/995017_10152111521376276_1011778902_n.jpg\" width=\"600\" height=\"432\" \/><\/a><figcaption id=\"caption-attachment-9794\" class=\"wp-caption-text\">Ronda domina Miesha no solo e finaliza no terceiro round &#8211; Divulga\u00e7\u00e3o UFC\/Josh Hedges<\/figcaption><\/figure>\n<p>&nbsp;<\/p>\n<p>No terceiro round mais uma vez a poderosa chave de bra\u00e7o de Ronda fez de Miesha mais uma v\u00edtima novamente.<\/p>\n<p>Uma grande vit\u00f3ria para Ronda que pelo primeira vez passou do primeiro round mas que ainda n\u00e3o lutou 5 rounds e pude observar que apesar do bom desempenho, a musa ainda vai precisar treinar seu cardio para o pr\u00f3ximo desafio.<\/p>\n<p>Fico feliz pelo combate que foi espetacular e provou mais uma vez a todos que as mulheres do MMA s\u00e3o verdadeiras guerreiras e nos proporcionam lutas de tirar o f\u00f4lego.<\/p>\n<p>&nbsp;<\/p>\n<figure id=\"attachment_9811\" aria-describedby=\"caption-attachment-9811\" style=\"width: 600px\" class=\"wp-caption aligncenter\"><a href=\"https:\/\/blogs.gazetaesportiva.com\/planeta-octogono\/files\/2013\/12\/1512520_10152111521646276_793108248_n.jpg\"><img loading=\"lazy\" decoding=\"async\" class=\" wp-image-9811 \" alt=\"Musas d\u00e3o show em combate no UFC 168 - Divulga\u00e7\u00e3o UFC\/Josh Hedges\" src=\"https:\/\/blogs.gazetaesportiva.com\/planeta-octogono\/files\/2013\/12\/1512520_10152111521646276_793108248_n.jpg\" width=\"600\" height=\"432\" \/><\/a><figcaption id=\"caption-attachment-9811\" class=\"wp-caption-text\">Musas d\u00e3o show em combate no UFC 168 &#8211; Divulga\u00e7\u00e3o UFC\/Josh Hedges<\/figcaption><\/figure>\n","protected":false},"excerpt":{"rendered":"<p>&nbsp; Neste \u00faltimo s\u00e1bado o UFC realizou seu \u00faltimo e t\u00e3o esperado evento em Las Vegas, o UFC 168. As duas lutas muito esperadas pelo <a class=\"read-more\" href=\"https:\/\/blogs.gazetaesportiva.com\/planeta-octogono\/2013\/12\/29\/mma-com-opiniao-fatalidade-nao-pode-esconder-dominio-de-weidman-sobre-anderson-silva\/\">leia mais<\/a><\/p>\n","protected":false},"author":33,"featured_media":9812,"comment_status":"open","ping_status":"open","sticky":false,"template":"","format":"standard","meta":{"jetpack_post_was_ever_published":false,"_jetpack_newsletter_access":"","_jetpack_dont_email_post_to_subs":false,"_jetpack_newsletter_tier_id":0,"_jetpack_memberships_contains_paywalled_content":false,"_jetpack_memberships_contains_paid_content":false,"footnotes":"","jetpack_publicize_message":"","jetpack_publicize_feature_enabled":true,"jetpack_social_post_already_shared":false,"jetpack_social_options":{"image_generator_settings":{"template":"highway","default_image_id":0,"font":"","enabled":false},"version":2}},"categories":[216],"tags":[],"class_list":["post-9809","post","type-post","status-publish","format-standard","has-post-thumbnail","hentry","category-mma-com-opiniao"],"jetpack_publicize_connections":[],"jetpack_featured_media_url":"https:\/\/blogs.gazetaesportiva.com\/planeta-octogono\/files\/2013\/12\/1491676_10152111520906276_987705648_n.jpg","jetpack_sharing_enabled":true,"jetpack_shortlink":"https:\/\/wp.me\/p6rqUQ-2yd","_links":{"self":[{"href":"https:\/\/blogs.gazetaesportiva.com\/planeta-octogono\/wp-json\/wp\/v2\/posts\/9809","targetHints":{"allow":["GET"]}}],"collection":[{"href":"https:\/\/blogs.gazetaesportiva.com\/planeta-octogono\/wp-json\/wp\/v2\/posts"}],"about":[{"href":"https:\/\/blogs.gazetaesportiva.com\/planeta-octogono\/wp-json\/wp\/v2\/types\/post"}],"author":[{"embeddable":true,"href":"https:\/\/blogs.gazetaesportiva.com\/planeta-octogono\/wp-json\/wp\/v2\/users\/33"}],"replies":[{"embeddable":true,"href":"https:\/\/blogs.gazetaesportiva.com\/planeta-octogono\/wp-json\/wp\/v2\/comments?post=9809"}],"version-history":[{"count":0,"href":"https:\/\/blogs.gazetaesportiva.com\/planeta-octogono\/wp-json\/wp\/v2\/posts\/9809\/revisions"}],"wp:featuredmedia":[{"embeddable":true,"href":"https:\/\/blogs.gazetaesportiva.com\/planeta-octogono\/wp-json\/wp\/v2\/media\/9812"}],"wp:attachment":[{"href":"https:\/\/blogs.gazetaesportiva.com\/planeta-octogono\/wp-json\/wp\/v2\/media?parent=9809"}],"wp:term":[{"taxonomy":"category","embeddable":true,"href":"https:\/\/blogs.gazetaesportiva.com\/planeta-octogono\/wp-json\/wp\/v2\/categories?post=9809"},{"taxonomy":"post_tag","embeddable":true,"href":"https:\/\/blogs.gazetaesportiva.com\/planeta-octogono\/wp-json\/wp\/v2\/tags?post=9809"}],"curies":[{"name":"wp","href":"https:\/\/api.w.org\/{rel}","templated":true}]}}