{"id":9803,"date":"2013-12-29T15:58:12","date_gmt":"2013-12-29T17:58:12","guid":{"rendered":"https:\/\/blogs.gazetaesportiva.com\/planeta-octogono\/?p=9803"},"modified":"2013-12-29T18:28:27","modified_gmt":"2013-12-29T20:28:27","slug":"apos-vitoria-no-ufc-168-ronda-rousey-enfrenta-sara-mcmann-em-fevereiro-no-ufc-170","status":"publish","type":"post","link":"https:\/\/blogs.gazetaesportiva.com\/planeta-octogono\/2013\/12\/29\/apos-vitoria-no-ufc-168-ronda-rousey-enfrenta-sara-mcmann-em-fevereiro-no-ufc-170\/","title":{"rendered":"Ap\u00f3s vit\u00f3ria no UFC 168, Ronda Rousey enfrenta Sara McMann em fevereiro no UFC 170"},"content":{"rendered":"<figure id=\"attachment_9727\" aria-describedby=\"caption-attachment-9727\" style=\"width: 600px\" class=\"wp-caption aligncenter\"><a href=\"https:\/\/blogs.gazetaesportiva.com\/planeta-octogono\/files\/2013\/12\/Ronda-Rousey-UFC-157-Pre-1.jpg\"><img loading=\"lazy\" decoding=\"async\" class=\"size-full wp-image-9727\" alt=\"Ronda n\u00e3o ter\u00e1 muito tempo para descansar - Divulga\u00e7\u00e3o UFC\/Josh Hedges\" src=\"https:\/\/blogs.gazetaesportiva.com\/planeta-octogono\/files\/2013\/12\/Ronda-Rousey-UFC-157-Pre-1.jpg\" width=\"600\" height=\"399\" \/><\/a><figcaption id=\"caption-attachment-9727\" class=\"wp-caption-text\">Ronda n\u00e3o ter\u00e1 muito tempo para descansar &#8211; Divulga\u00e7\u00e3o UFC\/Josh Hedges<\/figcaption><\/figure>\n<p>&nbsp;<\/p>\n<p>Ap\u00f3s a vit\u00f3ria de Ronda Rousey contra Miesha Tate no \u00faltimo s\u00e1bado, na edi\u00e7\u00e3o 168 do UFC, o Presidente da organiza\u00e7\u00e3o Dana White se apressou em revelar o futuro da lutadora.<\/p>\n<p>Em coletiva de imprensa ap\u00f3s o evento, Dana anunciou que Ronda j\u00e1 tem compromisso marcado para o UFC 170, que acontece dia 22 de fevereiro em Las Vegas.<\/p>\n<p>A luta ser\u00e1 o combate principal do evento que conta com o duelo entre Rashad Evans e Daniel Cormier na edi\u00e7\u00e3o e tamb\u00e9m a esperada luta entre Gilbert Melendez contra o russo Khabib Nurmagomedov.<\/p>\n<p>Pr\u00f3xima advers\u00e1ria de Ronda, Sara \u00e9 medalhista ol\u00edmpica de wrestling, conquistando a medalha de prata em 2004.<\/p>\n<p>Ronda tamb\u00e9m conquistou uma medalha mas no jud\u00f4 em 2008, sendo medalha de bronze.<\/p>\n<p>Com 33 anos e 7 vit\u00f3rias, Sara \u00e9 americana e vem de vit\u00f3ria sobre Sheila Gaff no UFC 159, realizado em abril deste ano.<\/p>\n<p>&nbsp;<\/p>\n<figure id=\"attachment_9794\" aria-describedby=\"caption-attachment-9794\" style=\"width: 600px\" class=\"wp-caption aligncenter\"><a href=\"https:\/\/blogs.gazetaesportiva.com\/planeta-octogono\/files\/2013\/12\/995017_10152111521376276_1011778902_n.jpg\"><img loading=\"lazy\" decoding=\"async\" class=\" wp-image-9794 \" alt=\"Ronda domina Miesha no solo e finaliza no terceiro round - Divulga\u00e7\u00e3o UFC\/Josh Hedges\" src=\"https:\/\/blogs.gazetaesportiva.com\/planeta-octogono\/files\/2013\/12\/995017_10152111521376276_1011778902_n.jpg\" width=\"600\" height=\"432\" \/><\/a><figcaption id=\"caption-attachment-9794\" class=\"wp-caption-text\">Ronda domina Miesha no solo e finaliza no terceiro round &#8211; Divulga\u00e7\u00e3o UFC\/Josh Hedges<\/figcaption><\/figure>\n<p>&nbsp;<\/p>\n<p style=\"text-align: center\"><strong><em>Conhe\u00e7a a pr\u00f3xima advers\u00e1ria de Ronda, Sara McMann:<\/em><\/strong><\/p>\n<p style=\"text-align: center\"><strong><em>[yframe url=&#8217;http:\/\/www.youtube.com\/watch?v=F9UFMSjdyOk&#8217;]\u00a0<\/em><\/strong><\/p>\n","protected":false},"excerpt":{"rendered":"<p>&nbsp; Ap\u00f3s a vit\u00f3ria de Ronda Rousey contra Miesha Tate no \u00faltimo s\u00e1bado, na edi\u00e7\u00e3o 168 do UFC, o Presidente da organiza\u00e7\u00e3o Dana White se <a class=\"read-more\" href=\"https:\/\/blogs.gazetaesportiva.com\/planeta-octogono\/2013\/12\/29\/apos-vitoria-no-ufc-168-ronda-rousey-enfrenta-sara-mcmann-em-fevereiro-no-ufc-170\/\">leia mais<\/a><\/p>\n","protected":false},"author":33,"featured_media":0,"comment_status":"open","ping_status":"open","sticky":false,"template":"","format":"standard","meta":{"jetpack_post_was_ever_published":false,"_jetpack_newsletter_access":"","_jetpack_dont_email_post_to_subs":false,"_jetpack_newsletter_tier_id":0,"_jetpack_memberships_contains_paywalled_content":false,"_jetpack_memberships_contains_paid_content":false,"footnotes":"","jetpack_publicize_message":"","jetpack_publicize_feature_enabled":true,"jetpack_social_post_already_shared":false,"jetpack_social_options":{"image_generator_settings":{"template":"highway","default_image_id":0,"font":"","enabled":false},"version":2}},"categories":[1],"tags":[],"class_list":["post-9803","post","type-post","status-publish","format-standard","hentry","category-principal"],"jetpack_publicize_connections":[],"jetpack_featured_media_url":"","jetpack_sharing_enabled":true,"jetpack_shortlink":"https:\/\/wp.me\/p6rqUQ-2y7","_links":{"self":[{"href":"https:\/\/blogs.gazetaesportiva.com\/planeta-octogono\/wp-json\/wp\/v2\/posts\/9803","targetHints":{"allow":["GET"]}}],"collection":[{"href":"https:\/\/blogs.gazetaesportiva.com\/planeta-octogono\/wp-json\/wp\/v2\/posts"}],"about":[{"href":"https:\/\/blogs.gazetaesportiva.com\/planeta-octogono\/wp-json\/wp\/v2\/types\/post"}],"author":[{"embeddable":true,"href":"https:\/\/blogs.gazetaesportiva.com\/planeta-octogono\/wp-json\/wp\/v2\/users\/33"}],"replies":[{"embeddable":true,"href":"https:\/\/blogs.gazetaesportiva.com\/planeta-octogono\/wp-json\/wp\/v2\/comments?post=9803"}],"version-history":[{"count":0,"href":"https:\/\/blogs.gazetaesportiva.com\/planeta-octogono\/wp-json\/wp\/v2\/posts\/9803\/revisions"}],"wp:attachment":[{"href":"https:\/\/blogs.gazetaesportiva.com\/planeta-octogono\/wp-json\/wp\/v2\/media?parent=9803"}],"wp:term":[{"taxonomy":"category","embeddable":true,"href":"https:\/\/blogs.gazetaesportiva.com\/planeta-octogono\/wp-json\/wp\/v2\/categories?post=9803"},{"taxonomy":"post_tag","embeddable":true,"href":"https:\/\/blogs.gazetaesportiva.com\/planeta-octogono\/wp-json\/wp\/v2\/tags?post=9803"}],"curies":[{"name":"wp","href":"https:\/\/api.w.org\/{rel}","templated":true}]}}