{"id":9799,"date":"2013-12-29T15:42:02","date_gmt":"2013-12-29T17:42:02","guid":{"rendered":"https:\/\/blogs.gazetaesportiva.com\/planeta-octogono\/?p=9799"},"modified":"2013-12-29T15:42:02","modified_gmt":"2013-12-29T17:42:02","slug":"pensando-em-weidman-vitor-belfort-lamenta-lesao-de-anderson-mas-mantem-foco-em-desafio-vamos-trazer-o-cinturao-para-o-brasil","status":"publish","type":"post","link":"https:\/\/blogs.gazetaesportiva.com\/planeta-octogono\/2013\/12\/29\/pensando-em-weidman-vitor-belfort-lamenta-lesao-de-anderson-mas-mantem-foco-em-desafio-vamos-trazer-o-cinturao-para-o-brasil\/","title":{"rendered":"Pensando em Weidman, Vitor Belfort lamenta les\u00e3o de Anderson mas mant\u00e9m foco em desafio: Vamos trazer o cintur\u00e3o para o Brasil!"},"content":{"rendered":"<figure id=\"attachment_9800\" aria-describedby=\"caption-attachment-9800\" style=\"width: 600px\" class=\"wp-caption aligncenter\"><a href=\"https:\/\/blogs.gazetaesportiva.com\/planeta-octogono\/files\/2013\/12\/1530471_10152111521951276_1999126305_n.jpg\"><img loading=\"lazy\" decoding=\"async\" class=\" wp-image-9800 \" alt=\"Vitor Belfort acompanhou juntamente de sua esposa Joana Prado e o ex jogador Ronaldo a derrota de Anderson Silva - Divulga\u00e7\u00e3o UFC\/Josh Hedges\" src=\"https:\/\/blogs.gazetaesportiva.com\/planeta-octogono\/files\/2013\/12\/1530471_10152111521951276_1999126305_n.jpg\" width=\"600\" height=\"432\" \/><\/a><figcaption id=\"caption-attachment-9800\" class=\"wp-caption-text\">Vitor Belfort acompanhou juntamente de sua esposa Joana Prado e o ex jogador Ronaldo a derrota de Anderson Silva &#8211; Divulga\u00e7\u00e3o UFC\/Josh Hedges<\/figcaption><\/figure>\n<p>&nbsp;<\/p>\n<p>Pr\u00f3ximo advers\u00e1rio do campe\u00e3o do UFC, Chris Weidman, Vitor Belfort lamentou a les\u00e3o sofrida por Anderson Silva neste \u00faltimo UFC 168.<\/p>\n<p>Pensando no futuro, o brasileiro focando seu pr\u00f3ximo desafio, mostrou seu desejo de recuperar o cintur\u00e3o dos m\u00e9dios para o pa\u00eds em seu pr\u00f3ximo combate.<\/p>\n<p>&#8220;Triste de terminar assim, imagino a dor que deve ser para um atleta sofrer uma les\u00e3o dessas. Lament\u00e1vel ver a dor dele no oct\u00f3gono.<\/p>\n<p>Senti uma dor dentro de mim, sei o quanto trabalhamos para isso, mas faz parte, s\u00e3o ossos do oficio, sabemos que pode acontecer. Triste saber que terminou dessa forma.<\/p>\n<p>Ali \u00e9 um trabalho. A inten\u00e7\u00e3o n\u00e3o \u00e9 quebrar ou machucar, \u00e9 ganhar.<\/p>\n<p>Terminar de uma maneira dessa \u00e9 triste, ficamos sentidos pelo atleta, somos atletas, sentimos na pele, s\u00f3 sabe quem passa ali dentro. \u00c9 triste.<\/p>\n<p>Esse ano, come\u00e7o do ano com certeza. A hora que me der a data, estou pronto. Essa luta j\u00e1 aconteceu aqui dentro.<\/p>\n<p>Os fortes usam a intelig\u00eancia, e os fracos usam a viol\u00eancia. A luta se ganha na mente, na intelig\u00eancia.<\/p>\n<p>A humanidade est\u00e1 precisando ter a grande for\u00e7a que \u00e9 ser inteligente, s\u00e1bio, fazer a coisa certa.<\/p>\n<p>Agora \u00e9 amassar as uvas para beber um bom vinho.\u00a0Vamos trazer o cintur\u00e3o para o Brasil, tenho confian\u00e7a na vit\u00f3ria, sou confiante, n\u00e3o tenho arrog\u00e2ncia, tenho plena confian\u00e7a no talento que Deus me deu e trabalho duro.<\/p>\n<p>Na minha vida meu pai falou algo que mexeu muito comigo: &#8220;Se algu\u00e9m te der algo, tem o direito de tirar, mas se voc\u00ea conquistar, ningu\u00e9m tira.&#8221; disse o lutador em entrevista ao site Combate.com.<\/p>\n<p>Vitor n\u00e3o quis revelar qual estrat\u00e9gia que ser\u00e1 adotada para o combate com Weidman que ainda n\u00e3o tem data marcada para acontecer.<\/p>\n<p>&#8220;Sou imprevis\u00edvel. Sou como um le\u00e3o. O le\u00e3o \u00e9 imprevis\u00edvel, faz v\u00e1rios tipos de ataques a qualquer momento e, quando ataca, \u00e9 para acabar.<\/p>\n<p>\u00c9 o pesco\u00e7o que a gente quer, a gente quer ganhar. Isso \u00e9 meu compromisso com a vit\u00f3ria. Davi, quando nocauteou Golias, fez o que em seguida?<\/p>\n<p>Adormeceu o gigante mas cortou o pesco\u00e7o. Muitos t\u00eam adormecido os problemas, mas temos que cortar o mal pela raiz.<\/p>\n<p>N\u00e3o podemos s\u00f3 nocautear, temos que acabar de vez com o problema.&#8221;disse o lutador.<\/p>\n<p>Belfort conquistou o direito de desafiar Weidman ap\u00f3s vencer tr\u00eas combates seguidos por nocaute no UFC.<\/p>\n<p>&nbsp;<\/p>\n<figure id=\"attachment_9801\" aria-describedby=\"caption-attachment-9801\" style=\"width: 600px\" class=\"wp-caption aligncenter\"><a href=\"https:\/\/blogs.gazetaesportiva.com\/planeta-octogono\/files\/2013\/12\/1086_10.16.2013_51620_ef_20131110.jpg\"><img loading=\"lazy\" decoding=\"async\" class=\" wp-image-9801 \" alt=\"\u00daltima vit\u00f3ria de Belfort foi contra Dan Henderson em Goi\u00e2nia - Alexandre Loureiro\/Inovafoto\" src=\"https:\/\/blogs.gazetaesportiva.com\/planeta-octogono\/files\/2013\/12\/1086_10.16.2013_51620_ef_20131110.jpg\" width=\"600\" height=\"432\" \/><\/a><figcaption id=\"caption-attachment-9801\" class=\"wp-caption-text\">\u00daltima vit\u00f3ria de Belfort foi contra Dan Henderson em Goi\u00e2nia &#8211; Alexandre Loureiro\/Inovafoto<\/figcaption><\/figure>\n","protected":false},"excerpt":{"rendered":"<p>&nbsp; Pr\u00f3ximo advers\u00e1rio do campe\u00e3o do UFC, Chris Weidman, Vitor Belfort lamentou a les\u00e3o sofrida por Anderson Silva neste \u00faltimo UFC 168. Pensando no futuro, <a class=\"read-more\" href=\"https:\/\/blogs.gazetaesportiva.com\/planeta-octogono\/2013\/12\/29\/pensando-em-weidman-vitor-belfort-lamenta-lesao-de-anderson-mas-mantem-foco-em-desafio-vamos-trazer-o-cinturao-para-o-brasil\/\">leia mais<\/a><\/p>\n","protected":false},"author":33,"featured_media":9801,"comment_status":"open","ping_status":"open","sticky":false,"template":"","format":"standard","meta":{"jetpack_post_was_ever_published":false,"_jetpack_newsletter_access":"","_jetpack_dont_email_post_to_subs":false,"_jetpack_newsletter_tier_id":0,"_jetpack_memberships_contains_paywalled_content":false,"_jetpack_memberships_contains_paid_content":false,"footnotes":"","jetpack_publicize_message":"","jetpack_publicize_feature_enabled":true,"jetpack_social_post_already_shared":false,"jetpack_social_options":{"image_generator_settings":{"template":"highway","default_image_id":0,"font":"","enabled":false},"version":2}},"categories":[1],"tags":[],"class_list":["post-9799","post","type-post","status-publish","format-standard","has-post-thumbnail","hentry","category-principal"],"jetpack_publicize_connections":[],"jetpack_featured_media_url":"https:\/\/blogs.gazetaesportiva.com\/planeta-octogono\/files\/2013\/12\/1086_10.16.2013_51620_ef_20131110.jpg","jetpack_sharing_enabled":true,"jetpack_shortlink":"https:\/\/wp.me\/p6rqUQ-2y3","_links":{"self":[{"href":"https:\/\/blogs.gazetaesportiva.com\/planeta-octogono\/wp-json\/wp\/v2\/posts\/9799","targetHints":{"allow":["GET"]}}],"collection":[{"href":"https:\/\/blogs.gazetaesportiva.com\/planeta-octogono\/wp-json\/wp\/v2\/posts"}],"about":[{"href":"https:\/\/blogs.gazetaesportiva.com\/planeta-octogono\/wp-json\/wp\/v2\/types\/post"}],"author":[{"embeddable":true,"href":"https:\/\/blogs.gazetaesportiva.com\/planeta-octogono\/wp-json\/wp\/v2\/users\/33"}],"replies":[{"embeddable":true,"href":"https:\/\/blogs.gazetaesportiva.com\/planeta-octogono\/wp-json\/wp\/v2\/comments?post=9799"}],"version-history":[{"count":0,"href":"https:\/\/blogs.gazetaesportiva.com\/planeta-octogono\/wp-json\/wp\/v2\/posts\/9799\/revisions"}],"wp:featuredmedia":[{"embeddable":true,"href":"https:\/\/blogs.gazetaesportiva.com\/planeta-octogono\/wp-json\/wp\/v2\/media\/9801"}],"wp:attachment":[{"href":"https:\/\/blogs.gazetaesportiva.com\/planeta-octogono\/wp-json\/wp\/v2\/media?parent=9799"}],"wp:term":[{"taxonomy":"category","embeddable":true,"href":"https:\/\/blogs.gazetaesportiva.com\/planeta-octogono\/wp-json\/wp\/v2\/categories?post=9799"},{"taxonomy":"post_tag","embeddable":true,"href":"https:\/\/blogs.gazetaesportiva.com\/planeta-octogono\/wp-json\/wp\/v2\/tags?post=9799"}],"curies":[{"name":"wp","href":"https:\/\/api.w.org\/{rel}","templated":true}]}}