{"id":9786,"date":"2013-12-29T12:22:22","date_gmt":"2013-12-29T14:22:22","guid":{"rendered":"https:\/\/blogs.gazetaesportiva.com\/planeta-octogono\/?p=9786"},"modified":"2013-12-29T15:25:23","modified_gmt":"2013-12-29T17:25:23","slug":"anderson-silva-e-operado-e-pede-desculpas-por-rede-social","status":"publish","type":"post","link":"https:\/\/blogs.gazetaesportiva.com\/planeta-octogono\/2013\/12\/29\/anderson-silva-e-operado-e-pede-desculpas-por-rede-social\/","title":{"rendered":"Anderson Silva \u00e9 operado com sucesso e pede desculpas por rede social"},"content":{"rendered":"<figure id=\"attachment_9779\" aria-describedby=\"caption-attachment-9779\" style=\"width: 432px\" class=\"wp-caption aligncenter\"><a href=\"https:\/\/blogs.gazetaesportiva.com\/planeta-octogono\/files\/2013\/12\/ufc168-1.jpg\"><img loading=\"lazy\" decoding=\"async\" class=\" wp-image-9779 \" alt=\"Brasileiros s\u00e3o derrotados em evento - Divulga\u00e7\u00e3o UFC\" src=\"https:\/\/blogs.gazetaesportiva.com\/planeta-octogono\/files\/2013\/12\/ufc168-1.jpg\" width=\"432\" height=\"600\" \/><\/a><figcaption id=\"caption-attachment-9779\" class=\"wp-caption-text\">Brasileiros s\u00e3o derrotados em evento &#8211; Divulga\u00e7\u00e3o UFC<\/figcaption><\/figure>\n<p>&nbsp;<\/p>\n<p>Ap\u00f3s fracassar na tentativa de reconquistar o t\u00edtulo mundial dos m\u00e9dios do UFC, Anderson Silva foi submetido a uma cirurgia para corrigir a fratura da t\u00edbia no segundo round do combate deste s\u00e1bado contra o norte-americano Chris Weidman. O procedimento foi considerado um sucesso. O prazo de recupera\u00e7\u00e3o deve variar entre tr\u00eas e seis meses.<\/p>\n<p>&#8220;Ap\u00f3s o fato ocorrido na noite deste s\u00e1bado no UFC 168, o ex-campe\u00e3o Anderson Silva foi levado a um hospital em Las Vegas, onde passou por uma cirurgia para reparar a perna esquerda quebrada. A opera\u00e7\u00e3o, conduzida pelo dr. Steven Sanders, cirurgi\u00e3o ortop\u00e9dico do UFC, foi um sucesso. Foi inserida uma haste intramedular na t\u00edbia esquerda de Anderson. A f\u00edbula quebrada foi estabilizada e n\u00e3o requer uma cirurgia separada. Anderson permanecer\u00e1 um tempo curto no hospital, mas nenhuma opera\u00e7\u00e3o adicional est\u00e1 prevista neste momento. O tempo de recupera\u00e7\u00e3o para essas les\u00f5es varia entre tr\u00eas e seis meses&#8221;, explicou nota oficial do UFC.<\/p>\n<p>Anderson Silva j\u00e1 se manifestou atrav\u00e9s de suas redes sociais. O ex-campe\u00e3o mandou um recado aos f\u00e3s e, apesar de ter sido v\u00edtima de uma fatalidade, pediu desculpas.<\/p>\n<p>&#8220;Brasil, sinto muito, eu n\u00e3o queria ter desapontado, dei o meu melhor, eu juro&#8221;, postou o Spider, que sofreu o segundo rev\u00e9s consecutivo diante de Weidman.<\/p>\n<figure id=\"attachment_9780\" aria-describedby=\"caption-attachment-9780\" style=\"width: 600px\" class=\"wp-caption aligncenter\"><a href=\"https:\/\/blogs.gazetaesportiva.com\/planeta-octogono\/files\/2013\/12\/lesaoanderson.jpg\"><img loading=\"lazy\" decoding=\"async\" class=\" wp-image-9780 \" alt=\"Anderson grita de dor ap\u00f3s derrota - Divulga\u00e7\u00e3o ESPN\/Sportscenter\" src=\"https:\/\/blogs.gazetaesportiva.com\/planeta-octogono\/files\/2013\/12\/lesaoanderson.jpg\" width=\"600\" height=\"432\" \/><\/a><figcaption id=\"caption-attachment-9780\" class=\"wp-caption-text\">Anderson grita de dor ap\u00f3s derrota &#8211; Divulga\u00e7\u00e3o ESPN\/Sportscenter<\/figcaption><\/figure>\n<p>&nbsp;<\/p>\n<div><\/div>\n","protected":false},"excerpt":{"rendered":"<p>&nbsp; Ap\u00f3s fracassar na tentativa de reconquistar o t\u00edtulo mundial dos m\u00e9dios do UFC, Anderson Silva foi submetido a uma cirurgia para corrigir a fratura <a class=\"read-more\" href=\"https:\/\/blogs.gazetaesportiva.com\/planeta-octogono\/2013\/12\/29\/anderson-silva-e-operado-e-pede-desculpas-por-rede-social\/\">leia mais<\/a><\/p>\n","protected":false},"author":3,"featured_media":0,"comment_status":"open","ping_status":"open","sticky":false,"template":"","format":"standard","meta":{"jetpack_post_was_ever_published":false,"_jetpack_newsletter_access":"","_jetpack_dont_email_post_to_subs":false,"_jetpack_newsletter_tier_id":0,"_jetpack_memberships_contains_paywalled_content":false,"_jetpack_memberships_contains_paid_content":false,"footnotes":"","jetpack_publicize_message":"","jetpack_publicize_feature_enabled":true,"jetpack_social_post_already_shared":false,"jetpack_social_options":{"image_generator_settings":{"template":"highway","default_image_id":0,"font":"","enabled":false},"version":2}},"categories":[1],"tags":[],"class_list":["post-9786","post","type-post","status-publish","format-standard","hentry","category-principal"],"jetpack_publicize_connections":[],"jetpack_featured_media_url":"","jetpack_sharing_enabled":true,"jetpack_shortlink":"https:\/\/wp.me\/p6rqUQ-2xQ","_links":{"self":[{"href":"https:\/\/blogs.gazetaesportiva.com\/planeta-octogono\/wp-json\/wp\/v2\/posts\/9786","targetHints":{"allow":["GET"]}}],"collection":[{"href":"https:\/\/blogs.gazetaesportiva.com\/planeta-octogono\/wp-json\/wp\/v2\/posts"}],"about":[{"href":"https:\/\/blogs.gazetaesportiva.com\/planeta-octogono\/wp-json\/wp\/v2\/types\/post"}],"author":[{"embeddable":true,"href":"https:\/\/blogs.gazetaesportiva.com\/planeta-octogono\/wp-json\/wp\/v2\/users\/3"}],"replies":[{"embeddable":true,"href":"https:\/\/blogs.gazetaesportiva.com\/planeta-octogono\/wp-json\/wp\/v2\/comments?post=9786"}],"version-history":[{"count":0,"href":"https:\/\/blogs.gazetaesportiva.com\/planeta-octogono\/wp-json\/wp\/v2\/posts\/9786\/revisions"}],"wp:attachment":[{"href":"https:\/\/blogs.gazetaesportiva.com\/planeta-octogono\/wp-json\/wp\/v2\/media?parent=9786"}],"wp:term":[{"taxonomy":"category","embeddable":true,"href":"https:\/\/blogs.gazetaesportiva.com\/planeta-octogono\/wp-json\/wp\/v2\/categories?post=9786"},{"taxonomy":"post_tag","embeddable":true,"href":"https:\/\/blogs.gazetaesportiva.com\/planeta-octogono\/wp-json\/wp\/v2\/tags?post=9786"}],"curies":[{"name":"wp","href":"https:\/\/api.w.org\/{rel}","templated":true}]}}