{"id":9762,"date":"2013-12-28T12:04:58","date_gmt":"2013-12-28T14:04:58","guid":{"rendered":"https:\/\/blogs.gazetaesportiva.com\/planeta-octogono\/?p=9762"},"modified":"2013-12-28T12:07:16","modified_gmt":"2013-12-28T14:07:16","slug":"com-campeoes-vaiados-pesagem-do-ufc-168-tem-tensao-entre-mulheres-e-discussao-entre-diego-brandao-com-dustin-poirier-em-las-vegas","status":"publish","type":"post","link":"https:\/\/blogs.gazetaesportiva.com\/planeta-octogono\/2013\/12\/28\/com-campeoes-vaiados-pesagem-do-ufc-168-tem-tensao-entre-mulheres-e-discussao-entre-diego-brandao-com-dustin-poirier-em-las-vegas\/","title":{"rendered":"Com campe\u00f5es vaiados, Pesagem do UFC 168 tem tens\u00e3o entre mulheres e discuss\u00e3o entre Diego Brand\u00e3o com Dustin Poirier em Las Vegas"},"content":{"rendered":"<figure id=\"attachment_9763\" aria-describedby=\"caption-attachment-9763\" style=\"width: 600px\" class=\"wp-caption aligncenter\"><a href=\"https:\/\/blogs.gazetaesportiva.com\/planeta-octogono\/files\/2013\/12\/1520598_10152108992111276_304163683_n.jpg\"><img loading=\"lazy\" decoding=\"async\" class=\" wp-image-9763 \" alt=\"Anderson encara Weidman com guarda alta - Divulga\u00e7\u00e3o UFC\/Josh Hedges\" src=\"https:\/\/blogs.gazetaesportiva.com\/planeta-octogono\/files\/2013\/12\/1520598_10152108992111276_304163683_n.jpg\" width=\"600\" height=\"432\" \/><\/a><figcaption id=\"caption-attachment-9763\" class=\"wp-caption-text\">Anderson encara Weidman com guarda alta &#8211; Divulga\u00e7\u00e3o UFC\/Josh Hedges<\/figcaption><\/figure>\n<p>&nbsp;<\/p>\n<p>O UFC realizou nesta sexta feira a pesagem oficial de seu \u00faltimo evento neste ano.<\/p>\n<p>Contando com dusa grandes lutas de cintur\u00e3o, o evento agitou a cidade de Las Vegas e teve um grande p\u00fablico presente no MGM Grand Garden Arena.<\/p>\n<p>Mostrando muito respeito e evitando protagonizar mais um &#8220;selinho&#8221; como aconteceu no primeiro combate, Anderson Silva e Chris Weidman se encararam diante de muitos brasileiros que marcaram grande presen\u00e7a na Arena.<\/p>\n<p>Com vaias e gritos de &#8220;Uh vai morrer&#8221; a torcida brasileira incentivou os atletas brasileiros em especial Anderson Silva.<\/p>\n<p>Mostrando foco, o brasileiro levantou a guarda e encarou Weidman que tentou intimidar o lutador.<\/p>\n<p>Em entrevista na pesagem, Anderson prometeu trazer de volta o cintur\u00e3o para o Brasil.<\/p>\n<p>&#8220;O cintur\u00e3o vai voltar!\u00a0Vai ser um bom show para os f\u00e3s.&#8221; disse \u00a0brasileiro.<\/p>\n<p>Weidman tamb\u00e9m mostrou confian\u00e7a e espera mostrar mais uma vez que n\u00e3o venceu Anderson por acaso.<\/p>\n<p>&#8220;\u00c9\u00a0a maior luta da minha vida. Agora \u00e9 a minha vez, ele j\u00e1 teve a vez dele. Agora \u00e9 a minha hora, e eu vou mostrar isso amanh\u00e3.&#8221; disse o americano.<\/p>\n<p>Maduro, Anderson est\u00e1 pronto para a grande revanche e espera mostrar que pode vencer o lutador que conseguiu acabar com uma s\u00e9rie invenc\u00edvel no UFC.<\/p>\n<p>&nbsp;<\/p>\n<p style=\"text-align: center\">[yframe url=&#8217;www.youtube.com\/watch?v=G036vLFXkl8&#8242;]<\/p>\n<p style=\"text-align: center\">\n<figure id=\"attachment_9764\" aria-describedby=\"caption-attachment-9764\" style=\"width: 600px\" class=\"wp-caption aligncenter\"><a href=\"https:\/\/blogs.gazetaesportiva.com\/planeta-octogono\/files\/2013\/12\/1520801_10152109312531276_627224603_n.jpg\"><img loading=\"lazy\" decoding=\"async\" class=\" wp-image-9764 \" alt=\"Torcida marca presen\u00e7a em pesagem do UFC nesta sexta feira - Divulga\u00e7\u00e3o UFC\" src=\"https:\/\/blogs.gazetaesportiva.com\/planeta-octogono\/files\/2013\/12\/1520801_10152109312531276_627224603_n.jpg\" width=\"600\" height=\"432\" \/><\/a><figcaption id=\"caption-attachment-9764\" class=\"wp-caption-text\">Torcida marca presen\u00e7a em pesagem do UFC nesta sexta feira &#8211; Divulga\u00e7\u00e3o UFC<\/figcaption><\/figure>\n<p>&nbsp;<\/p>\n<p>Na esperada revanche entre as mulheres, a campe\u00e3 Ronda Rousey encarou com tens\u00e3o e seriedade sua rival e compatriota Miesha Tate.<\/p>\n<p>Em uma encarada tensa, as lutadoras prometem um grande combate que est\u00e1 cercado de muita tens\u00e3o desde o primeiro confronto entre as lutadoras no extinto evento Strikeforce e com a participa\u00e7\u00e3o de ambas na \u00faltima edi\u00e7\u00e3o do reality show de lutas do UFC, The Ultimate Fighter.<\/p>\n<p>&nbsp;<\/p>\n<p style=\"text-align: center\">[yframe url=&#8217;www.youtube.com\/watch?v=gfLNrtJQSdQ&#8217;]<\/p>\n<p style=\"text-align: center\">\n<figure id=\"attachment_9765\" aria-describedby=\"caption-attachment-9765\" style=\"width: 600px\" class=\"wp-caption aligncenter\"><a href=\"https:\/\/blogs.gazetaesportiva.com\/planeta-octogono\/files\/2013\/12\/1545610_10152108992071276_923228360_n.jpg\"><img loading=\"lazy\" decoding=\"async\" class=\" wp-image-9765 \" alt=\"Ronda e Miesha se encaram na pesagem - Divulga\u00e7\u00e3o UFC\/Josh Hedges\" src=\"https:\/\/blogs.gazetaesportiva.com\/planeta-octogono\/files\/2013\/12\/1545610_10152108992071276_923228360_n.jpg\" width=\"600\" height=\"432\" \/><\/a><figcaption id=\"caption-attachment-9765\" class=\"wp-caption-text\">Ronda e Miesha se encaram na pesagem &#8211; Divulga\u00e7\u00e3o UFC\/Josh Hedges<\/figcaption><\/figure>\n<p>&nbsp;<\/p>\n<p>O brasileiro Diego Brand\u00e3o teve problemas para este combate no UFC 168.<\/p>\n<p>Ap\u00f3s revelar que sofreu um acidente automobil\u00edstico mas que estava pronto para lutar, Diego n\u00e3o bateu o peso na pesagem.<\/p>\n<p>O lutador ap\u00f3s uma hora atingiu cerca de 68 kg, 2 quilos acima do limite permitido e foi multado pelo UFC em 25% de sua bolsa.<\/p>\n<p>Furioso ao saber do acontecido, seu oponente o americano Dustin Poirier discutiu com o brasileiro e ambos precisaram ser contidos pelo Presidente do UFC, Dana White.<\/p>\n<p>Diego contou um pouco sobre sua vida nos Estados Unidos e seu treinamento para este duro combate.<\/p>\n<p>&nbsp;<\/p>\n<p style=\"text-align: center\">[yframe url=&#8217;www.youtube.com\/watch?v=1uexb7KiZ58&#8242;]<\/p>\n<p style=\"text-align: center\">\n<figure id=\"attachment_9766\" aria-describedby=\"caption-attachment-9766\" style=\"width: 600px\" class=\"wp-caption aligncenter\"><a href=\"https:\/\/blogs.gazetaesportiva.com\/planeta-octogono\/files\/2013\/12\/1476590_10152108991316276_152622468_n.jpg\"><img loading=\"lazy\" decoding=\"async\" class=\" wp-image-9766 \" alt=\"Dustin Poirier discute com Diego Brand\u00e3o (direita) em pesagem - Divulga\u00e7\u00e3o UFC\/Josh Hedges\" src=\"https:\/\/blogs.gazetaesportiva.com\/planeta-octogono\/files\/2013\/12\/1476590_10152108991316276_152622468_n.jpg\" width=\"600\" height=\"432\" \/><\/a><figcaption id=\"caption-attachment-9766\" class=\"wp-caption-text\">Dustin Poirier discute com Diego Brand\u00e3o (direita) em pesagem &#8211; Divulga\u00e7\u00e3o UFC\/Josh Hedges<\/figcaption><\/figure>\n<p>&nbsp;<\/p>\n<p>Outros brasileiros participam do evento como William Patolino, Gleison Tibau e Fabr\u00edcio Morango totalizando cinco brasileiros na edi\u00e7\u00e3o.<\/p>\n<p>O UFC acontece neste s\u00e1bado no mesmo local da pesagem, no MGM Grand Garden Arena.<\/p>\n<p>O evento ser\u00e1 transmitido pela Rede Globo, que transmite o combate principal do evento com um atraso de 30 minutos, \u00e1s 3 da manh\u00e3 (hor\u00e1rio de Bras\u00edlia) mediante a cl\u00e1usula contratual com o UFC.<\/p>\n<p>A transmiss\u00e3o ter\u00e1 Cl\u00e9ber Machado na narra\u00e7\u00e3o com os coment\u00e1rios de J\u00fanior Cigano, ex campe\u00e3o dos pesados do UFC.<\/p>\n<p>&nbsp;<\/p>\n<figure id=\"attachment_9769\" aria-describedby=\"caption-attachment-9769\" style=\"width: 600px\" class=\"wp-caption aligncenter\"><a href=\"https:\/\/blogs.gazetaesportiva.com\/planeta-octogono\/files\/2013\/12\/1531804_10152108990431276_855175914_n.jpg\"><img loading=\"lazy\" decoding=\"async\" class=\" wp-image-9769 \" alt=\"UFC investe pesado em produ\u00e7\u00e3o de pesagem - Divulga\u00e7\u00e3o UFC\" src=\"https:\/\/blogs.gazetaesportiva.com\/planeta-octogono\/files\/2013\/12\/1531804_10152108990431276_855175914_n.jpg\" width=\"600\" height=\"432\" \/><\/a><figcaption id=\"caption-attachment-9769\" class=\"wp-caption-text\">UFC investe pesado em produ\u00e7\u00e3o de pesagem &#8211; Divulga\u00e7\u00e3o UFC<\/figcaption><\/figure>\n<p>&nbsp;<\/p>\n<p style=\"text-align: center\"><strong><em>Veja o card do evento:<\/em><\/strong><\/p>\n<p style=\"text-align: center\"><strong><em>UFC 168 &#8211; Weidman vs Silva<\/em><\/strong><\/p>\n<p style=\"text-align: center\"><strong><em>MGM Grand Garden Arena, Las Vegas, Estados Unidos<\/em><\/strong><\/p>\n<p style=\"text-align: center\"><strong><em>S\u00e1bado, 28 de dezembro de 2013<\/em><\/strong><\/p>\n<p style=\"text-align: center\"><strong><em>Card principal<\/em><\/strong><br \/>\n<strong><em>Chris Weidman x\u00a0Anderson Silva<\/em><\/strong><br \/>\n<strong><em>Ronda Rousey x Miesha Tate<\/em><\/strong><br \/>\n<strong><em>Josh Barnett x Travis Browne<\/em><\/strong><br \/>\n<strong><em>Jim Miller x\u00a0Fabr\u00edcio Morango<\/em><\/strong><br \/>\n<strong><em>Dustin Poirier x\u00a0Diego Brand\u00e3o<\/em><\/strong><\/p>\n<p style=\"text-align: center\"><strong><em>Card preliminar<\/em><\/strong><br \/>\n<strong><em>Chris Leben x Uriah Hall<\/em><\/strong><br \/>\n<strong><em>Gleison Tibau\u00a0x Michael Johnson<\/em><\/strong><br \/>\n<strong><em>Dennis Siver x Manny Gamburyan<\/em><\/strong><br \/>\n<strong><em>John Howard x Siyar Bahadurzada<\/em><\/strong><br \/>\n<strong><em>William Patolino\u00a0x Bobby Voelker<\/em><\/strong><br \/>\n<strong><em>Robbie Peralta x Estevan Payan<\/em><\/strong><\/p>\n<p style=\"text-align: center\"><strong><em>Veja a pesagem na \u00edntegra:<\/em><\/strong><\/p>\n<p style=\"text-align: center\"><strong><em>[yframe url=&#8217;www.youtube.com\/watch?v=vODCySYFaUU&#8217;]<\/em><\/strong><\/p>\n<p style=\"text-align: center\"><strong><em>Veja por outro angulo os melhores momentos da pesagem:<\/em><\/strong><\/p>\n<p style=\"text-align: center\"><strong><em>[yframe url=&#8217;www.youtube.com\/watch?v=bgpVR18vctY&#8217;]<\/em><\/strong><\/p>\n<p style=\"text-align: center\"><strong><em>Assista o programa Contagem Regressiva do UFC 168:<\/em><\/strong><\/p>\n<p style=\"text-align: center\"><strong><em>[yframe url=&#8217;www.youtube.com\/watch?v=6Es7cAw9Zuw&#8217;]<\/em><\/strong><\/p>\n","protected":false},"excerpt":{"rendered":"<p>&nbsp; O UFC realizou nesta sexta feira a pesagem oficial de seu \u00faltimo evento neste ano. Contando com dusa grandes lutas de cintur\u00e3o, o evento <a class=\"read-more\" href=\"https:\/\/blogs.gazetaesportiva.com\/planeta-octogono\/2013\/12\/28\/com-campeoes-vaiados-pesagem-do-ufc-168-tem-tensao-entre-mulheres-e-discussao-entre-diego-brandao-com-dustin-poirier-em-las-vegas\/\">leia mais<\/a><\/p>\n","protected":false},"author":33,"featured_media":9769,"comment_status":"open","ping_status":"open","sticky":false,"template":"","format":"standard","meta":{"jetpack_post_was_ever_published":false,"_jetpack_newsletter_access":"","_jetpack_dont_email_post_to_subs":false,"_jetpack_newsletter_tier_id":0,"_jetpack_memberships_contains_paywalled_content":false,"_jetpack_memberships_contains_paid_content":false,"footnotes":"","jetpack_publicize_message":"","jetpack_publicize_feature_enabled":true,"jetpack_social_post_already_shared":false,"jetpack_social_options":{"image_generator_settings":{"template":"highway","default_image_id":0,"font":"","enabled":false},"version":2}},"categories":[1],"tags":[],"class_list":["post-9762","post","type-post","status-publish","format-standard","has-post-thumbnail","hentry","category-principal"],"jetpack_publicize_connections":[],"jetpack_featured_media_url":"https:\/\/blogs.gazetaesportiva.com\/planeta-octogono\/files\/2013\/12\/1531804_10152108990431276_855175914_n.jpg","jetpack_sharing_enabled":true,"jetpack_shortlink":"https:\/\/wp.me\/p6rqUQ-2xs","_links":{"self":[{"href":"https:\/\/blogs.gazetaesportiva.com\/planeta-octogono\/wp-json\/wp\/v2\/posts\/9762","targetHints":{"allow":["GET"]}}],"collection":[{"href":"https:\/\/blogs.gazetaesportiva.com\/planeta-octogono\/wp-json\/wp\/v2\/posts"}],"about":[{"href":"https:\/\/blogs.gazetaesportiva.com\/planeta-octogono\/wp-json\/wp\/v2\/types\/post"}],"author":[{"embeddable":true,"href":"https:\/\/blogs.gazetaesportiva.com\/planeta-octogono\/wp-json\/wp\/v2\/users\/33"}],"replies":[{"embeddable":true,"href":"https:\/\/blogs.gazetaesportiva.com\/planeta-octogono\/wp-json\/wp\/v2\/comments?post=9762"}],"version-history":[{"count":0,"href":"https:\/\/blogs.gazetaesportiva.com\/planeta-octogono\/wp-json\/wp\/v2\/posts\/9762\/revisions"}],"wp:featuredmedia":[{"embeddable":true,"href":"https:\/\/blogs.gazetaesportiva.com\/planeta-octogono\/wp-json\/wp\/v2\/media\/9769"}],"wp:attachment":[{"href":"https:\/\/blogs.gazetaesportiva.com\/planeta-octogono\/wp-json\/wp\/v2\/media?parent=9762"}],"wp:term":[{"taxonomy":"category","embeddable":true,"href":"https:\/\/blogs.gazetaesportiva.com\/planeta-octogono\/wp-json\/wp\/v2\/categories?post=9762"},{"taxonomy":"post_tag","embeddable":true,"href":"https:\/\/blogs.gazetaesportiva.com\/planeta-octogono\/wp-json\/wp\/v2\/tags?post=9762"}],"curies":[{"name":"wp","href":"https:\/\/api.w.org\/{rel}","templated":true}]}}