{"id":9758,"date":"2013-12-28T11:02:35","date_gmt":"2013-12-28T13:02:35","guid":{"rendered":"https:\/\/blogs.gazetaesportiva.com\/planeta-octogono\/?p=9758"},"modified":"2013-12-28T11:02:35","modified_gmt":"2013-12-28T13:02:35","slug":"em-visita-a-russia-jon-jones-promete-parar-glover-teixeira-e-analisa-erros-em-luta-com-gustafsson-nao-treinei-como-queria","status":"publish","type":"post","link":"https:\/\/blogs.gazetaesportiva.com\/planeta-octogono\/2013\/12\/28\/em-visita-a-russia-jon-jones-promete-parar-glover-teixeira-e-analisa-erros-em-luta-com-gustafsson-nao-treinei-como-queria\/","title":{"rendered":"Em visita a R\u00fassia, Jon Jones promete parar Glover Teixeira e analisa erros em luta com Gustafsson: N\u00e3o treinei como queria!"},"content":{"rendered":"<figure id=\"attachment_9759\" aria-describedby=\"caption-attachment-9759\" style=\"width: 639px\" class=\"wp-caption aligncenter\"><a href=\"https:\/\/blogs.gazetaesportiva.com\/planeta-octogono\/files\/2013\/12\/jonjones.jpg\"><img loading=\"lazy\" decoding=\"async\" class=\"size-full wp-image-9759\" alt=\"Jones faz elogios a brasileiro e fala sobre erros cometidos em combate com Gustafsson - Reprodu\u00e7\u00e3o Youtube\" src=\"https:\/\/blogs.gazetaesportiva.com\/planeta-octogono\/files\/2013\/12\/jonjones.jpg\" width=\"639\" height=\"357\" \/><\/a><figcaption id=\"caption-attachment-9759\" class=\"wp-caption-text\">Jones faz elogios a brasileiro e fala sobre erros cometidos em combate com Gustafsson &#8211; Reprodu\u00e7\u00e3o Youtube<\/figcaption><\/figure>\n<p>&nbsp;<\/p>\n<p>Em passagem por Moscou, o campe\u00e3o do UFC, Jon Jones comentou sobre seu pr\u00f3ximo desafio na organiza\u00e7\u00e3o.<\/p>\n<p>Enfrentando o brasileiro Glover Teixeira, Jones que ministrou um semin\u00e1rio na capital russa, fez elogios ao brasileiro que ser\u00e1 seu pr\u00f3ximo oponente no UFC.<\/p>\n<p>&#8220;Glover \u00e9 um lutador muito duro. N\u00e3o acredito que ele \u00e9 um oponente f\u00e1cil.<\/p>\n<p>Ele venceu 20 lutas seguidas. Mas sua sequ\u00eancia de vit\u00f3rias vai parar em mim. Tenho certeza que ser\u00e1 um duro teste para mim.&#8221; disse Jones em entrevista ao site russo Blood and Sweet.<\/p>\n<p>Jones tamb\u00e9m n\u00e3o esqueceu sobre seu \u00faltimo combate no UFC 165, aonde teve dificuldades para vencer o sueco Alexander Gustafsson.<\/p>\n<p>Para o americano, erros cometidos por ele mesmo trouxeram problemas para o campe\u00e3o.<\/p>\n<p>Jones fez uma an\u00e1lise sobre sua performance no duelo contra seu \u00faltimo oponente.<\/p>\n<p>&#8220;Tudo n\u00e3o aconteceu como eu queria. Senti que meu jogo estava desligado. Eu n\u00e3o gosto de dar desculpas. Gustafsson fez um bom trabalho, estava em forma pronto para lutar pelo t\u00edtulo.<\/p>\n<p>Normalmente eu treino quatro vezes todos os dias exceto s\u00e1bados e domingos. Mas desta vez s\u00f3 treinei duas vezes.<\/p>\n<p>Isto n\u00e3o \u00e9 normal at\u00e9 porque eu gosto de dar chutes mas desta vez eu tentava achar o tempo ideal para chutar e n\u00e3o conseguia por alguma raz\u00e3o.<\/p>\n<p>Mas s\u00e3o algumas raz\u00f5es. Meu corpo &#8220;gordo&#8221;, normalmente eu des\u00e7o de peso 4 semanas antes da luta e desta vez s\u00f3 conseguiu com 2 semanas antes atingir um n\u00edvel f\u00edsico ideal.<\/p>\n<p>Por\u00e9m volto a dizer que odeio dar desculpas. \u00a0Mas eu e meus treinadores sabemos que nosso treino e jogo n\u00e3o estavam funcionando.<\/p>\n<p>Tenho certeza que na pr\u00f3xima vou estar 100% e agora ap\u00f3s esta luta com Gustafsson eu recuperei minha motiva\u00e7\u00e3o.<\/p>\n<p>Irei realizar meu camp e vou dominar ele (Gustafsson) na pr\u00f3xima luta.&#8221; prometeu Jones.<\/p>\n<p>O combate contra Glover ainda n\u00e3o tem uma data oficialmente definida. O UFC chegou a anunciar uma data mas acabou voltando atr\u00e1s e n\u00e3o confirmou quando Jones e Glover se enfrentam.<\/p>\n<p>&nbsp;<\/p>\n<p>&nbsp;<\/p>\n<p>&nbsp;<\/p>\n<p>&nbsp;<\/p>\n<p>&nbsp;<\/p>\n<p>&nbsp;<\/p>\n","protected":false},"excerpt":{"rendered":"<p>&nbsp; Em passagem por Moscou, o campe\u00e3o do UFC, Jon Jones comentou sobre seu pr\u00f3ximo desafio na organiza\u00e7\u00e3o. Enfrentando o brasileiro Glover Teixeira, Jones que <a class=\"read-more\" href=\"https:\/\/blogs.gazetaesportiva.com\/planeta-octogono\/2013\/12\/28\/em-visita-a-russia-jon-jones-promete-parar-glover-teixeira-e-analisa-erros-em-luta-com-gustafsson-nao-treinei-como-queria\/\">leia mais<\/a><\/p>\n","protected":false},"author":33,"featured_media":9759,"comment_status":"open","ping_status":"open","sticky":false,"template":"","format":"standard","meta":{"jetpack_post_was_ever_published":false,"_jetpack_newsletter_access":"","_jetpack_dont_email_post_to_subs":false,"_jetpack_newsletter_tier_id":0,"_jetpack_memberships_contains_paywalled_content":false,"_jetpack_memberships_contains_paid_content":false,"footnotes":"","jetpack_publicize_message":"","jetpack_publicize_feature_enabled":true,"jetpack_social_post_already_shared":false,"jetpack_social_options":{"image_generator_settings":{"template":"highway","default_image_id":0,"font":"","enabled":false},"version":2}},"categories":[1],"tags":[],"class_list":["post-9758","post","type-post","status-publish","format-standard","has-post-thumbnail","hentry","category-principal"],"jetpack_publicize_connections":[],"jetpack_featured_media_url":"https:\/\/blogs.gazetaesportiva.com\/planeta-octogono\/files\/2013\/12\/jonjones.jpg","jetpack_sharing_enabled":true,"jetpack_shortlink":"https:\/\/wp.me\/p6rqUQ-2xo","_links":{"self":[{"href":"https:\/\/blogs.gazetaesportiva.com\/planeta-octogono\/wp-json\/wp\/v2\/posts\/9758","targetHints":{"allow":["GET"]}}],"collection":[{"href":"https:\/\/blogs.gazetaesportiva.com\/planeta-octogono\/wp-json\/wp\/v2\/posts"}],"about":[{"href":"https:\/\/blogs.gazetaesportiva.com\/planeta-octogono\/wp-json\/wp\/v2\/types\/post"}],"author":[{"embeddable":true,"href":"https:\/\/blogs.gazetaesportiva.com\/planeta-octogono\/wp-json\/wp\/v2\/users\/33"}],"replies":[{"embeddable":true,"href":"https:\/\/blogs.gazetaesportiva.com\/planeta-octogono\/wp-json\/wp\/v2\/comments?post=9758"}],"version-history":[{"count":0,"href":"https:\/\/blogs.gazetaesportiva.com\/planeta-octogono\/wp-json\/wp\/v2\/posts\/9758\/revisions"}],"wp:featuredmedia":[{"embeddable":true,"href":"https:\/\/blogs.gazetaesportiva.com\/planeta-octogono\/wp-json\/wp\/v2\/media\/9759"}],"wp:attachment":[{"href":"https:\/\/blogs.gazetaesportiva.com\/planeta-octogono\/wp-json\/wp\/v2\/media?parent=9758"}],"wp:term":[{"taxonomy":"category","embeddable":true,"href":"https:\/\/blogs.gazetaesportiva.com\/planeta-octogono\/wp-json\/wp\/v2\/categories?post=9758"},{"taxonomy":"post_tag","embeddable":true,"href":"https:\/\/blogs.gazetaesportiva.com\/planeta-octogono\/wp-json\/wp\/v2\/tags?post=9758"}],"curies":[{"name":"wp","href":"https:\/\/api.w.org\/{rel}","templated":true}]}}