{"id":9753,"date":"2013-12-28T10:23:49","date_gmt":"2013-12-28T12:23:49","guid":{"rendered":"https:\/\/blogs.gazetaesportiva.com\/planeta-octogono\/?p=9753"},"modified":"2013-12-28T10:25:36","modified_gmt":"2013-12-28T12:25:36","slug":"glory-divulga-bastidores-melhores-momentos-de-edicao-em-tokyo-e-bate-mais-um-recorde-de-audiencia-na-televisao-americana","status":"publish","type":"post","link":"https:\/\/blogs.gazetaesportiva.com\/planeta-octogono\/2013\/12\/28\/glory-divulga-bastidores-melhores-momentos-de-edicao-em-tokyo-e-bate-mais-um-recorde-de-audiencia-na-televisao-americana\/","title":{"rendered":"GLORY divulga bastidores, melhores momentos de edi\u00e7\u00e3o em Tokyo e bate mais um recorde de audi\u00eancia na televis\u00e3o americana"},"content":{"rendered":"<figure id=\"attachment_9754\" aria-describedby=\"caption-attachment-9754\" style=\"width: 600px\" class=\"wp-caption aligncenter\"><a href=\"https:\/\/blogs.gazetaesportiva.com\/planeta-octogono\/files\/2013\/12\/arena.jpg\"><img loading=\"lazy\" decoding=\"async\" class=\"size-full wp-image-9754\" alt=\"Veja bastidores e melhores momentos de evento realizado no Jap\u00e3o - Cr\u00e9dito: Welington Yoshiura \" src=\"https:\/\/blogs.gazetaesportiva.com\/planeta-octogono\/files\/2013\/12\/arena.jpg\" width=\"600\" height=\"400\" \/><\/a><figcaption id=\"caption-attachment-9754\" class=\"wp-caption-text\">Veja bastidores e melhores momentos de evento realizado no Jap\u00e3o &#8211; Cr\u00e9dito: Welington Yoshiura<\/figcaption><\/figure>\n<p>&nbsp;<\/p>\n<p>O GLORY, maior evento de kickboxing divulgou um v\u00eddeo com os bastidores e melhores momentos de sua d\u00e9cima terceira edi\u00e7\u00e3o realizada em Tokyo no Jap\u00e3o.<\/p>\n<p>Mostrando os bastidores de prepara\u00e7\u00e3o dos atletas antes do evento e suas rea\u00e7\u00f5es ap\u00f3s as lutas, o v\u00eddeo retratou o que melhor aconteceu na edi\u00e7\u00e3o que teve a aposentadoria da lenda holandesa Peter Aerts.<\/p>\n<p>Os f\u00e3s presentes ao Ariake Colliseum se emocionaram com a despedida de seu \u00eddolo do mundo das lutas e isto tamb\u00e9m foi retratado no v\u00eddeo.<\/p>\n<p>Os lutadores deram seus depoimentos ap\u00f3s o evento sobre suas performances e contaram com a presen\u00e7a ilustre do famoso lutador de boxe, Floyd Maywheather.<\/p>\n<p>O evento tamb\u00e9m foi um grande sucesso de p\u00fablico e audi\u00eancia na televis\u00e3o americana.<\/p>\n<p>Com mais de 85% dos ingressos vendidos, o evento surpreendeu batendo mais um recorde de audi\u00eancia \u00a0com crescimento de 38%, o GLORY conseguiu ter a maior m\u00e9dia de espectadores com cerca de 659 mil pessoas.<\/p>\n<p>O pico de audi\u00eancia foi o GP de meio m\u00e9dios e a despedida de Peter Aerts aonde o evento conseguiu ultrapassar a marca de 900 mil.<\/p>\n<p>A pr\u00f3xima edi\u00e7\u00e3o do GLORY ser\u00e1 na Cro\u00e1cia, no dia 8 de mar\u00e7o de 2014.<\/p>\n<p>&nbsp;<\/p>\n<p style=\"text-align: center\"><strong><em>Veja os melhores momentos e bastidores do GLORY 13:<\/em><\/strong><\/p>\n<p style=\"text-align: center\"><strong><em>[yframe url=&#8217;www.youtube.com\/watch?v=ICXXKusJAzs&#8217;]<\/em><\/strong><\/p>\n<p>&nbsp;<\/p>\n<p>&nbsp;<\/p>\n","protected":false},"excerpt":{"rendered":"<p>&nbsp; O GLORY, maior evento de kickboxing divulgou um v\u00eddeo com os bastidores e melhores momentos de sua d\u00e9cima terceira edi\u00e7\u00e3o realizada em Tokyo no <a class=\"read-more\" href=\"https:\/\/blogs.gazetaesportiva.com\/planeta-octogono\/2013\/12\/28\/glory-divulga-bastidores-melhores-momentos-de-edicao-em-tokyo-e-bate-mais-um-recorde-de-audiencia-na-televisao-americana\/\">leia mais<\/a><\/p>\n","protected":false},"author":33,"featured_media":9754,"comment_status":"open","ping_status":"open","sticky":false,"template":"","format":"standard","meta":{"jetpack_post_was_ever_published":false,"_jetpack_newsletter_access":"","_jetpack_dont_email_post_to_subs":false,"_jetpack_newsletter_tier_id":0,"_jetpack_memberships_contains_paywalled_content":false,"_jetpack_memberships_contains_paid_content":false,"footnotes":"","jetpack_publicize_message":"","jetpack_publicize_feature_enabled":true,"jetpack_social_post_already_shared":false,"jetpack_social_options":{"image_generator_settings":{"template":"highway","default_image_id":0,"font":"","enabled":false},"version":2}},"categories":[1],"tags":[],"class_list":["post-9753","post","type-post","status-publish","format-standard","has-post-thumbnail","hentry","category-principal"],"jetpack_publicize_connections":[],"jetpack_featured_media_url":"https:\/\/blogs.gazetaesportiva.com\/planeta-octogono\/files\/2013\/12\/arena.jpg","jetpack_sharing_enabled":true,"jetpack_shortlink":"https:\/\/wp.me\/p6rqUQ-2xj","_links":{"self":[{"href":"https:\/\/blogs.gazetaesportiva.com\/planeta-octogono\/wp-json\/wp\/v2\/posts\/9753","targetHints":{"allow":["GET"]}}],"collection":[{"href":"https:\/\/blogs.gazetaesportiva.com\/planeta-octogono\/wp-json\/wp\/v2\/posts"}],"about":[{"href":"https:\/\/blogs.gazetaesportiva.com\/planeta-octogono\/wp-json\/wp\/v2\/types\/post"}],"author":[{"embeddable":true,"href":"https:\/\/blogs.gazetaesportiva.com\/planeta-octogono\/wp-json\/wp\/v2\/users\/33"}],"replies":[{"embeddable":true,"href":"https:\/\/blogs.gazetaesportiva.com\/planeta-octogono\/wp-json\/wp\/v2\/comments?post=9753"}],"version-history":[{"count":0,"href":"https:\/\/blogs.gazetaesportiva.com\/planeta-octogono\/wp-json\/wp\/v2\/posts\/9753\/revisions"}],"wp:featuredmedia":[{"embeddable":true,"href":"https:\/\/blogs.gazetaesportiva.com\/planeta-octogono\/wp-json\/wp\/v2\/media\/9754"}],"wp:attachment":[{"href":"https:\/\/blogs.gazetaesportiva.com\/planeta-octogono\/wp-json\/wp\/v2\/media?parent=9753"}],"wp:term":[{"taxonomy":"category","embeddable":true,"href":"https:\/\/blogs.gazetaesportiva.com\/planeta-octogono\/wp-json\/wp\/v2\/categories?post=9753"},{"taxonomy":"post_tag","embeddable":true,"href":"https:\/\/blogs.gazetaesportiva.com\/planeta-octogono\/wp-json\/wp\/v2\/tags?post=9753"}],"curies":[{"name":"wp","href":"https:\/\/api.w.org\/{rel}","templated":true}]}}