{"id":9743,"date":"2013-12-27T07:33:53","date_gmt":"2013-12-27T09:33:53","guid":{"rendered":"https:\/\/blogs.gazetaesportiva.com\/planeta-octogono\/?p=9743"},"modified":"2013-12-27T07:33:53","modified_gmt":"2013-12-27T09:33:53","slug":"fabricio-morango-esta-pronto-para-combate-no-ufc-168-e-quer-fazer-luta-da-noite-contra-miller-aqui-para-vencer","status":"publish","type":"post","link":"https:\/\/blogs.gazetaesportiva.com\/planeta-octogono\/2013\/12\/27\/fabricio-morango-esta-pronto-para-combate-no-ufc-168-e-quer-fazer-luta-da-noite-contra-miller-aqui-para-vencer\/","title":{"rendered":"Fabr\u00edcio Morango est\u00e1 pronto para combate no UFC 168 e quer fazer luta da noite contra Miller: Aqui para vencer!"},"content":{"rendered":"<figure id=\"attachment_9744\" aria-describedby=\"caption-attachment-9744\" style=\"width: 638px\" class=\"wp-caption aligncenter\"><a href=\"https:\/\/blogs.gazetaesportiva.com\/planeta-octogono\/files\/2013\/12\/fabriciomorango.jpg\"><img loading=\"lazy\" decoding=\"async\" class=\"size-full wp-image-9744\" alt=\"Lutador conta como est\u00e1 para evento neste s\u00e1bado - Divulga\u00e7\u00e3o UFC\/Reprodu\u00e7\u00e3o Youtube\" src=\"https:\/\/blogs.gazetaesportiva.com\/planeta-octogono\/files\/2013\/12\/fabriciomorango.jpg\" width=\"638\" height=\"349\" \/><\/a><figcaption id=\"caption-attachment-9744\" class=\"wp-caption-text\">Lutador conta como est\u00e1 para evento neste s\u00e1bado &#8211; Divulga\u00e7\u00e3o UFC\/Reprodu\u00e7\u00e3o Youtube<\/figcaption><\/figure>\n<p>&nbsp;<\/p>\n<p>O lutador Fabr\u00edcio &#8220;Morango&#8221; Cam\u00f5es est\u00e1 pronto para o UFC 168.<\/p>\n<p>Contando um pouco de sua trajet\u00f3ria no MMA at\u00e9 a chegada ao UFC, Fabr\u00edcio espera fazer um grande combate contra o americano Jim Miller.<\/p>\n<p>Treinando com o mestre Rafael Cordeiro, Fabr\u00edcio se mostra muito motivado e preparado para voltar ao oct\u00f3gono neste s\u00e1bado.<\/p>\n<p>&#8220;Fiz a melhor escolha, treinando na Kings MMA. J\u00e1 treinei com o mestre Rafael no Brasil e agora estou bem preparado para enfrentar o Miller.<\/p>\n<p>Espero conseguir fazer um grande combate com ele j\u00e1 que temos estilos parecidos e quem sabe n\u00e3o seja uma luta da noite.&#8221; disse Cam\u00f5es em entrevista ao UFC.<\/p>\n<p>Al\u00e9m de Fabr\u00edcio, o Brasil tem outros brasileiros lutando no evento neste s\u00e1bado: Gleison tibau, William Patolino, Diego Brand\u00e3o e Anderson Silva.<\/p>\n<p>&nbsp;<\/p>\n<p style=\"text-align: center\"><strong><em>Veja a entrevista completa de Fabr\u00edcio Cam\u00f5es:<\/em><\/strong><\/p>\n<p style=\"text-align: center\"><strong><em>[yframe url=&#8217;http:\/\/www.youtube.com\/watch?v=NqzxSoE3Lnw&#8217;]<\/em><\/strong><\/p>\n","protected":false},"excerpt":{"rendered":"<p>&nbsp; O lutador Fabr\u00edcio &#8220;Morango&#8221; Cam\u00f5es est\u00e1 pronto para o UFC 168. Contando um pouco de sua trajet\u00f3ria no MMA at\u00e9 a chegada ao UFC, <a class=\"read-more\" href=\"https:\/\/blogs.gazetaesportiva.com\/planeta-octogono\/2013\/12\/27\/fabricio-morango-esta-pronto-para-combate-no-ufc-168-e-quer-fazer-luta-da-noite-contra-miller-aqui-para-vencer\/\">leia mais<\/a><\/p>\n","protected":false},"author":33,"featured_media":9744,"comment_status":"open","ping_status":"open","sticky":false,"template":"","format":"standard","meta":{"jetpack_post_was_ever_published":false,"_jetpack_newsletter_access":"","_jetpack_dont_email_post_to_subs":false,"_jetpack_newsletter_tier_id":0,"_jetpack_memberships_contains_paywalled_content":false,"_jetpack_memberships_contains_paid_content":false,"footnotes":"","jetpack_publicize_message":"","jetpack_publicize_feature_enabled":true,"jetpack_social_post_already_shared":false,"jetpack_social_options":{"image_generator_settings":{"template":"highway","default_image_id":0,"font":"","enabled":false},"version":2}},"categories":[1],"tags":[],"class_list":["post-9743","post","type-post","status-publish","format-standard","has-post-thumbnail","hentry","category-principal"],"jetpack_publicize_connections":[],"jetpack_featured_media_url":"https:\/\/blogs.gazetaesportiva.com\/planeta-octogono\/files\/2013\/12\/fabriciomorango.jpg","jetpack_sharing_enabled":true,"jetpack_shortlink":"https:\/\/wp.me\/p6rqUQ-2x9","_links":{"self":[{"href":"https:\/\/blogs.gazetaesportiva.com\/planeta-octogono\/wp-json\/wp\/v2\/posts\/9743","targetHints":{"allow":["GET"]}}],"collection":[{"href":"https:\/\/blogs.gazetaesportiva.com\/planeta-octogono\/wp-json\/wp\/v2\/posts"}],"about":[{"href":"https:\/\/blogs.gazetaesportiva.com\/planeta-octogono\/wp-json\/wp\/v2\/types\/post"}],"author":[{"embeddable":true,"href":"https:\/\/blogs.gazetaesportiva.com\/planeta-octogono\/wp-json\/wp\/v2\/users\/33"}],"replies":[{"embeddable":true,"href":"https:\/\/blogs.gazetaesportiva.com\/planeta-octogono\/wp-json\/wp\/v2\/comments?post=9743"}],"version-history":[{"count":0,"href":"https:\/\/blogs.gazetaesportiva.com\/planeta-octogono\/wp-json\/wp\/v2\/posts\/9743\/revisions"}],"wp:featuredmedia":[{"embeddable":true,"href":"https:\/\/blogs.gazetaesportiva.com\/planeta-octogono\/wp-json\/wp\/v2\/media\/9744"}],"wp:attachment":[{"href":"https:\/\/blogs.gazetaesportiva.com\/planeta-octogono\/wp-json\/wp\/v2\/media?parent=9743"}],"wp:term":[{"taxonomy":"category","embeddable":true,"href":"https:\/\/blogs.gazetaesportiva.com\/planeta-octogono\/wp-json\/wp\/v2\/categories?post=9743"},{"taxonomy":"post_tag","embeddable":true,"href":"https:\/\/blogs.gazetaesportiva.com\/planeta-octogono\/wp-json\/wp\/v2\/tags?post=9743"}],"curies":[{"name":"wp","href":"https:\/\/api.w.org\/{rel}","templated":true}]}}