{"id":9737,"date":"2013-12-27T07:23:52","date_gmt":"2013-12-27T09:23:52","guid":{"rendered":"https:\/\/blogs.gazetaesportiva.com\/planeta-octogono\/?p=9737"},"modified":"2013-12-27T07:23:52","modified_gmt":"2013-12-27T09:23:52","slug":"especial-ufc-168-melhores-momentos-da-coletiva-de-imprensa-desta-quinta-feira-nos-estados-unidos","status":"publish","type":"post","link":"https:\/\/blogs.gazetaesportiva.com\/planeta-octogono\/2013\/12\/27\/especial-ufc-168-melhores-momentos-da-coletiva-de-imprensa-desta-quinta-feira-nos-estados-unidos\/","title":{"rendered":"Especial UFC 168: Melhores Momentos da coletiva de imprensa desta quinta feira nos Estados Unidos"},"content":{"rendered":"<figure id=\"attachment_9738\" aria-describedby=\"caption-attachment-9738\" style=\"width: 600px\" class=\"wp-caption aligncenter\"><a href=\"https:\/\/blogs.gazetaesportiva.com\/planeta-octogono\/files\/2013\/12\/ufc168coletiva.jpg\"><img loading=\"lazy\" decoding=\"async\" class=\" wp-image-9738 \" alt=\"Weidman e Anderson posam para fotos em coletiva - Divulga\u00e7\u00e3o UFC\/Josh Hedges\" src=\"https:\/\/blogs.gazetaesportiva.com\/planeta-octogono\/files\/2013\/12\/ufc168coletiva.jpg\" width=\"600\" height=\"432\" \/><\/a><figcaption id=\"caption-attachment-9738\" class=\"wp-caption-text\">Weidman e Anderson posam para fotos em coletiva &#8211; Divulga\u00e7\u00e3o UFC\/Josh Hedges<\/figcaption><\/figure>\n<p>&nbsp;<\/p>\n<p>O UFC realizou nesta quinta feira em Las Vegas a coletiva pr\u00e9 luta de imprensa da edi\u00e7\u00e3o 168 do evento.<\/p>\n<p>Contando com duas grandes revanches esperadas para este s\u00e1bado, entre o campe\u00e3o dos m\u00e9dios Chris Weidman contra o brasileiro Anderson Silva e das americana Ronda Rousey versus Miesha Tate, o evento trouxe momentos distintos.<\/p>\n<p>Com seriedade, os lutadores responderam perguntas da imprensa especializada com Anderson e Weidman sendo bastante acionados.<\/p>\n<p>A rivalidade de Ronda Rousey e Miesha Tate tamb\u00e9m foi bastante discutida durante a coletiva que tiveram ainda a presen\u00e7a de Travis Browne e Josh Barnett.<\/p>\n<p>&nbsp;<\/p>\n<p><em><strong>Anderson Silva desconversa sobre futuro imitando Ronaldo Fen\u00f4meno e Felip\u00e3o para responder perguntas<\/strong><\/em><\/p>\n<p>&nbsp;<\/p>\n<p>Descontra\u00eddo, o brasileiro Anderson Silva usou de muito bom humor para responder algumas perguntas da imprensa brasileira.<\/p>\n<p>Imitando o ex jogador Ronaldo Fenomeno e o atual treinador da Sele\u00e7\u00e3o Brasileira de Futebol, Luis Felipe Scolari, o lutador arrancou risadas do p\u00fablico.<\/p>\n<p>Por\u00e9m respondendo as perguntas, o lutador preferiu n\u00e3o falar sobre aposentadoria independente o resultado de seu combate contra Weidman no pr\u00f3ximo s\u00e1bado.<\/p>\n<p>&#8220;Essa vou responder igual ao Felip\u00e3o: \u00c9 claro que eu vou, p\u00f4 (risos).<\/p>\n<p>Eu tenho oito lutas ainda no\u00a0 meu contrato. Enquanto eu ainda tiver vontade de fazer o que eu fa\u00e7o, eu vou fazer.<\/p>\n<p>Pode ser que sim e pode ser que n\u00e3o, \u00e9 algo que n\u00e3o tem como eu te dizer agora. S\u00e3o coisas que s\u00f3 o cora\u00e7\u00e3o pode saber.<\/p>\n<p>Vou responder igual ao Ronaldo: claro que eu vou voltar e jogar. E t\u00f4 muito feliz. E queria dizer que p\u00f4, vou voltar a jogar.<\/p>\n<p>Eu queria muito fazer isso, mas n\u00e3o tenho tempo h\u00e1bil. Eu teria que nascer de novo para fazer tudo o que eu quero fazer.<\/p>\n<p>Seria uma honra representar o Brasil no taekwondo nas Olimp\u00edadas. Mam\u00e3e n\u00e3o gosta, papai n\u00e3o quer&#8221; disse Anderson fazendo refer\u00eancia ao Presidente do UFC. Dana White.<\/p>\n<p>&nbsp;<\/p>\n<p><em><strong>Spider admite que poderia parar mas que conselho de filho fez voltar atr\u00e1s na decis\u00e3o<\/strong><\/em><\/p>\n<p>&nbsp;<\/p>\n<p>Anderson revelou que pensou em parar ap\u00f3s a derrota no primeiro combate com Weidman mas que uma liga\u00e7\u00e3o o fez mudar de id\u00e9ia.<\/p>\n<p>Tamb\u00e9m respondeu sobre como foi acertada a revanche j\u00e1 que o lutador deu declara\u00e7\u00f5es ap\u00f3s o primeiro combate de que n\u00e3o gostaria de lutar pelo t\u00edtulo novamente.<\/p>\n<p>&#8220;O presidente me disse. Voc\u00ea sabe que qualquer decis\u00e3o que voc\u00ea tomar n\u00f3s vamos aceitar. Mas voc\u00ea tem que continuar.Voc\u00ea tem que fazer isso. Voc\u00ea precisa.<\/p>\n<p>Eu agradeci a ele e ao meu advers\u00e1rio por aceitar lutar pelo cintur\u00e3o de novo. Depois que caiu a ficha, depois que eu sa\u00ed da \u00faltima luta, eu fui para o quarto e dei uma pensada.<\/p>\n<p>Acho que agora \u00e9 a hora de parar, acho que j\u00e1 deu. Mas a\u00ed eu peguei o telefone e falei com o meu filho, e ele disse: Pai, faz o que tem que fazer e esquece o resto. V\u00ea o que vai te fazer feliz e vai at\u00e9 o final&#8221;. disse Spider.<\/p>\n<p>&nbsp;<\/p>\n<figure id=\"attachment_9739\" aria-describedby=\"caption-attachment-9739\" style=\"width: 600px\" class=\"wp-caption aligncenter\"><a href=\"https:\/\/blogs.gazetaesportiva.com\/planeta-octogono\/files\/2013\/12\/ufc168coletiva-2.jpg\"><img loading=\"lazy\" decoding=\"async\" class=\" wp-image-9739 \" alt=\"Anderson e sua equipe posam para fotos - Divulga\u00e7\u00e3o UFC\/Josh Hedges\" src=\"https:\/\/blogs.gazetaesportiva.com\/planeta-octogono\/files\/2013\/12\/ufc168coletiva-2.jpg\" width=\"600\" height=\"432\" \/><\/a><figcaption id=\"caption-attachment-9739\" class=\"wp-caption-text\">Anderson e sua equipe posam para fotos &#8211; Divulga\u00e7\u00e3o UFC\/Josh Hedges<\/figcaption><\/figure>\n<p>&nbsp;<\/p>\n<p><strong><em>Em revanche esperada, Ronda Rousey quer se manter motivada e Miesha promete n\u00e3o cometer o mesmo erro na primeiro combate<\/em><\/strong><\/p>\n<p>&nbsp;<\/p>\n<figure id=\"attachment_9740\" aria-describedby=\"caption-attachment-9740\" style=\"width: 600px\" class=\"wp-caption aligncenter\"><a href=\"https:\/\/blogs.gazetaesportiva.com\/planeta-octogono\/files\/2013\/12\/ufc168coletiva-4.jpg\"><img loading=\"lazy\" decoding=\"async\" class=\" wp-image-9740 \" alt=\"Ronda e Miesha posam para fotos na coletiva - Divulga\u00e7\u00e3o UFC\/Josh Hedges\" src=\"https:\/\/blogs.gazetaesportiva.com\/planeta-octogono\/files\/2013\/12\/ufc168coletiva-4.jpg\" width=\"600\" height=\"432\" \/><\/a><figcaption id=\"caption-attachment-9740\" class=\"wp-caption-text\">Ronda e Miesha posam para fotos na coletiva &#8211; Divulga\u00e7\u00e3o UFC\/Josh Hedges<\/figcaption><\/figure>\n<p>&nbsp;<\/p>\n<p>Outra luta muito aguardada \u00e9 o duelo feminino entre a campe\u00e3 peso galo feminina do UFC, Ronda Rousey e Miesha Tate.<\/p>\n<p>Na coletiva, Ronda procurou n\u00e3o atacar a advers\u00e1ria e apenas se focar em sua performance respondendo a algumas perguntas.<\/p>\n<p>&#8221;\u00a0\u00c9 duro se manter motivado. Ganhei da Miesha antes, ganhei o cintur\u00e3o, e s\u00f3 por isso eu fui fazer filmes, quis me colocar numa posi\u00e7\u00e3o em que as pessoas tivessem uma d\u00favida sobre mim, para que eu voltasse com algo a provar.<\/p>\n<p>Sempre quero que as pessoas duvidem de mim, n\u00e3o quero ter uma luta que seja perder ou perder, que eu ven\u00e7a e as pessoas digam que n\u00e3o fiz mais do que a obriga\u00e7\u00e3o. disse Ronda.<\/p>\n<p>Miesha Tate mostrou respeito e quer n\u00e3o cometer os mesmos erros de sua derrota para a campe\u00e3 do UFC.<\/p>\n<p>&#8220;O esporte \u00e9 t\u00e3o f\u00edsico quanto emocional. Eu aprendi a lidar com isso da pior maneira. Meu erro na \u00faltima luta foi f\u00edsico, mas mentalmente eu estava fraca. Isso n\u00e3o acontecer\u00e1 novamente.&#8221; prometeu a lutadora.<\/p>\n<p>O UFC acontece neste s\u00e1bado em Las Vegas e ser\u00e1 a \u00faltima edi\u00e7\u00e3o do ano.<\/p>\n<p>O evento tamb\u00e9m conta com outros brasileiros como Diego Brand\u00e3o, Fabr\u00edcio Cam\u00f5es, Gleison Tibau e William Patolino.<\/p>\n<p>A Rede Globo vai transmitir as lutas principais do evento com 30 minutos de atraso devido a cl\u00e1usula contratual com o UFC na madrugada de s\u00e1bado para domingo.<\/p>\n<p>&nbsp;<\/p>\n<p style=\"text-align: center\">\n<p style=\"text-align: center\"><strong><em>Veja a coletiva de imprensa na \u00edntegra:<\/em><\/strong><\/p>\n<p style=\"text-align: center\"><strong><em>[yframe url=&#8217;http:\/\/www.youtube.com\/watch?v=Ia6gngcUnLI&#8217;]<\/em><\/strong><\/p>\n<p>&nbsp;<\/p>\n","protected":false},"excerpt":{"rendered":"<p>&nbsp; O UFC realizou nesta quinta feira em Las Vegas a coletiva pr\u00e9 luta de imprensa da edi\u00e7\u00e3o 168 do evento. Contando com duas grandes <a class=\"read-more\" href=\"https:\/\/blogs.gazetaesportiva.com\/planeta-octogono\/2013\/12\/27\/especial-ufc-168-melhores-momentos-da-coletiva-de-imprensa-desta-quinta-feira-nos-estados-unidos\/\">leia mais<\/a><\/p>\n","protected":false},"author":33,"featured_media":9740,"comment_status":"open","ping_status":"open","sticky":false,"template":"","format":"standard","meta":{"jetpack_post_was_ever_published":false,"_jetpack_newsletter_access":"","_jetpack_dont_email_post_to_subs":false,"_jetpack_newsletter_tier_id":0,"_jetpack_memberships_contains_paywalled_content":false,"_jetpack_memberships_contains_paid_content":false,"footnotes":"","jetpack_publicize_message":"","jetpack_publicize_feature_enabled":true,"jetpack_social_post_already_shared":false,"jetpack_social_options":{"image_generator_settings":{"template":"highway","default_image_id":0,"font":"","enabled":false},"version":2}},"categories":[1],"tags":[],"class_list":["post-9737","post","type-post","status-publish","format-standard","has-post-thumbnail","hentry","category-principal"],"jetpack_publicize_connections":[],"jetpack_featured_media_url":"https:\/\/blogs.gazetaesportiva.com\/planeta-octogono\/files\/2013\/12\/ufc168coletiva-4.jpg","jetpack_sharing_enabled":true,"jetpack_shortlink":"https:\/\/wp.me\/p6rqUQ-2x3","_links":{"self":[{"href":"https:\/\/blogs.gazetaesportiva.com\/planeta-octogono\/wp-json\/wp\/v2\/posts\/9737","targetHints":{"allow":["GET"]}}],"collection":[{"href":"https:\/\/blogs.gazetaesportiva.com\/planeta-octogono\/wp-json\/wp\/v2\/posts"}],"about":[{"href":"https:\/\/blogs.gazetaesportiva.com\/planeta-octogono\/wp-json\/wp\/v2\/types\/post"}],"author":[{"embeddable":true,"href":"https:\/\/blogs.gazetaesportiva.com\/planeta-octogono\/wp-json\/wp\/v2\/users\/33"}],"replies":[{"embeddable":true,"href":"https:\/\/blogs.gazetaesportiva.com\/planeta-octogono\/wp-json\/wp\/v2\/comments?post=9737"}],"version-history":[{"count":0,"href":"https:\/\/blogs.gazetaesportiva.com\/planeta-octogono\/wp-json\/wp\/v2\/posts\/9737\/revisions"}],"wp:featuredmedia":[{"embeddable":true,"href":"https:\/\/blogs.gazetaesportiva.com\/planeta-octogono\/wp-json\/wp\/v2\/media\/9740"}],"wp:attachment":[{"href":"https:\/\/blogs.gazetaesportiva.com\/planeta-octogono\/wp-json\/wp\/v2\/media?parent=9737"}],"wp:term":[{"taxonomy":"category","embeddable":true,"href":"https:\/\/blogs.gazetaesportiva.com\/planeta-octogono\/wp-json\/wp\/v2\/categories?post=9737"},{"taxonomy":"post_tag","embeddable":true,"href":"https:\/\/blogs.gazetaesportiva.com\/planeta-octogono\/wp-json\/wp\/v2\/tags?post=9737"}],"curies":[{"name":"wp","href":"https:\/\/api.w.org\/{rel}","templated":true}]}}