{"id":9734,"date":"2013-12-26T07:12:10","date_gmt":"2013-12-26T09:12:10","guid":{"rendered":"https:\/\/blogs.gazetaesportiva.com\/planeta-octogono\/?p=9734"},"modified":"2013-12-26T07:12:10","modified_gmt":"2013-12-26T09:12:10","slug":"chris-weidman-acredita-que-vai-fazer-historia-no-ufc-quero-ser-campeao-por-muito-tempo","status":"publish","type":"post","link":"https:\/\/blogs.gazetaesportiva.com\/planeta-octogono\/2013\/12\/26\/chris-weidman-acredita-que-vai-fazer-historia-no-ufc-quero-ser-campeao-por-muito-tempo\/","title":{"rendered":"Chris Weidman acredita que vai fazer hist\u00f3ria no UFC: Quero ser campe\u00e3o por muito tempo!"},"content":{"rendered":"<figure id=\"attachment_9735\" aria-describedby=\"caption-attachment-9735\" style=\"width: 600px\" class=\"wp-caption aligncenter\"><a href=\"https:\/\/blogs.gazetaesportiva.com\/planeta-octogono\/files\/2013\/12\/IMG_6184.jpg\"><img loading=\"lazy\" decoding=\"async\" class=\" wp-image-9735 \" alt=\"Chris Weidman acredita que pode se manter no topo e vencer mais uma vez Anderson Silva - Ana Carolina\/Gazeta Press\" src=\"https:\/\/blogs.gazetaesportiva.com\/planeta-octogono\/files\/2013\/12\/IMG_6184.jpg\" width=\"600\" height=\"432\" \/><\/a><figcaption id=\"caption-attachment-9735\" class=\"wp-caption-text\">Chris Weidman acredita que pode se manter no topo e vencer mais uma vez Anderson Silva &#8211; Ana Carolina\/Gazeta Press<\/figcaption><\/figure>\n<p>&nbsp;<\/p>\n<p>O americano Chris Weidman , atual campe\u00e3o dos m\u00e9dios do UFC deu uma entrevista exclusiva para a organiza\u00e7\u00e3o.<\/p>\n<p>Sendo entrevistado pela rep\u00f3rter do Ultimate, Paula Sack, Weidman analisou sua revanche contra Anderson que acontece neste s\u00e1bado em Las Vegas nos Estados Unidos.<\/p>\n<p>Sem mostrar d\u00favidas, o lutador mostrou muita confian\u00e7a e espera repetir o mesmo desempenho e vencer novamente Anderson no UFC 168.<\/p>\n<p>&#8220;As pessoas n\u00e3o acreditam que ele (Anderson) perdeu. E n\u00e3o conseguem imaginar que isso vai acontecer duas vezes.<\/p>\n<p>Ir l\u00e1 e ter uma boa performance \u00e9 o que eu me pressiono para fazer. Quero brilhar nesta luta porque vai ter muitos holofotes l\u00e1.<\/p>\n<p>Muitas pessoas assistindo essa luta e esta \u00e9 minha oportunidade de brilhar para estas pessoas.<\/p>\n<p>Mas todo mundo sabe que n\u00e3o estou aqui para brincar. Que n\u00e3o estou aqui para vencer o Anderson apenas uma vez e que quero ser campe\u00e3o por muito tempo.<\/p>\n<p>&nbsp;<\/p>\n<p style=\"text-align: center\"><strong><em>Assista a entrevista de Chris Weidman na \u00edntegra:<\/em><\/strong><\/p>\n<p style=\"text-align: center\"><strong><em>[yframe url=&#8217;http:\/\/www.youtube.com\/watch?v=It3ho5POz5k&#8217;]<\/em><\/strong><\/p>\n<p>&nbsp;<\/p>\n<p>&nbsp;<\/p>\n","protected":false},"excerpt":{"rendered":"<p>&nbsp; O americano Chris Weidman , atual campe\u00e3o dos m\u00e9dios do UFC deu uma entrevista exclusiva para a organiza\u00e7\u00e3o. Sendo entrevistado pela rep\u00f3rter do Ultimate, <a class=\"read-more\" href=\"https:\/\/blogs.gazetaesportiva.com\/planeta-octogono\/2013\/12\/26\/chris-weidman-acredita-que-vai-fazer-historia-no-ufc-quero-ser-campeao-por-muito-tempo\/\">leia mais<\/a><\/p>\n","protected":false},"author":33,"featured_media":9735,"comment_status":"open","ping_status":"open","sticky":false,"template":"","format":"standard","meta":{"jetpack_post_was_ever_published":false,"_jetpack_newsletter_access":"","_jetpack_dont_email_post_to_subs":false,"_jetpack_newsletter_tier_id":0,"_jetpack_memberships_contains_paywalled_content":false,"_jetpack_memberships_contains_paid_content":false,"footnotes":"","jetpack_publicize_message":"","jetpack_publicize_feature_enabled":true,"jetpack_social_post_already_shared":false,"jetpack_social_options":{"image_generator_settings":{"template":"highway","default_image_id":0,"font":"","enabled":false},"version":2}},"categories":[1],"tags":[],"class_list":["post-9734","post","type-post","status-publish","format-standard","has-post-thumbnail","hentry","category-principal"],"jetpack_publicize_connections":[],"jetpack_featured_media_url":"https:\/\/blogs.gazetaesportiva.com\/planeta-octogono\/files\/2013\/12\/IMG_6184.jpg","jetpack_sharing_enabled":true,"jetpack_shortlink":"https:\/\/wp.me\/p6rqUQ-2x0","_links":{"self":[{"href":"https:\/\/blogs.gazetaesportiva.com\/planeta-octogono\/wp-json\/wp\/v2\/posts\/9734","targetHints":{"allow":["GET"]}}],"collection":[{"href":"https:\/\/blogs.gazetaesportiva.com\/planeta-octogono\/wp-json\/wp\/v2\/posts"}],"about":[{"href":"https:\/\/blogs.gazetaesportiva.com\/planeta-octogono\/wp-json\/wp\/v2\/types\/post"}],"author":[{"embeddable":true,"href":"https:\/\/blogs.gazetaesportiva.com\/planeta-octogono\/wp-json\/wp\/v2\/users\/33"}],"replies":[{"embeddable":true,"href":"https:\/\/blogs.gazetaesportiva.com\/planeta-octogono\/wp-json\/wp\/v2\/comments?post=9734"}],"version-history":[{"count":0,"href":"https:\/\/blogs.gazetaesportiva.com\/planeta-octogono\/wp-json\/wp\/v2\/posts\/9734\/revisions"}],"wp:featuredmedia":[{"embeddable":true,"href":"https:\/\/blogs.gazetaesportiva.com\/planeta-octogono\/wp-json\/wp\/v2\/media\/9735"}],"wp:attachment":[{"href":"https:\/\/blogs.gazetaesportiva.com\/planeta-octogono\/wp-json\/wp\/v2\/media?parent=9734"}],"wp:term":[{"taxonomy":"category","embeddable":true,"href":"https:\/\/blogs.gazetaesportiva.com\/planeta-octogono\/wp-json\/wp\/v2\/categories?post=9734"},{"taxonomy":"post_tag","embeddable":true,"href":"https:\/\/blogs.gazetaesportiva.com\/planeta-octogono\/wp-json\/wp\/v2\/tags?post=9734"}],"curies":[{"name":"wp","href":"https:\/\/api.w.org\/{rel}","templated":true}]}}