{"id":9729,"date":"2013-12-26T06:58:16","date_gmt":"2013-12-26T08:58:16","guid":{"rendered":"https:\/\/blogs.gazetaesportiva.com\/planeta-octogono\/?p=9729"},"modified":"2013-12-26T06:58:32","modified_gmt":"2013-12-26T08:58:32","slug":"treinador-de-spider-camoes-confia-em-apoio-familiar-e-cabeca-boa-para-anderson-silva-retomar-cinturao-do-ufc","status":"publish","type":"post","link":"https:\/\/blogs.gazetaesportiva.com\/planeta-octogono\/2013\/12\/26\/treinador-de-spider-camoes-confia-em-apoio-familiar-e-cabeca-boa-para-anderson-silva-retomar-cinturao-do-ufc\/","title":{"rendered":"Treinador de Spider, Rog\u00e9rio Cam\u00f5es confia em apoio familiar e &#8220;cabe\u00e7a boa&#8221; para Anderson Silva retomar cintur\u00e3o do UFC"},"content":{"rendered":"<figure id=\"attachment_9730\" aria-describedby=\"caption-attachment-9730\" style=\"width: 600px\" class=\"wp-caption aligncenter\"><a href=\"https:\/\/blogs.gazetaesportiva.com\/planeta-octogono\/files\/2013\/12\/rogerio_camoes_2_foto_fernando_azevedo.jpg\"><img loading=\"lazy\" decoding=\"async\" class=\" wp-image-9730 \" alt=\"Preparador de Anderson Silva acredita em vit\u00f3ria neste s\u00e1bado - Divulga\u00e7\u00e3o Integral M\u00e9dica\/Fernando Azevedo\" src=\"https:\/\/blogs.gazetaesportiva.com\/planeta-octogono\/files\/2013\/12\/rogerio_camoes_2_foto_fernando_azevedo.jpg\" width=\"600\" height=\"432\" \/><\/a><figcaption id=\"caption-attachment-9730\" class=\"wp-caption-text\">Preparador de Anderson Silva acredita em vit\u00f3ria neste s\u00e1bado &#8211; Divulga\u00e7\u00e3o Integral M\u00e9dica\/Fernando Azevedo<\/figcaption><\/figure>\n<p>&nbsp;<\/p>\n<p>No dia 28 de dezembro, em Las Vegas, no UFC 168, Anderson Silva tenta, diante do americano Chris Weidman, recuperar o cintur\u00e3o dos m\u00e9dios (at\u00e9 84kg) que foi seu durante sete anos e mostrar que a derrota em julho foi um deslize daquele que muitos consideram o melhor lutador de MMA da hist\u00f3ria.<\/p>\n<p>Na prepara\u00e7\u00e3o para o encontro, o brasileiro mais uma vez conta com a ajuda do preparador f\u00edsico Rog\u00e9rio Cam\u00f5es, consultor t\u00e9cnico da Integralm\u00e9dica e um de seus homens de confian\u00e7a e mentor durante toda sua carreira no UFC.<\/p>\n<p>Um ingrediente novo que Roger\u00e3o acredita ser um diferencial para Anderson retomar o cintur\u00e3o \u00e9 a presen\u00e7a constante da fam\u00edlia do lutador em seu camp. Diferentemente de outras ocasi\u00f5es, ele pode conviver mais com sua esposa e filhos, que est\u00e3o na casa do atleta, pr\u00f3xima \u00e0 Muay Thai College, em Los Angeles. &#8220;Ele est\u00e1 com a fam\u00edlia dando todo o suporte em sua casa, que fica muito pr\u00f3xima do local de treinos e isso faz uma grande diferen\u00e7a no final&#8221;, revela.<\/p>\n<p>Depois de sete anos invicto, Anderson se acostumou a entrar com o favoritismo sob seus ombros, mas agora encara outra realidade, a de desafiante, e com desconfian\u00e7a dos torcedores, ap\u00f3s o rev\u00e9s inesperado no UFC 162. Para Cam\u00f5es, o ex-campe\u00e3o est\u00e1 pronto para voltar a ser o n\u00famero um da categoria, independentemente da press\u00e3o extra que exista.<\/p>\n<p>&#8220;O Anderson tem uma cabe\u00e7a muito boa, vai se superar, e \u00e9 nisso que confio. Press\u00e3o sempre houve, sempre vai haver, mas ele est\u00e1 completamente adaptado a isso. A press\u00e3o o faz crescer, ele sempre viveu assim, mesmo quando n\u00e3o era campe\u00e3o, e o fato de ter perdido o cintur\u00e3o agora n\u00e3o muda isso. Somos brasileiros e vamos honrar sempre a nossa p\u00e1tria&#8221;, afirma.<\/p>\n<p>L\u00edder da academia X-Gym, no Rio de Janeiro, e treinador de nomes como Ronaldo Jacar\u00e9 e Erick Silva, Roger\u00e3o sabe que um dos diferenciais do &#8220;Spider&#8221; \u00e9 sua qualidade t\u00e9cnica acima da m\u00e9dia. Aliada a um bom momento psicol\u00f3gico, o preparador f\u00edsico considera-o imbat\u00edvel.<\/p>\n<p>&#8220;Ele estando bem psicologicamente, a t\u00e9cnica flui naturalmente, porque \u00e9 um fen\u00f4meno em habilidade e tem um arsenal de golpes incr\u00edvel. Al\u00e9m disso, possui um grupo de treinadores experientes, que o conhecem muito bem e est\u00e3o desenvolvendo a estrat\u00e9gia certa para voltarmos para casa com a vit\u00f3ria e o cintur\u00e3o&#8221;, confia.<\/p>\n","protected":false},"excerpt":{"rendered":"<p>&nbsp; No dia 28 de dezembro, em Las Vegas, no UFC 168, Anderson Silva tenta, diante do americano Chris Weidman, recuperar o cintur\u00e3o dos m\u00e9dios <a class=\"read-more\" href=\"https:\/\/blogs.gazetaesportiva.com\/planeta-octogono\/2013\/12\/26\/treinador-de-spider-camoes-confia-em-apoio-familiar-e-cabeca-boa-para-anderson-silva-retomar-cinturao-do-ufc\/\">leia mais<\/a><\/p>\n","protected":false},"author":33,"featured_media":9730,"comment_status":"open","ping_status":"open","sticky":false,"template":"","format":"standard","meta":{"jetpack_post_was_ever_published":false,"_jetpack_newsletter_access":"","_jetpack_dont_email_post_to_subs":false,"_jetpack_newsletter_tier_id":0,"_jetpack_memberships_contains_paywalled_content":false,"_jetpack_memberships_contains_paid_content":false,"footnotes":"","jetpack_publicize_message":"","jetpack_publicize_feature_enabled":true,"jetpack_social_post_already_shared":false,"jetpack_social_options":{"image_generator_settings":{"template":"highway","default_image_id":0,"font":"","enabled":false},"version":2}},"categories":[1],"tags":[],"class_list":["post-9729","post","type-post","status-publish","format-standard","has-post-thumbnail","hentry","category-principal"],"jetpack_publicize_connections":[],"jetpack_featured_media_url":"https:\/\/blogs.gazetaesportiva.com\/planeta-octogono\/files\/2013\/12\/rogerio_camoes_2_foto_fernando_azevedo.jpg","jetpack_sharing_enabled":true,"jetpack_shortlink":"https:\/\/wp.me\/p6rqUQ-2wV","_links":{"self":[{"href":"https:\/\/blogs.gazetaesportiva.com\/planeta-octogono\/wp-json\/wp\/v2\/posts\/9729","targetHints":{"allow":["GET"]}}],"collection":[{"href":"https:\/\/blogs.gazetaesportiva.com\/planeta-octogono\/wp-json\/wp\/v2\/posts"}],"about":[{"href":"https:\/\/blogs.gazetaesportiva.com\/planeta-octogono\/wp-json\/wp\/v2\/types\/post"}],"author":[{"embeddable":true,"href":"https:\/\/blogs.gazetaesportiva.com\/planeta-octogono\/wp-json\/wp\/v2\/users\/33"}],"replies":[{"embeddable":true,"href":"https:\/\/blogs.gazetaesportiva.com\/planeta-octogono\/wp-json\/wp\/v2\/comments?post=9729"}],"version-history":[{"count":0,"href":"https:\/\/blogs.gazetaesportiva.com\/planeta-octogono\/wp-json\/wp\/v2\/posts\/9729\/revisions"}],"wp:featuredmedia":[{"embeddable":true,"href":"https:\/\/blogs.gazetaesportiva.com\/planeta-octogono\/wp-json\/wp\/v2\/media\/9730"}],"wp:attachment":[{"href":"https:\/\/blogs.gazetaesportiva.com\/planeta-octogono\/wp-json\/wp\/v2\/media?parent=9729"}],"wp:term":[{"taxonomy":"category","embeddable":true,"href":"https:\/\/blogs.gazetaesportiva.com\/planeta-octogono\/wp-json\/wp\/v2\/categories?post=9729"},{"taxonomy":"post_tag","embeddable":true,"href":"https:\/\/blogs.gazetaesportiva.com\/planeta-octogono\/wp-json\/wp\/v2\/tags?post=9729"}],"curies":[{"name":"wp","href":"https:\/\/api.w.org\/{rel}","templated":true}]}}