{"id":9726,"date":"2013-12-26T06:53:47","date_gmt":"2013-12-26T08:53:47","guid":{"rendered":"https:\/\/blogs.gazetaesportiva.com\/planeta-octogono\/?p=9726"},"modified":"2013-12-26T06:53:47","modified_gmt":"2013-12-26T08:53:47","slug":"veja-explosivo-treino-de-boxe-de-ronda-rousey-para-revanche-com-miesha-tate-neste-sabado-no-ufc-168","status":"publish","type":"post","link":"https:\/\/blogs.gazetaesportiva.com\/planeta-octogono\/2013\/12\/26\/veja-explosivo-treino-de-boxe-de-ronda-rousey-para-revanche-com-miesha-tate-neste-sabado-no-ufc-168\/","title":{"rendered":"Veja explosivo treino de boxe de Ronda Rousey para revanche com Miesha Tate neste s\u00e1bado no UFC 168"},"content":{"rendered":"<figure id=\"attachment_9727\" aria-describedby=\"caption-attachment-9727\" style=\"width: 600px\" class=\"wp-caption aligncenter\"><a href=\"https:\/\/blogs.gazetaesportiva.com\/planeta-octogono\/files\/2013\/12\/Ronda-Rousey-UFC-157-Pre-1.jpg\"><img loading=\"lazy\" decoding=\"async\" class=\"size-full wp-image-9727\" alt=\"Ronda tem treinado forte para revanche com Miesha - Divulga\u00e7\u00e3o UFC\/Josh Hedges\" src=\"https:\/\/blogs.gazetaesportiva.com\/planeta-octogono\/files\/2013\/12\/Ronda-Rousey-UFC-157-Pre-1.jpg\" width=\"600\" height=\"399\" \/><\/a><figcaption id=\"caption-attachment-9727\" class=\"wp-caption-text\">Ronda tem treinado forte para revanche com Miesha &#8211; Divulga\u00e7\u00e3o UFC\/Josh Hedges<\/figcaption><\/figure>\n<p>&nbsp;<\/p>\n<p>A campe\u00e3 peso galo feminina, a americana Ronda Rousey est\u00e1 treinando muito duro para o UFC neste s\u00e1bado.<\/p>\n<p>A lutadora conhecida por seu jogo de solo com o Jud\u00f4 e suas finaliza\u00e7\u00f5es fez um \u00faltimo treino de boxe antes do evento.<\/p>\n<p>Mostrando t\u00e9cnica, muita velocidade e intensidade, Ronda fez manopla de boxe com seu treinador em se\u00e7\u00f5es intensas.<\/p>\n<p>O combate entre Ronda Rousey e Miesha Tate \u00e9 o co principal do UFC 168, que tem a participa\u00e7\u00e3o de Anderson Silva contra Chris Weidman.<\/p>\n<p>&nbsp;<\/p>\n<p style=\"text-align: center\"><strong><em>Assista o treino de boxe de Ronda Rousey:<\/em><\/strong><\/p>\n<p style=\"text-align: center\"><strong><em>[yframe url=&#8217;http:\/\/www.youtube.com\/watch?v=t_WRmRgrmJ8&#8242;]<\/em><\/strong><\/p>\n","protected":false},"excerpt":{"rendered":"<p>&nbsp; A campe\u00e3 peso galo feminina, a americana Ronda Rousey est\u00e1 treinando muito duro para o UFC neste s\u00e1bado. A lutadora conhecida por seu jogo <a class=\"read-more\" href=\"https:\/\/blogs.gazetaesportiva.com\/planeta-octogono\/2013\/12\/26\/veja-explosivo-treino-de-boxe-de-ronda-rousey-para-revanche-com-miesha-tate-neste-sabado-no-ufc-168\/\">leia mais<\/a><\/p>\n","protected":false},"author":33,"featured_media":9727,"comment_status":"open","ping_status":"open","sticky":false,"template":"","format":"standard","meta":{"jetpack_post_was_ever_published":false,"_jetpack_newsletter_access":"","_jetpack_dont_email_post_to_subs":false,"_jetpack_newsletter_tier_id":0,"_jetpack_memberships_contains_paywalled_content":false,"_jetpack_memberships_contains_paid_content":false,"footnotes":"","jetpack_publicize_message":"","jetpack_publicize_feature_enabled":true,"jetpack_social_post_already_shared":false,"jetpack_social_options":{"image_generator_settings":{"template":"highway","default_image_id":0,"font":"","enabled":false},"version":2}},"categories":[1],"tags":[],"class_list":["post-9726","post","type-post","status-publish","format-standard","has-post-thumbnail","hentry","category-principal"],"jetpack_publicize_connections":[],"jetpack_featured_media_url":"https:\/\/blogs.gazetaesportiva.com\/planeta-octogono\/files\/2013\/12\/Ronda-Rousey-UFC-157-Pre-1.jpg","jetpack_sharing_enabled":true,"jetpack_shortlink":"https:\/\/wp.me\/p6rqUQ-2wS","_links":{"self":[{"href":"https:\/\/blogs.gazetaesportiva.com\/planeta-octogono\/wp-json\/wp\/v2\/posts\/9726","targetHints":{"allow":["GET"]}}],"collection":[{"href":"https:\/\/blogs.gazetaesportiva.com\/planeta-octogono\/wp-json\/wp\/v2\/posts"}],"about":[{"href":"https:\/\/blogs.gazetaesportiva.com\/planeta-octogono\/wp-json\/wp\/v2\/types\/post"}],"author":[{"embeddable":true,"href":"https:\/\/blogs.gazetaesportiva.com\/planeta-octogono\/wp-json\/wp\/v2\/users\/33"}],"replies":[{"embeddable":true,"href":"https:\/\/blogs.gazetaesportiva.com\/planeta-octogono\/wp-json\/wp\/v2\/comments?post=9726"}],"version-history":[{"count":0,"href":"https:\/\/blogs.gazetaesportiva.com\/planeta-octogono\/wp-json\/wp\/v2\/posts\/9726\/revisions"}],"wp:featuredmedia":[{"embeddable":true,"href":"https:\/\/blogs.gazetaesportiva.com\/planeta-octogono\/wp-json\/wp\/v2\/media\/9727"}],"wp:attachment":[{"href":"https:\/\/blogs.gazetaesportiva.com\/planeta-octogono\/wp-json\/wp\/v2\/media?parent=9726"}],"wp:term":[{"taxonomy":"category","embeddable":true,"href":"https:\/\/blogs.gazetaesportiva.com\/planeta-octogono\/wp-json\/wp\/v2\/categories?post=9726"},{"taxonomy":"post_tag","embeddable":true,"href":"https:\/\/blogs.gazetaesportiva.com\/planeta-octogono\/wp-json\/wp\/v2\/tags?post=9726"}],"curies":[{"name":"wp","href":"https:\/\/api.w.org\/{rel}","templated":true}]}}