{"id":9723,"date":"2013-12-26T06:47:58","date_gmt":"2013-12-26T08:47:58","guid":{"rendered":"https:\/\/blogs.gazetaesportiva.com\/planeta-octogono\/?p=9723"},"modified":"2013-12-26T06:47:58","modified_gmt":"2013-12-26T08:47:58","slug":"voce-indica-assista-participacao-de-anderson-silva-no-roda-viva-na-tv-cultura","status":"publish","type":"post","link":"https:\/\/blogs.gazetaesportiva.com\/planeta-octogono\/2013\/12\/26\/voce-indica-assista-participacao-de-anderson-silva-no-roda-viva-na-tv-cultura\/","title":{"rendered":"Voc\u00ea Indica &#8211; Assista participa\u00e7\u00e3o de Anderson Silva no Roda Viva na TV Cultura"},"content":{"rendered":"<figure id=\"attachment_9724\" aria-describedby=\"caption-attachment-9724\" style=\"width: 600px\" class=\"wp-caption aligncenter\"><a href=\"https:\/\/blogs.gazetaesportiva.com\/planeta-octogono\/files\/2013\/12\/1044966_10151725588516276_1288441710_n.jpg\"><img loading=\"lazy\" decoding=\"async\" class=\" wp-image-9724  \" alt=\"Lutador falou sobre v\u00e1rios assuntos - Divulga\u00e7\u00e3o UFC\/Josh Hedges\" src=\"https:\/\/blogs.gazetaesportiva.com\/planeta-octogono\/files\/2013\/12\/1044966_10151725588516276_1288441710_n.jpg\" width=\"600\" height=\"532\" \/><\/a><figcaption id=\"caption-attachment-9724\" class=\"wp-caption-text\">Lutador falou sobre v\u00e1rios assuntos &#8211; Divulga\u00e7\u00e3o UFC\/Josh Hedges<\/figcaption><\/figure>\n<p>&nbsp;<\/p>\n<p>Assista a participa\u00e7\u00e3o do lutador Anderson Silva que enfrenta neste s\u00e1bado o americano Chris Weidman no UFC 168.<\/p>\n<p>Bem humorado, Anderson falou sobre diversos assuntos contando desde sua inf\u00e2ncia e sobre detalhes e bastidores do mundo das lutas.<\/p>\n<p>A entrevista teve participa\u00e7\u00e3o de alguns jornalistas conhecidos como Vladir Lemos do programa Cart\u00e3o Verde, da Rede Cultura e de Renata Fan, famosa jornalista da Rede Bandeirantes.<\/p>\n<p>O combate de Anderson com Weidman ser\u00e1 transmitido pela Rede Globo de Televis\u00e3o, com 30 minutos de atraso devido a cl\u00e1usula contratual na madrugada de s\u00e1bado para domingo no Brasil.<\/p>\n<p>&nbsp;<\/p>\n<p style=\"text-align: center\"><strong><em>Assista na \u00edntegra a entrevista de Anderson Silva para o Roda Viva:<\/em><\/strong><\/p>\n<p style=\"text-align: center\"><strong><em>[yframe url=&#8217;http:\/\/www.youtube.com\/watch?v=R3qWrKvXqNk&#8217;]<\/em><\/strong><\/p>\n","protected":false},"excerpt":{"rendered":"<p>&nbsp; Assista a participa\u00e7\u00e3o do lutador Anderson Silva que enfrenta neste s\u00e1bado o americano Chris Weidman no UFC 168. Bem humorado, Anderson falou sobre diversos <a class=\"read-more\" href=\"https:\/\/blogs.gazetaesportiva.com\/planeta-octogono\/2013\/12\/26\/voce-indica-assista-participacao-de-anderson-silva-no-roda-viva-na-tv-cultura\/\">leia mais<\/a><\/p>\n","protected":false},"author":33,"featured_media":9724,"comment_status":"open","ping_status":"open","sticky":false,"template":"","format":"standard","meta":{"jetpack_post_was_ever_published":false,"_jetpack_newsletter_access":"","_jetpack_dont_email_post_to_subs":false,"_jetpack_newsletter_tier_id":0,"_jetpack_memberships_contains_paywalled_content":false,"_jetpack_memberships_contains_paid_content":false,"footnotes":"","jetpack_publicize_message":"","jetpack_publicize_feature_enabled":true,"jetpack_social_post_already_shared":false,"jetpack_social_options":{"image_generator_settings":{"template":"highway","default_image_id":0,"font":"","enabled":false},"version":2}},"categories":[4],"tags":[],"class_list":["post-9723","post","type-post","status-publish","format-standard","has-post-thumbnail","hentry","category-voce-indica"],"jetpack_publicize_connections":[],"jetpack_featured_media_url":"https:\/\/blogs.gazetaesportiva.com\/planeta-octogono\/files\/2013\/12\/1044966_10151725588516276_1288441710_n.jpg","jetpack_sharing_enabled":true,"jetpack_shortlink":"https:\/\/wp.me\/p6rqUQ-2wP","_links":{"self":[{"href":"https:\/\/blogs.gazetaesportiva.com\/planeta-octogono\/wp-json\/wp\/v2\/posts\/9723","targetHints":{"allow":["GET"]}}],"collection":[{"href":"https:\/\/blogs.gazetaesportiva.com\/planeta-octogono\/wp-json\/wp\/v2\/posts"}],"about":[{"href":"https:\/\/blogs.gazetaesportiva.com\/planeta-octogono\/wp-json\/wp\/v2\/types\/post"}],"author":[{"embeddable":true,"href":"https:\/\/blogs.gazetaesportiva.com\/planeta-octogono\/wp-json\/wp\/v2\/users\/33"}],"replies":[{"embeddable":true,"href":"https:\/\/blogs.gazetaesportiva.com\/planeta-octogono\/wp-json\/wp\/v2\/comments?post=9723"}],"version-history":[{"count":0,"href":"https:\/\/blogs.gazetaesportiva.com\/planeta-octogono\/wp-json\/wp\/v2\/posts\/9723\/revisions"}],"wp:featuredmedia":[{"embeddable":true,"href":"https:\/\/blogs.gazetaesportiva.com\/planeta-octogono\/wp-json\/wp\/v2\/media\/9724"}],"wp:attachment":[{"href":"https:\/\/blogs.gazetaesportiva.com\/planeta-octogono\/wp-json\/wp\/v2\/media?parent=9723"}],"wp:term":[{"taxonomy":"category","embeddable":true,"href":"https:\/\/blogs.gazetaesportiva.com\/planeta-octogono\/wp-json\/wp\/v2\/categories?post=9723"},{"taxonomy":"post_tag","embeddable":true,"href":"https:\/\/blogs.gazetaesportiva.com\/planeta-octogono\/wp-json\/wp\/v2\/tags?post=9723"}],"curies":[{"name":"wp","href":"https:\/\/api.w.org\/{rel}","templated":true}]}}