{"id":9719,"date":"2013-12-24T06:51:06","date_gmt":"2013-12-24T08:51:06","guid":{"rendered":"https:\/\/blogs.gazetaesportiva.com\/planeta-octogono\/?p=9719"},"modified":"2013-12-24T06:51:06","modified_gmt":"2013-12-24T08:51:06","slug":"com-nervosismo-de-rafael-feijao-e-emocao-de-ray-longo-ufc-divulga-bastidores-de-primeiro-combate-entre-anderson-e-weidman","status":"publish","type":"post","link":"https:\/\/blogs.gazetaesportiva.com\/planeta-octogono\/2013\/12\/24\/com-nervosismo-de-rafael-feijao-e-emocao-de-ray-longo-ufc-divulga-bastidores-de-primeiro-combate-entre-anderson-e-weidman\/","title":{"rendered":"Com nervosismo de Rafael Feij\u00e3o e emo\u00e7\u00e3o de Ray Longo, UFC divulga bastidores de primeiro combate entre Anderson e Weidman"},"content":{"rendered":"<figure id=\"attachment_9720\" aria-describedby=\"caption-attachment-9720\" style=\"width: 600px\" class=\"wp-caption aligncenter\"><a href=\"https:\/\/blogs.gazetaesportiva.com\/planeta-octogono\/files\/2013\/12\/1012846_10151725416861276_331991045_n.jpg\"><img loading=\"lazy\" decoding=\"async\" class=\" wp-image-9720 \" alt=\"Assista ao flashback de primeiro combate entre os lutadores - Divulga\u00e7\u00e3o UFC\/Josh Hedges\" src=\"https:\/\/blogs.gazetaesportiva.com\/planeta-octogono\/files\/2013\/12\/1012846_10151725416861276_331991045_n.jpg\" width=\"600\" height=\"432\" \/><\/a><figcaption id=\"caption-attachment-9720\" class=\"wp-caption-text\">Assista ao flashback de primeiro combate entre os lutadores &#8211; Divulga\u00e7\u00e3o UFC\/Josh Hedges<\/figcaption><\/figure>\n<p>&nbsp;<\/p>\n<p>O UFC divulgou um v\u00eddeo especial com uma retrospectiva do primeiro combate entre Anderson Silva e Chris Weidman que aconteceu no UFC 162 em julho deste ano.<\/p>\n<p>Mostrando todos os bastidores antes e depois da luta, assista de perto tudo o que aconteceu com os lutadores no evento.<\/p>\n<p>O v\u00eddeo chama a aten\u00e7\u00e3o por mostrar todo o nervosismo do lutador Rafael Feij\u00e3o, parceiro de treinos de Spider e a emo\u00e7\u00e3o do treinador de boxe de Weidman, Ray Longo que se emociona ap\u00f3s a vit\u00f3ria de seu pupilo.<\/p>\n<p>Chamado de UFC Flashback, o v\u00eddeo mostra a emo\u00e7\u00e3o dos familiares de Chris Weidman e as rea\u00e7\u00f5es dos lutadores Urijah Faber e Jon Jones durante a luta al\u00e9m de mostrar as duas equipes dos lutadores dando instru\u00e7\u00f5es durante o combate.<\/p>\n<p>Anderson e Weidman se enfrentam neste s\u00e1bado no UFC 168 reeditando a revanche do primeiro combate aonde Chris venceu por nocaute no segundo round.<\/p>\n<p>&nbsp;<\/p>\n<p style=\"text-align: center\"><strong><em>Assista o UFC Flaskback &#8211; Silva vs Weidman:<\/em><\/strong><\/p>\n<p style=\"text-align: center\"><strong><em>[yframe url=&#8217;www.youtube.com\/watch?v=qVSDFzKqBxc&#8217;]<\/em><\/strong><\/p>\n","protected":false},"excerpt":{"rendered":"<p>&nbsp; O UFC divulgou um v\u00eddeo especial com uma retrospectiva do primeiro combate entre Anderson Silva e Chris Weidman que aconteceu no UFC 162 em <a class=\"read-more\" href=\"https:\/\/blogs.gazetaesportiva.com\/planeta-octogono\/2013\/12\/24\/com-nervosismo-de-rafael-feijao-e-emocao-de-ray-longo-ufc-divulga-bastidores-de-primeiro-combate-entre-anderson-e-weidman\/\">leia mais<\/a><\/p>\n","protected":false},"author":33,"featured_media":9720,"comment_status":"open","ping_status":"open","sticky":false,"template":"","format":"standard","meta":{"jetpack_post_was_ever_published":false,"_jetpack_newsletter_access":"","_jetpack_dont_email_post_to_subs":false,"_jetpack_newsletter_tier_id":0,"_jetpack_memberships_contains_paywalled_content":false,"_jetpack_memberships_contains_paid_content":false,"footnotes":"","jetpack_publicize_message":"","jetpack_publicize_feature_enabled":true,"jetpack_social_post_already_shared":false,"jetpack_social_options":{"image_generator_settings":{"template":"highway","default_image_id":0,"font":"","enabled":false},"version":2}},"categories":[1],"tags":[],"class_list":["post-9719","post","type-post","status-publish","format-standard","has-post-thumbnail","hentry","category-principal"],"jetpack_publicize_connections":[],"jetpack_featured_media_url":"https:\/\/blogs.gazetaesportiva.com\/planeta-octogono\/files\/2013\/12\/1012846_10151725416861276_331991045_n.jpg","jetpack_sharing_enabled":true,"jetpack_shortlink":"https:\/\/wp.me\/p6rqUQ-2wL","_links":{"self":[{"href":"https:\/\/blogs.gazetaesportiva.com\/planeta-octogono\/wp-json\/wp\/v2\/posts\/9719","targetHints":{"allow":["GET"]}}],"collection":[{"href":"https:\/\/blogs.gazetaesportiva.com\/planeta-octogono\/wp-json\/wp\/v2\/posts"}],"about":[{"href":"https:\/\/blogs.gazetaesportiva.com\/planeta-octogono\/wp-json\/wp\/v2\/types\/post"}],"author":[{"embeddable":true,"href":"https:\/\/blogs.gazetaesportiva.com\/planeta-octogono\/wp-json\/wp\/v2\/users\/33"}],"replies":[{"embeddable":true,"href":"https:\/\/blogs.gazetaesportiva.com\/planeta-octogono\/wp-json\/wp\/v2\/comments?post=9719"}],"version-history":[{"count":0,"href":"https:\/\/blogs.gazetaesportiva.com\/planeta-octogono\/wp-json\/wp\/v2\/posts\/9719\/revisions"}],"wp:featuredmedia":[{"embeddable":true,"href":"https:\/\/blogs.gazetaesportiva.com\/planeta-octogono\/wp-json\/wp\/v2\/media\/9720"}],"wp:attachment":[{"href":"https:\/\/blogs.gazetaesportiva.com\/planeta-octogono\/wp-json\/wp\/v2\/media?parent=9719"}],"wp:term":[{"taxonomy":"category","embeddable":true,"href":"https:\/\/blogs.gazetaesportiva.com\/planeta-octogono\/wp-json\/wp\/v2\/categories?post=9719"},{"taxonomy":"post_tag","embeddable":true,"href":"https:\/\/blogs.gazetaesportiva.com\/planeta-octogono\/wp-json\/wp\/v2\/tags?post=9719"}],"curies":[{"name":"wp","href":"https:\/\/api.w.org\/{rel}","templated":true}]}}