{"id":9716,"date":"2013-12-24T06:40:38","date_gmt":"2013-12-24T08:40:38","guid":{"rendered":"https:\/\/blogs.gazetaesportiva.com\/planeta-octogono\/?p=9716"},"modified":"2013-12-24T06:40:38","modified_gmt":"2013-12-24T08:40:38","slug":"apesar-de-spider-querer-roy-jones-jr-dana-white-faz-lobby-por-vitor-belfort-todos-querem-ver-essa-luta","status":"publish","type":"post","link":"https:\/\/blogs.gazetaesportiva.com\/planeta-octogono\/2013\/12\/24\/apesar-de-spider-querer-roy-jones-jr-dana-white-faz-lobby-por-vitor-belfort-todos-querem-ver-essa-luta\/","title":{"rendered":"Apesar de Spider querer Roy Jones Jr, Dana White faz lobby por Vitor Belfort: Todos querem ver essa luta!"},"content":{"rendered":"<figure id=\"attachment_9717\" aria-describedby=\"caption-attachment-9717\" style=\"width: 600px\" class=\"wp-caption aligncenter\"><a href=\"https:\/\/blogs.gazetaesportiva.com\/planeta-octogono\/files\/2013\/12\/1086_07.40.2013_51042_ef_20131107.jpg\"><img loading=\"lazy\" decoding=\"async\" class=\" wp-image-9717 \" alt=\"Vitor Belfort convenceu Presidente do UFC que merece chance - Alexandre Loureiro\/Inovafoto\" src=\"https:\/\/blogs.gazetaesportiva.com\/planeta-octogono\/files\/2013\/12\/1086_07.40.2013_51042_ef_20131107.jpg\" width=\"600\" height=\"432\" \/><\/a><figcaption id=\"caption-attachment-9717\" class=\"wp-caption-text\">Vitor Belfort convenceu Presidente do UFC que merece chance &#8211; Alexandre Loureiro\/Inovafoto<\/figcaption><\/figure>\n<p>&nbsp;<\/p>\n<p>Ap\u00f3s tr\u00eas grandes nocautes no UFC seguidos, de rejeitado o brasileiro Vitor Belfort se tornou a primeira op\u00e7\u00e3o de Dana White, Presidente do UFC, para disputar o cintur\u00e3o dos m\u00e9dios do evento.<\/p>\n<p>Voltando a confirmar que Vitor \u00e9 o pr\u00f3ximo advers\u00e1rio do campe\u00e3o, Dana comentou o desejo de Anderson Silva em enfrentar o lutador de boxe, Roy Jones Jr.<\/p>\n<p>Dana que j\u00e1 tinha confessado que poderia atender o pedido de Anderson caso o brasileiro ven\u00e7a o americano Chris Weidman no UFC 168 neste s\u00e1bado, voltou atr\u00e1s e acredita que um combate contra Vitor \u00e9 a luta que os f\u00e3s desejam assistir.<\/p>\n<p>&#8220;Eu sei que Anderson Silva\u00a0que enfrentar Roy Jones Jr., e que Roy quer essa luta.<\/p>\n<p>Mas a luta que todos querem ver, n\u00e3o importa se Anderson Silva ou Chris Weidman\u00a0ven\u00e7a, \u00e9 o duelo do vencedor da luta principal do UFC 168 contra Vitor Belfort.<\/p>\n<p>Essa \u00e9 a luta que todos querem ver. Ent\u00e3o temos que pensar direito sobre essa situa\u00e7\u00e3o entre Anderson Silva e Roy Jones Jr.<\/p>\n<p>Vitor Belfort \u00e9, de verdade, a luta que todos querem ver, seja contra Weidman ou contra Anderson.&#8221; disse o Presidente em entrevista ao programa de r\u00e1dio Metro South Morning Show.<\/p>\n<p>Belfort venceu o ingl\u00eas Michael Bisping e os americanos Luke Rockhold e Dan Henderson por nocaute e aguarda o vencedor do combate principal do evento 168 que acontece neste s\u00e1bado em Las Vegas.<\/p>\n","protected":false},"excerpt":{"rendered":"<p>&nbsp; Ap\u00f3s tr\u00eas grandes nocautes no UFC seguidos, de rejeitado o brasileiro Vitor Belfort se tornou a primeira op\u00e7\u00e3o de Dana White, Presidente do UFC, <a class=\"read-more\" href=\"https:\/\/blogs.gazetaesportiva.com\/planeta-octogono\/2013\/12\/24\/apesar-de-spider-querer-roy-jones-jr-dana-white-faz-lobby-por-vitor-belfort-todos-querem-ver-essa-luta\/\">leia mais<\/a><\/p>\n","protected":false},"author":33,"featured_media":9717,"comment_status":"open","ping_status":"open","sticky":false,"template":"","format":"standard","meta":{"jetpack_post_was_ever_published":false,"_jetpack_newsletter_access":"","_jetpack_dont_email_post_to_subs":false,"_jetpack_newsletter_tier_id":0,"_jetpack_memberships_contains_paywalled_content":false,"_jetpack_memberships_contains_paid_content":false,"footnotes":"","jetpack_publicize_message":"","jetpack_publicize_feature_enabled":true,"jetpack_social_post_already_shared":false,"jetpack_social_options":{"image_generator_settings":{"template":"highway","default_image_id":0,"font":"","enabled":false},"version":2}},"categories":[1],"tags":[],"class_list":["post-9716","post","type-post","status-publish","format-standard","has-post-thumbnail","hentry","category-principal"],"jetpack_publicize_connections":[],"jetpack_featured_media_url":"https:\/\/blogs.gazetaesportiva.com\/planeta-octogono\/files\/2013\/12\/1086_07.40.2013_51042_ef_20131107.jpg","jetpack_sharing_enabled":true,"jetpack_shortlink":"https:\/\/wp.me\/p6rqUQ-2wI","_links":{"self":[{"href":"https:\/\/blogs.gazetaesportiva.com\/planeta-octogono\/wp-json\/wp\/v2\/posts\/9716","targetHints":{"allow":["GET"]}}],"collection":[{"href":"https:\/\/blogs.gazetaesportiva.com\/planeta-octogono\/wp-json\/wp\/v2\/posts"}],"about":[{"href":"https:\/\/blogs.gazetaesportiva.com\/planeta-octogono\/wp-json\/wp\/v2\/types\/post"}],"author":[{"embeddable":true,"href":"https:\/\/blogs.gazetaesportiva.com\/planeta-octogono\/wp-json\/wp\/v2\/users\/33"}],"replies":[{"embeddable":true,"href":"https:\/\/blogs.gazetaesportiva.com\/planeta-octogono\/wp-json\/wp\/v2\/comments?post=9716"}],"version-history":[{"count":0,"href":"https:\/\/blogs.gazetaesportiva.com\/planeta-octogono\/wp-json\/wp\/v2\/posts\/9716\/revisions"}],"wp:featuredmedia":[{"embeddable":true,"href":"https:\/\/blogs.gazetaesportiva.com\/planeta-octogono\/wp-json\/wp\/v2\/media\/9717"}],"wp:attachment":[{"href":"https:\/\/blogs.gazetaesportiva.com\/planeta-octogono\/wp-json\/wp\/v2\/media?parent=9716"}],"wp:term":[{"taxonomy":"category","embeddable":true,"href":"https:\/\/blogs.gazetaesportiva.com\/planeta-octogono\/wp-json\/wp\/v2\/categories?post=9716"},{"taxonomy":"post_tag","embeddable":true,"href":"https:\/\/blogs.gazetaesportiva.com\/planeta-octogono\/wp-json\/wp\/v2\/tags?post=9716"}],"curies":[{"name":"wp","href":"https:\/\/api.w.org\/{rel}","templated":true}]}}