{"id":9712,"date":"2013-12-24T06:28:05","date_gmt":"2013-12-24T08:28:05","guid":{"rendered":"https:\/\/blogs.gazetaesportiva.com\/planeta-octogono\/?p=9712"},"modified":"2013-12-24T06:28:14","modified_gmt":"2013-12-24T08:28:14","slug":"recordista-tibau-comemora-vaga-em-grandes-edicoes-do-ufc-e-luta-neste-sabado","status":"publish","type":"post","link":"https:\/\/blogs.gazetaesportiva.com\/planeta-octogono\/2013\/12\/24\/recordista-tibau-comemora-vaga-em-grandes-edicoes-do-ufc-e-luta-neste-sabado\/","title":{"rendered":"Recordista, Gleison Tibau comemora vaga em grandes edi\u00e7\u00f5es do UFC e luta neste s\u00e1bado"},"content":{"rendered":"<figure id=\"attachment_9713\" aria-describedby=\"caption-attachment-9713\" style=\"width: 625px\" class=\"wp-caption aligncenter\"><a href=\"https:\/\/blogs.gazetaesportiva.com\/planeta-octogono\/files\/2013\/12\/gleison-tibau-212118_372907_fx8_07_tibau_cholish_03.png\"><img loading=\"lazy\" decoding=\"async\" class=\" wp-image-9713 \" alt=\"Gleison Tibau volta a lutar ap\u00f3s recorde - Divulga\u00e7\u00e3o UFC\/Josh Hedges\" src=\"https:\/\/blogs.gazetaesportiva.com\/planeta-octogono\/files\/2013\/12\/gleison-tibau-212118_372907_fx8_07_tibau_cholish_03.png\" width=\"625\" height=\"416\" \/><\/a><figcaption id=\"caption-attachment-9713\" class=\"wp-caption-text\">Gleison Tibau volta a lutar ap\u00f3s recorde &#8211; Divulga\u00e7\u00e3o UFC\/Josh Hedges<\/figcaption><\/figure>\n<p>&nbsp;<\/p>\n<p>Em sete anos como lutador do UFC, Gleison Tibau j\u00e1 escreveu seu nome na hist\u00f3ria do evento. Em agosto passado, se tornou o primeiro brasileiro a alcan\u00e7ar a marca de 20 lutas pela organiza\u00e7\u00e3o, igualando feito de nomes como Randy Couture e Chuck Liddell, e agora est\u00e1 em reta final de prepara\u00e7\u00e3o para fazer parte de mais um show hist\u00f3rico.<\/p>\n<p>No UFC 168, dia 28 de dezembro, Anderson Silva tenta recuperar o cintur\u00e3o dos m\u00e9dios perdido para Chris Weidman, e Tibau estar\u00e1 tamb\u00e9m em a\u00e7\u00e3o, dessa vez contra o americano Michael Johnson.<\/p>\n<p>Mas estar em grandes edi\u00e7\u00f5es do UFC n\u00e3o \u00e9 novidade para o potiguar. Logo em sua estreia, em novembro de 2006, no UFC 65, Tibau enfrentou Nick Diaz no UFC 65 e viu, na principal luta daquela noite, Georges St-Pierre bater Matt Hughes e se tornar campe\u00e3o dos meio-m\u00e9dios.<\/p>\n<p>&#8220;Naquela \u00e9poca, o UFC n\u00e3o era t\u00e3o falado no Brasil, mas s\u00f3 se falava em Hughes x GSP nos Estados Unidos e no Canad\u00e1&#8221;, relembra o brasileiro, que reside nos Estados Unidos h\u00e1 oito anos. &#8220;Foi uma edi\u00e7\u00e3o muito importante para o UFC, e acabou sendo para mim tamb\u00e9m, j\u00e1 que fui chamado \u00e0s pressas para enfrentar o Nick Diaz e aceitei. A vit\u00f3ria n\u00e3o veio, mas foi a minha porta de entrada no evento e no cen\u00e1rio internacional do MMA&#8221;, relembra.<\/p>\n<p>Depois disso, o brasileiro venceu duas lutas e foi escalado para o UFC 75, em Londres, na Inglaterra, no evento que unificou os t\u00edtulos do UFC, ent\u00e3o com Quinton Jackson, e do Pride, sob posse de Dan Henderson. Tibau venceu Terry Etim e cinco meses depois j\u00e1 estava novamente no oct\u00f3gono, diante de Tyson Griffin, participando do show que teve a disputa do cintur\u00e3o interino dos pesados, entre Rodrigo Minotauro e Tim Sylvia, al\u00e9m da primeira luta entre Frank Mir e Brock Lesnar.<\/p>\n<p>No UFC 104, no primeiro duelo entre Lyoto Machida e Mauricio Shogun, e no UFC 139, que teve a incr\u00edvel vit\u00f3ria de Wanderlei Silva e a memor\u00e1vel luta entre Shogun e Dan Henderson, l\u00e1 estava novamente o potiguar. &#8220;Sou um homem honrado por tudo que j\u00e1 fiz pela minha cidade e pa\u00eds. Levar o nome de Tibau pelo mundo e ser quem mais representou o Brasil no UFC \u00e9 motivo de muito orgulho. Nunca recusei luta e sempre estive pronto para atender a qualquer chamado do UFC. Luto para vencer sempre, e acho que por isso sou recompensado em grandes cards&#8221;, analisa.<\/p>\n<p>Em julho de 2012, Tibau lutou no UFC 162, que teve a revanche entre Anderson Silva e Chael Sonnen. Novamente escalado para lutar no mesmo dia do ex-campe\u00e3o, o potiguar aposta na volta por cima do Aranha. &#8220;Eu acredito que o Anderson deva estar com fome de lutar, louco para reconquistar o cintur\u00e3o que foi dele por muitos anos. Ele parece estar mais concentrado e vai vencer o Chris Weidman, que \u00e9 um grande lutador tamb\u00e9m&#8221;.<\/p>\n","protected":false},"excerpt":{"rendered":"<p>&nbsp; Em sete anos como lutador do UFC, Gleison Tibau j\u00e1 escreveu seu nome na hist\u00f3ria do evento. Em agosto passado, se tornou o primeiro <a class=\"read-more\" href=\"https:\/\/blogs.gazetaesportiva.com\/planeta-octogono\/2013\/12\/24\/recordista-tibau-comemora-vaga-em-grandes-edicoes-do-ufc-e-luta-neste-sabado\/\">leia mais<\/a><\/p>\n","protected":false},"author":33,"featured_media":9713,"comment_status":"open","ping_status":"open","sticky":false,"template":"","format":"standard","meta":{"jetpack_post_was_ever_published":false,"_jetpack_newsletter_access":"","_jetpack_dont_email_post_to_subs":false,"_jetpack_newsletter_tier_id":0,"_jetpack_memberships_contains_paywalled_content":false,"_jetpack_memberships_contains_paid_content":false,"footnotes":"","jetpack_publicize_message":"","jetpack_publicize_feature_enabled":true,"jetpack_social_post_already_shared":false,"jetpack_social_options":{"image_generator_settings":{"template":"highway","default_image_id":0,"font":"","enabled":false},"version":2}},"categories":[1],"tags":[],"class_list":["post-9712","post","type-post","status-publish","format-standard","has-post-thumbnail","hentry","category-principal"],"jetpack_publicize_connections":[],"jetpack_featured_media_url":"https:\/\/blogs.gazetaesportiva.com\/planeta-octogono\/files\/2013\/12\/gleison-tibau-212118_372907_fx8_07_tibau_cholish_03.png","jetpack_sharing_enabled":true,"jetpack_shortlink":"https:\/\/wp.me\/p6rqUQ-2wE","_links":{"self":[{"href":"https:\/\/blogs.gazetaesportiva.com\/planeta-octogono\/wp-json\/wp\/v2\/posts\/9712","targetHints":{"allow":["GET"]}}],"collection":[{"href":"https:\/\/blogs.gazetaesportiva.com\/planeta-octogono\/wp-json\/wp\/v2\/posts"}],"about":[{"href":"https:\/\/blogs.gazetaesportiva.com\/planeta-octogono\/wp-json\/wp\/v2\/types\/post"}],"author":[{"embeddable":true,"href":"https:\/\/blogs.gazetaesportiva.com\/planeta-octogono\/wp-json\/wp\/v2\/users\/33"}],"replies":[{"embeddable":true,"href":"https:\/\/blogs.gazetaesportiva.com\/planeta-octogono\/wp-json\/wp\/v2\/comments?post=9712"}],"version-history":[{"count":0,"href":"https:\/\/blogs.gazetaesportiva.com\/planeta-octogono\/wp-json\/wp\/v2\/posts\/9712\/revisions"}],"wp:featuredmedia":[{"embeddable":true,"href":"https:\/\/blogs.gazetaesportiva.com\/planeta-octogono\/wp-json\/wp\/v2\/media\/9713"}],"wp:attachment":[{"href":"https:\/\/blogs.gazetaesportiva.com\/planeta-octogono\/wp-json\/wp\/v2\/media?parent=9712"}],"wp:term":[{"taxonomy":"category","embeddable":true,"href":"https:\/\/blogs.gazetaesportiva.com\/planeta-octogono\/wp-json\/wp\/v2\/categories?post=9712"},{"taxonomy":"post_tag","embeddable":true,"href":"https:\/\/blogs.gazetaesportiva.com\/planeta-octogono\/wp-json\/wp\/v2\/tags?post=9712"}],"curies":[{"name":"wp","href":"https:\/\/api.w.org\/{rel}","templated":true}]}}