{"id":9709,"date":"2013-12-24T06:23:20","date_gmt":"2013-12-24T08:23:20","guid":{"rendered":"https:\/\/blogs.gazetaesportiva.com\/planeta-octogono\/?p=9709"},"modified":"2013-12-24T06:23:56","modified_gmt":"2013-12-24T08:23:56","slug":"em-busca-de-novos-talentos-rio-de-janeiro-recebe-ultima-seletiva-de-mma-amador-do-ano","status":"publish","type":"post","link":"https:\/\/blogs.gazetaesportiva.com\/planeta-octogono\/2013\/12\/24\/em-busca-de-novos-talentos-rio-de-janeiro-recebe-ultima-seletiva-de-mma-amador-do-ano\/","title":{"rendered":"Em busca de novos talentos, Rio de Janeiro recebe \u00faltima seletiva de MMA Amador do ano"},"content":{"rendered":"<figure id=\"attachment_9566\" aria-describedby=\"caption-attachment-9566\" style=\"width: 600px\" class=\"wp-caption aligncenter\"><a href=\"https:\/\/blogs.gazetaesportiva.com\/planeta-octogono\/files\/2013\/12\/cabmma.jpg\"><img loading=\"lazy\" decoding=\"async\" class=\" wp-image-9566 \" alt=\"Comiss\u00e3o Atl\u00e9tica realiza seletivas no pa\u00eds - Divulga\u00e7\u00e3o CABMMA\" src=\"https:\/\/blogs.gazetaesportiva.com\/planeta-octogono\/files\/2013\/12\/cabmma.jpg\" width=\"600\" height=\"250\" \/><\/a><figcaption id=\"caption-attachment-9566\" class=\"wp-caption-text\">Comiss\u00e3o Atl\u00e9tica realiza seletivas no pa\u00eds &#8211; Divulga\u00e7\u00e3o CABMMA<\/figcaption><\/figure>\n<p>&nbsp;<\/p>\n<p>O Rio de Janeiro recebeu neste final de semana a terceira etapa das Seletivas Regionais de MMA Amador. Os torneios, organizados pela Comiss\u00e3o Atl\u00e9tica Brasileira de\u00a0MMA (CABMMA), servem para classificar atletas para a Seletiva Nacional\u00a0de 2014, que formar\u00e1\u00a0a equipe que representar\u00e1 o pa\u00eds no Mundial de Las Vegas, nos EUA. Respons\u00e1vel pela realiza\u00e7\u00e3o dos eventos, o Diretor do Comit\u00ea de MMA Amador da CABMMA, Carl\u00e3o Barreto comemorou a ades\u00e3o maci\u00e7a dos atletas nas etapas realizadas at\u00e9 agora.<\/p>\n<p>&#8220;Tivemos a oportunidade de ver \u00f3timos lutadores surgirem nas Seletivas. A popularidade do MMA no pa\u00eds \u00e9 um fator chave para isso, \u00e9 um esporte muito praticado pelos brasileiros. Aqui no Rio pudemos constatar isso mais uma vez, para satisfa\u00e7\u00e3o da Comiss\u00e3o Atl\u00e9tica&#8221; analisou.<\/p>\n<p>Disputada no Clube de Regatas Boqueir\u00e3o do Passeio, na Gl\u00f3ria, a Seletiva Sudeste contou com grande ades\u00e3o dos atletas da regi\u00e3o. Por conta disso foram montados dois oct\u00f3gonos no gin\u00e1sio onde foi realizado o evento, permitindo ao p\u00fablico acompanhar lutas simultaneamente e de maneira quase ininterrupta. No domingo, os combates decisivos definiram os classificados para lutar contra os vencedores das outras Seletivas por uma vaga na Sele\u00e7\u00e3o Brasileira.<\/p>\n<p>&#8220;Temos aqui hoje jovens vindos de comunidades carentes, projetos sociais e at\u00e9 de equipes estruturadas e conhecidas no mundo do MMA. \u00c9 muito bom constatar que estamos oferecendo uma oportunidade democr\u00e1tica para todos esses atletas que, independente de onde vieram, sonham com o Mundial e querem estar l\u00e1 lutando pelo Brasil&#8221; comentou Carl\u00e3o.<\/p>\n<p>As etapas restantes das Seletivas Regionais, em Manaus (AM) e S\u00e3o Jos\u00e9 (SC),\u00a0ser\u00e3o realizadas em janeiro, enquanto a Seletiva Nacional acontece em abril.<\/p>\n<p><strong>Atletas classificados:<\/strong><\/p>\n<p>Mosca:<br \/>\n1) Danver Santos Cruz<br \/>\n2) Jos\u00e9 Carlos de Oliveira Filho<br \/>\n3) Danilo Gomes Corr\u00eaa<\/p>\n<p>Galo:<br \/>\n1) Cl\u00e9ssio Gomes da Silva<br \/>\n2) C\u00e1ssio S. Arduini<br \/>\n3) Marcos Moura de Faria<\/p>\n<p>Pena:<br \/>\n1) Lorran da Cruz Esteves<br \/>\n2) Fernando Oliveira Costa<br \/>\n3) Jo\u00e3o Carlos Melo Gouveia<\/p>\n<p>Leve:<br \/>\n1) Ueslei Oliveira Alves<br \/>\n2) Felipe Tavares Silva<br \/>\n3) Paulo Emidio Costa<\/p>\n<p>Meio M\u00e9dio:<br \/>\n1) Jonathan Menezes Barbalho<br \/>\n2) Adenes da Concei\u00e7\u00e3o<br \/>\n3) Arthur Ribas<\/p>\n<p>M\u00e9dio:<br \/>\n1) Quemuel Ottoni<br \/>\n2) Paulo Henrique Pires<br \/>\n3) Thiago Orgelio<\/p>\n<p>Meio Pesado:<br \/>\n1) Andr\u00e9 Ramos<br \/>\n2) Douglas Melo<br \/>\n3) Raphael Vassal<\/p>\n<p>Pesado:<br \/>\n1) Flavio Silva<br \/>\n2) Gilberto Junior<br \/>\n3) Daniel Cruz<\/p>\n","protected":false},"excerpt":{"rendered":"<p>&nbsp; O Rio de Janeiro recebeu neste final de semana a terceira etapa das Seletivas Regionais de MMA Amador. Os torneios, organizados pela Comiss\u00e3o Atl\u00e9tica <a class=\"read-more\" href=\"https:\/\/blogs.gazetaesportiva.com\/planeta-octogono\/2013\/12\/24\/em-busca-de-novos-talentos-rio-de-janeiro-recebe-ultima-seletiva-de-mma-amador-do-ano\/\">leia mais<\/a><\/p>\n","protected":false},"author":33,"featured_media":0,"comment_status":"open","ping_status":"open","sticky":false,"template":"","format":"standard","meta":{"jetpack_post_was_ever_published":false,"_jetpack_newsletter_access":"","_jetpack_dont_email_post_to_subs":false,"_jetpack_newsletter_tier_id":0,"_jetpack_memberships_contains_paywalled_content":false,"_jetpack_memberships_contains_paid_content":false,"footnotes":"","jetpack_publicize_message":"","jetpack_publicize_feature_enabled":true,"jetpack_social_post_already_shared":false,"jetpack_social_options":{"image_generator_settings":{"template":"highway","default_image_id":0,"font":"","enabled":false},"version":2}},"categories":[1],"tags":[],"class_list":["post-9709","post","type-post","status-publish","format-standard","hentry","category-principal"],"jetpack_publicize_connections":[],"jetpack_featured_media_url":"","jetpack_sharing_enabled":true,"jetpack_shortlink":"https:\/\/wp.me\/p6rqUQ-2wB","_links":{"self":[{"href":"https:\/\/blogs.gazetaesportiva.com\/planeta-octogono\/wp-json\/wp\/v2\/posts\/9709","targetHints":{"allow":["GET"]}}],"collection":[{"href":"https:\/\/blogs.gazetaesportiva.com\/planeta-octogono\/wp-json\/wp\/v2\/posts"}],"about":[{"href":"https:\/\/blogs.gazetaesportiva.com\/planeta-octogono\/wp-json\/wp\/v2\/types\/post"}],"author":[{"embeddable":true,"href":"https:\/\/blogs.gazetaesportiva.com\/planeta-octogono\/wp-json\/wp\/v2\/users\/33"}],"replies":[{"embeddable":true,"href":"https:\/\/blogs.gazetaesportiva.com\/planeta-octogono\/wp-json\/wp\/v2\/comments?post=9709"}],"version-history":[{"count":0,"href":"https:\/\/blogs.gazetaesportiva.com\/planeta-octogono\/wp-json\/wp\/v2\/posts\/9709\/revisions"}],"wp:attachment":[{"href":"https:\/\/blogs.gazetaesportiva.com\/planeta-octogono\/wp-json\/wp\/v2\/media?parent=9709"}],"wp:term":[{"taxonomy":"category","embeddable":true,"href":"https:\/\/blogs.gazetaesportiva.com\/planeta-octogono\/wp-json\/wp\/v2\/categories?post=9709"},{"taxonomy":"post_tag","embeddable":true,"href":"https:\/\/blogs.gazetaesportiva.com\/planeta-octogono\/wp-json\/wp\/v2\/tags?post=9709"}],"curies":[{"name":"wp","href":"https:\/\/api.w.org\/{rel}","templated":true}]}}