{"id":9650,"date":"2013-12-21T18:35:26","date_gmt":"2013-12-21T20:35:26","guid":{"rendered":"https:\/\/blogs.gazetaesportiva.com\/planeta-octogono\/?p=9650"},"modified":"2013-12-21T18:35:26","modified_gmt":"2013-12-21T20:35:26","slug":"anderson-silva-visualiza-vitoria-em-revanche-com-weidman-vencer-e-importante-para-meu-legado","status":"publish","type":"post","link":"https:\/\/blogs.gazetaesportiva.com\/planeta-octogono\/2013\/12\/21\/anderson-silva-visualiza-vitoria-em-revanche-com-weidman-vencer-e-importante-para-meu-legado\/","title":{"rendered":"Anderson Silva visualiza vit\u00f3ria em revanche com Weidman: Vencer \u00e9 importante para meu legado!"},"content":{"rendered":"<figure id=\"attachment_9651\" aria-describedby=\"caption-attachment-9651\" style=\"width: 432px\" class=\"wp-caption aligncenter\"><a href=\"https:\/\/blogs.gazetaesportiva.com\/planeta-octogono\/files\/2013\/12\/AndersonSilva_3_2.jpg\"><img loading=\"lazy\" decoding=\"async\" class=\" wp-image-9651  \" alt=\"Anderson Silva analisa a import\u00e2ncia de vencer a revanche com Weidman neste pr\u00f3ximo s\u00e1bado - Divulga\u00e7\u00e3o UFC\/Josh Hedges\" src=\"https:\/\/blogs.gazetaesportiva.com\/planeta-octogono\/files\/2013\/12\/AndersonSilva_3_2.jpg\" width=\"432\" height=\"600\" \/><\/a><figcaption id=\"caption-attachment-9651\" class=\"wp-caption-text\">Anderson Silva analisa a import\u00e2ncia de vencer a revanche com Weidman neste pr\u00f3ximo s\u00e1bado &#8211; Divulga\u00e7\u00e3o UFC\/Josh Hedges<\/figcaption><\/figure>\n<p>&nbsp;<\/p>\n<p>No dia 28 de dezembro, o ex-campe\u00e3o peso m\u00e9dio do Ultimate Fighting Championship, Anderson Silva\u00a0ter\u00e1 a revanche de sua vida. Seu oponente ser\u00e1 Chris Weidman, o lutador americano de 29 anos que, em julho deste ano, interrompeu o reinado de quase sete anos do brasileiro no UFC com um nocaute no segundo round.<\/p>\n<p>Considerado por muitos um dos maiores lutadores de MMA de todos os tempos, Anderson buscar\u00e1 retomar o cintur\u00e3o em Las Vegas, Nevada, no UFC 168. Na luta co-principal da noite, outra revanche: a primeira campe\u00e3 do UFC, Ronda Rousey\u00a0defender\u00e1 o t\u00edtulo peso galo feminino contra a desafiante e ex-companheira de The Ultimate Fighter Miesha Tate.<\/p>\n<p>Na reta final dos preparativos para a grande luta, Anderson Silva recebeu a imprensa em sua academia, a Muay Thai College, em Los Angeles.<\/p>\n<p>O ex-campe\u00e3o tinha seu filho, Jo\u00e3o, a seu lado. Confira o que Anderson teve a dizer:<\/p>\n<p><strong>A primeira luta contra o Weidman<\/strong><\/p>\n<p>\u201cN\u00e3o foi excesso de confian\u00e7a. \u00c0s vezes voc\u00ea tem bons dias de trabalho, \u00e0s vezes tem dias ruins. Na minha \u00faltima luta, tive um dia ruim. Eu entro no oct\u00f3gono para lutar, eu n\u00e3o brinco, porque isso \u00e9 perigoso. Na \u00faltima luta, o Weidman venceu. Eu n\u00e3o estou focado na \u00faltima luta, estou focado nessa.\u201d<\/p>\n<p><strong>A revanche do dia 28<\/strong><\/p>\n<p>\u201cN\u00e3o mudei muito. Treinei muito, principalmente a parte mental, passei mais tempo com as minha fam\u00edlia, meu filho e minha esposa. Vencer essa luta \u00e9 muito importante para mim, para minha fam\u00edlia, para meus treinadores e para o meu legado.\u201d<\/p>\n<p><strong>Chris Weidman<\/strong><\/p>\n<p>\u201cAprendi muito sobre ele. Ele \u00e9 um cara legal. Tem uma \u00f3tima fam\u00edlia. \u00c9 um \u00f3timo campe\u00e3o.\u201d<\/p>\n<p><strong>Lutadores do UFC que admira<\/strong><\/p>\n<p>\u201cJon Jones \u00e9 o melhor lutador do UFC no momento. Ele \u00e9 um \u00f3timo garoto, e em todas as lutas ele s\u00f3 melhora. Na \u00faltima batalha, ele provou que \u00e9 o melhor\u201d. Perguntado sobre uma poss\u00edvel super luta com o campe\u00e3o dos meio-pesados, Anderson respondeu: \u201cTalvez, mas meu foco agora \u00e9 o Chris Weidman\u201d.<\/p>\n<p>&nbsp;<\/p>\n<p><strong>Card oficial do UFC 168*<\/strong><\/p>\n<p>&nbsp;<\/p>\n<p><strong>Card Principal<\/strong><\/p>\n<p>Chris Weidman x\u00a0<strong>Anderson Silva<\/strong><\/p>\n<p>Ronda Rousey x Miesha Tate<\/p>\n<p>Josh Barnett x Travis Browne<\/p>\n<p>Jim Miller x\u00a0<strong>Fabr\u00edcio Morango<\/strong><\/p>\n<p>Dustin Poirier x\u00a0<strong>Diego Brand\u00e3o<\/strong><\/p>\n<p>&nbsp;<\/p>\n<p><strong>Card Preliminar<\/strong><\/p>\n<p>Chris Leben x Uriah Hall<\/p>\n<p><strong>Gleison Tibau<\/strong>\u00a0x Michael Johnson<\/p>\n<p>Dennis Siver x Manny Gamburyan<\/p>\n<p>John Howard x Siyar Bahadurzada<\/p>\n<p><strong>William Patolino<\/strong>\u00a0x Bobby Voelker<\/p>\n<p>Robbie Peralta x Estevan Payan<\/p>\n","protected":false},"excerpt":{"rendered":"<p>&nbsp; No dia 28 de dezembro, o ex-campe\u00e3o peso m\u00e9dio do Ultimate Fighting Championship, Anderson Silva\u00a0ter\u00e1 a revanche de sua vida. Seu oponente ser\u00e1 Chris <a class=\"read-more\" href=\"https:\/\/blogs.gazetaesportiva.com\/planeta-octogono\/2013\/12\/21\/anderson-silva-visualiza-vitoria-em-revanche-com-weidman-vencer-e-importante-para-meu-legado\/\">leia mais<\/a><\/p>\n","protected":false},"author":33,"featured_media":9651,"comment_status":"open","ping_status":"open","sticky":false,"template":"","format":"standard","meta":{"jetpack_post_was_ever_published":false,"_jetpack_newsletter_access":"","_jetpack_dont_email_post_to_subs":false,"_jetpack_newsletter_tier_id":0,"_jetpack_memberships_contains_paywalled_content":false,"_jetpack_memberships_contains_paid_content":false,"footnotes":"","jetpack_publicize_message":"","jetpack_publicize_feature_enabled":true,"jetpack_social_post_already_shared":false,"jetpack_social_options":{"image_generator_settings":{"template":"highway","default_image_id":0,"font":"","enabled":false},"version":2}},"categories":[1],"tags":[],"class_list":["post-9650","post","type-post","status-publish","format-standard","has-post-thumbnail","hentry","category-principal"],"jetpack_publicize_connections":[],"jetpack_featured_media_url":"https:\/\/blogs.gazetaesportiva.com\/planeta-octogono\/files\/2013\/12\/AndersonSilva_3_2.jpg","jetpack_sharing_enabled":true,"jetpack_shortlink":"https:\/\/wp.me\/p6rqUQ-2vE","_links":{"self":[{"href":"https:\/\/blogs.gazetaesportiva.com\/planeta-octogono\/wp-json\/wp\/v2\/posts\/9650","targetHints":{"allow":["GET"]}}],"collection":[{"href":"https:\/\/blogs.gazetaesportiva.com\/planeta-octogono\/wp-json\/wp\/v2\/posts"}],"about":[{"href":"https:\/\/blogs.gazetaesportiva.com\/planeta-octogono\/wp-json\/wp\/v2\/types\/post"}],"author":[{"embeddable":true,"href":"https:\/\/blogs.gazetaesportiva.com\/planeta-octogono\/wp-json\/wp\/v2\/users\/33"}],"replies":[{"embeddable":true,"href":"https:\/\/blogs.gazetaesportiva.com\/planeta-octogono\/wp-json\/wp\/v2\/comments?post=9650"}],"version-history":[{"count":0,"href":"https:\/\/blogs.gazetaesportiva.com\/planeta-octogono\/wp-json\/wp\/v2\/posts\/9650\/revisions"}],"wp:featuredmedia":[{"embeddable":true,"href":"https:\/\/blogs.gazetaesportiva.com\/planeta-octogono\/wp-json\/wp\/v2\/media\/9651"}],"wp:attachment":[{"href":"https:\/\/blogs.gazetaesportiva.com\/planeta-octogono\/wp-json\/wp\/v2\/media?parent=9650"}],"wp:term":[{"taxonomy":"category","embeddable":true,"href":"https:\/\/blogs.gazetaesportiva.com\/planeta-octogono\/wp-json\/wp\/v2\/categories?post=9650"},{"taxonomy":"post_tag","embeddable":true,"href":"https:\/\/blogs.gazetaesportiva.com\/planeta-octogono\/wp-json\/wp\/v2\/tags?post=9650"}],"curies":[{"name":"wp","href":"https:\/\/api.w.org\/{rel}","templated":true}]}}