{"id":9633,"date":"2013-12-20T15:44:28","date_gmt":"2013-12-20T17:44:28","guid":{"rendered":"https:\/\/blogs.gazetaesportiva.com\/planeta-octogono\/?p=9633"},"modified":"2013-12-20T15:44:28","modified_gmt":"2013-12-20T17:44:28","slug":"especial-glory-13-melhores-momentos-da-coletiva-de-imprensa-do-glory-no-japao","status":"publish","type":"post","link":"https:\/\/blogs.gazetaesportiva.com\/planeta-octogono\/2013\/12\/20\/especial-glory-13-melhores-momentos-da-coletiva-de-imprensa-do-glory-no-japao\/","title":{"rendered":"Especial GLORY 13: Melhores Momentos da Coletiva de Imprensa do GLORY no Jap\u00e3o"},"content":{"rendered":"<figure id=\"attachment_9634\" aria-describedby=\"caption-attachment-9634\" style=\"width: 600px\" class=\"wp-caption aligncenter\"><a href=\"https:\/\/blogs.gazetaesportiva.com\/planeta-octogono\/files\/2013\/12\/glorygirls.jpg\"><img loading=\"lazy\" decoding=\"async\" class=\"size-full wp-image-9634\" alt=\"Belas GLORY Girls, Alyssa Arce e Clark Gilmer chamam a aten\u00e7\u00e3o em pesagem e coletiva - Bruno Massami\" src=\"https:\/\/blogs.gazetaesportiva.com\/planeta-octogono\/files\/2013\/12\/glorygirls.jpg\" width=\"600\" height=\"400\" \/><\/a><figcaption id=\"caption-attachment-9634\" class=\"wp-caption-text\">Belas GLORY Girls, Alyssa Arce e Clark Gilmer chamam a aten\u00e7\u00e3o em pesagem e coletiva &#8211; Bruno Massami<\/figcaption><\/figure>\n<p>&nbsp;<\/p>\n<p>O GLORY realizou sua coletiva pr\u00e9 luta nesta sexta feira na capital japonesa Tokyo.<\/p>\n<p>Contando com com a participa\u00e7\u00e3o de tr\u00eas GLORY Girls (Alyssa Arce, Clark Gilmer e Elle Evans) as musas do evento mostraram brilho e beleza e chamou a aten\u00e7\u00e3o de todos na pesagem oficial do evento.<\/p>\n<p>&nbsp;<\/p>\n<figure id=\"attachment_9635\" aria-describedby=\"caption-attachment-9635\" style=\"width: 600px\" class=\"wp-caption aligncenter\"><a href=\"https:\/\/blogs.gazetaesportiva.com\/planeta-octogono\/files\/2013\/12\/elle.jpg\"><img loading=\"lazy\" decoding=\"async\" class=\"size-full wp-image-9635\" alt=\"Elle Evans participa de evento no Jap\u00e3o - Bruno Massami\" src=\"https:\/\/blogs.gazetaesportiva.com\/planeta-octogono\/files\/2013\/12\/elle.jpg\" width=\"600\" height=\"400\" \/><\/a><figcaption id=\"caption-attachment-9635\" class=\"wp-caption-text\">Elle Evans participa de evento no Jap\u00e3o &#8211; Bruno Massami<\/figcaption><\/figure>\n<p>&nbsp;<\/p>\n<p style=\"text-align: center\"><strong><em>Conhe\u00e7a as GLORY Girls:<\/em><\/strong><\/p>\n<p style=\"text-align: center\"><strong><em>[yframe url=&#8217;http:\/\/www.youtube.com\/watch?v=ktbKDiSVVDU&#8217;]<\/em><\/strong><\/p>\n<p style=\"text-align: center\">\n<p style=\"text-align: center\"><strong><em>Peter Aerts mostra desejo de combate duro apesar de aposentadoria<\/em><\/strong><\/p>\n<p style=\"text-align: center\">\n<p style=\"text-align: left\">Apesar de estar se aposentando neste s\u00e1bado oficialmente dos combates, o holand\u00eas Peter Aerts foi bastante acionado pela imprensa japonesa.<\/p>\n<p style=\"text-align: left\">Respondendo apenas com um \u00fanico discurso, Aerts se mostrou satisfeito em enfrentar o atual campe\u00e3o do GLORY, Rico Verhoeven.<\/p>\n<p style=\"text-align: left\">&#8220;Eu gosto de combates duros. Sempre desejei lutas que me testam ao m\u00e1ximo. Ent\u00e3o quero mostrar isto mais uma vez. Ser\u00e1 um grande combate e o mais duro de toda a minha carreira. Mas estou preparado sempre como estive antes.&#8221; disse Aerts.<\/p>\n<p style=\"text-align: left\">\n<figure id=\"attachment_9636\" aria-describedby=\"caption-attachment-9636\" style=\"width: 600px\" class=\"wp-caption aligncenter\"><a href=\"https:\/\/blogs.gazetaesportiva.com\/planeta-octogono\/files\/2013\/12\/aerts.jpg\"><img loading=\"lazy\" decoding=\"async\" class=\"size-full wp-image-9636\" alt=\"Peter Aerts se mostra satisfeito com combate contra Verhoeven - Bruno Massami\" src=\"https:\/\/blogs.gazetaesportiva.com\/planeta-octogono\/files\/2013\/12\/aerts.jpg\" width=\"600\" height=\"400\" \/><\/a><figcaption id=\"caption-attachment-9636\" class=\"wp-caption-text\">Peter Aerts se mostra satisfeito com combate contra Verhoeven &#8211; Bruno Massami<\/figcaption><\/figure>\n<p>&nbsp;<\/p>\n<p style=\"text-align: center\"><strong><em>Joseph Valtellini est\u00e1 pronto para surpreender e conquistar novos f\u00e3s ap\u00f3s pausa de GSP<\/em><\/strong><\/p>\n<p style=\"text-align: center\">\n<p style=\"text-align: left\">\u00danico canadense no GP de meio m\u00e9dios, Joseph Valtellini deseja provar ao mundo que pode ser o primeiro lutador de seu pa\u00eds a vencer um torneio do\u00a0 GLORY.<\/p>\n<p style=\"text-align: left\">Perguntado pelo blog na coletiva de imprensa se ap\u00f3s da pausa por tempo indeterminado do campe\u00e3o meio m\u00e9dio do UFC, Georges St.Pierre pode o ajudar a conquistar novos f\u00e3s caso consiga ser campe\u00e3o neste s\u00e1bado o lutador acredita que pode ser uma grande conquista para seu pa\u00eds.<\/p>\n<p style=\"text-align: left\">&#8220;Canad\u00e1 \u00e9 um grande mercado. E claro que com esta conquista ser\u00e1 muito grande para meu pa\u00eds e tamb\u00e9m para o GLORY.<\/p>\n<p style=\"text-align: left\">Eu acredito que tenho um perfil parecido com o de St.Pierre at\u00e9 porque os f\u00e3s me observam individualmente.<\/p>\n<p style=\"text-align: left\">Caso consiga levar o cintur\u00e3o para casa amanh\u00e3 ser\u00e1 muito bom. Espero que o GLORY possa realizar um evento em Toronto e para mim tamb\u00e9m ser\u00e1 \u00f3timo.&#8221; disse o lutador.<\/p>\n<figure id=\"attachment_9637\" aria-describedby=\"caption-attachment-9637\" style=\"width: 600px\" class=\"wp-caption aligncenter\"><a href=\"https:\/\/blogs.gazetaesportiva.com\/planeta-octogono\/files\/2013\/12\/joseph.jpg\"><img loading=\"lazy\" decoding=\"async\" class=\"size-full wp-image-9637\" alt=\"Joseph Valtellini analisa futuro caso ven\u00e7a torneio - Bruno Massami\" src=\"https:\/\/blogs.gazetaesportiva.com\/planeta-octogono\/files\/2013\/12\/joseph.jpg\" width=\"600\" height=\"400\" \/><\/a><figcaption id=\"caption-attachment-9637\" class=\"wp-caption-text\">Joseph Valtellini analisa futuro caso ven\u00e7a torneio &#8211; Bruno Massami<\/figcaption><\/figure>\n<p>&nbsp;<\/p>\n<p style=\"text-align: center\"><strong><em>Braddock manda mensagem especial para os f\u00e3s brasileiros<\/em><\/strong><\/p>\n<p>&nbsp;<\/p>\n<figure id=\"attachment_9638\" aria-describedby=\"caption-attachment-9638\" style=\"width: 600px\" class=\"wp-caption aligncenter\"><a href=\"https:\/\/blogs.gazetaesportiva.com\/planeta-octogono\/files\/2013\/12\/braddock.jpg\"><img loading=\"lazy\" decoding=\"async\" class=\"size-full wp-image-9638\" alt=\"Anderson Braddock manda mensagem para o Brasil antes de combate com Bonjasky - Bruno Massami\" src=\"https:\/\/blogs.gazetaesportiva.com\/planeta-octogono\/files\/2013\/12\/braddock.jpg\" width=\"600\" height=\"400\" \/><\/a><figcaption id=\"caption-attachment-9638\" class=\"wp-caption-text\">Anderson Braddock manda mensagem para o Brasil antes de combate com Bonjasky &#8211; Bruno Massami<\/figcaption><\/figure>\n<p>&nbsp;<\/p>\n<p>O blog conversou com o lutador Anderson &#8220;Braddock&#8221; Silva antes da coletiva de imprensa nesta sexta feira.<\/p>\n<p>O lutador enviou uma mensagem aos f\u00e3s no Brasil e no mundo e quer mostrar sua for\u00e7a contra o holand\u00eas Remy Bonjasky.<\/p>\n<p style=\"text-align: center\">\n<p style=\"text-align: center\"><strong><em>Veja na \u00edntegra a entrevista e mesnsagem de Braddock:<\/em><\/strong><\/p>\n<p style=\"text-align: center\">[yframe url=&#8217;http:\/\/www.youtube.com\/watch?v=S5smhAMbeFM&#8217;]<\/p>\n<p style=\"text-align: center\">\n<p style=\"text-align: center\">\n<p style=\"text-align: center\"><em><strong>Le Banner e Kharitonov prontos para esperado combate que foi adiado<\/strong><\/em><\/p>\n<p style=\"text-align: center\">\n<figure id=\"attachment_9639\" aria-describedby=\"caption-attachment-9639\" style=\"width: 600px\" class=\"wp-caption aligncenter\"><a href=\"https:\/\/blogs.gazetaesportiva.com\/planeta-octogono\/files\/2013\/12\/sergey.jpg\"><img loading=\"lazy\" decoding=\"async\" class=\"size-full wp-image-9639\" alt=\"Russo Kharitonov revela espera por Le Banner apesar de les\u00e3o no GLORY 10 - Bruno Massami\" src=\"https:\/\/blogs.gazetaesportiva.com\/planeta-octogono\/files\/2013\/12\/sergey.jpg\" width=\"600\" height=\"400\" \/><\/a><figcaption id=\"caption-attachment-9639\" class=\"wp-caption-text\">Russo Kharitonov revela espera por Le Banner apesar de les\u00e3o no GLORY 10 &#8211; Bruno Massami<\/figcaption><\/figure>\n<p>&nbsp;<\/p>\n<p style=\"text-align: left\">Ap\u00f3s ter o encontro no GLORY 10 em Los Angeles adiado devido a uma les\u00e3o, o franc\u00eas Jerome Le Banner e o russo Sergey Kharitonov v\u00e3o se enfrentar neste s\u00e1bado.<\/p>\n<p style=\"text-align: left\">Preparado para o combate, Sergey confessou que estava se preparando para este confronto desde a les\u00e3o que adiou a luta.<\/p>\n<p style=\"text-align: left\">&#8220;Infelizmente, Le Banner se machucou mas sempre me prepararei visando esta luta.<\/p>\n<p style=\"text-align: left\">Estou satisfeito e muito preparado. Vamos ver como vai ser a luta amanh\u00e3.&#8221; disse o russo que lutou no \u00faltimo dia 30 de novembro no evento M-1 Challenge na R\u00fassia.<\/p>\n<p style=\"text-align: left\">Le Banner mostrou respeito por Kharitonov e aguarda um duro duelo em Tokyo neste s\u00e1bado.<\/p>\n<p style=\"text-align: left\">&#8220;Eu tive uma les\u00e3o nas costas. Acabei ficando de fora do GLORY 10. Mas agora esta luta vai acontecer e estou preparado porque ser\u00e1 uma luta muito dura. Ele (Sergey) \u00e9 um lutador muito duro e ser\u00e1 bem legal porque venho para fazer um grande combate.&#8221; disse Jerome.<\/p>\n<figure id=\"attachment_9640\" aria-describedby=\"caption-attachment-9640\" style=\"width: 600px\" class=\"wp-caption aligncenter\"><a href=\"https:\/\/blogs.gazetaesportiva.com\/planeta-octogono\/files\/2013\/12\/banner.jpg\"><img loading=\"lazy\" decoding=\"async\" class=\"size-full wp-image-9640\" alt=\"Le Banner espera combatre duro e mostra respeito a Kharitonov  - Bruno Massami\" src=\"https:\/\/blogs.gazetaesportiva.com\/planeta-octogono\/files\/2013\/12\/banner.jpg\" width=\"600\" height=\"400\" \/><\/a><figcaption id=\"caption-attachment-9640\" class=\"wp-caption-text\">Le Banner espera combatre duro e mostra respeito a Kharitonov &#8211; Bruno Massami<\/figcaption><\/figure>\n<p style=\"text-align: left\">\n<p style=\"text-align: center\">\n<p style=\"text-align: center\">\n<p style=\"text-align: center\">\n<p style=\"text-align: center\">\n<p>&nbsp;<\/p>\n<p>&nbsp;<\/p>\n<p>&nbsp;<\/p>\n<p>&nbsp;<\/p>\n","protected":false},"excerpt":{"rendered":"<p>&nbsp; O GLORY realizou sua coletiva pr\u00e9 luta nesta sexta feira na capital japonesa Tokyo. Contando com com a participa\u00e7\u00e3o de tr\u00eas GLORY Girls (Alyssa <a class=\"read-more\" href=\"https:\/\/blogs.gazetaesportiva.com\/planeta-octogono\/2013\/12\/20\/especial-glory-13-melhores-momentos-da-coletiva-de-imprensa-do-glory-no-japao\/\">leia mais<\/a><\/p>\n","protected":false},"author":33,"featured_media":9640,"comment_status":"open","ping_status":"open","sticky":false,"template":"","format":"standard","meta":{"jetpack_post_was_ever_published":false,"_jetpack_newsletter_access":"","_jetpack_dont_email_post_to_subs":false,"_jetpack_newsletter_tier_id":0,"_jetpack_memberships_contains_paywalled_content":false,"_jetpack_memberships_contains_paid_content":false,"footnotes":"","jetpack_publicize_message":"","jetpack_publicize_feature_enabled":true,"jetpack_social_post_already_shared":false,"jetpack_social_options":{"image_generator_settings":{"template":"highway","default_image_id":0,"font":"","enabled":false},"version":2}},"categories":[1],"tags":[],"class_list":["post-9633","post","type-post","status-publish","format-standard","has-post-thumbnail","hentry","category-principal"],"jetpack_publicize_connections":[],"jetpack_featured_media_url":"https:\/\/blogs.gazetaesportiva.com\/planeta-octogono\/files\/2013\/12\/banner.jpg","jetpack_sharing_enabled":true,"jetpack_shortlink":"https:\/\/wp.me\/p6rqUQ-2vn","_links":{"self":[{"href":"https:\/\/blogs.gazetaesportiva.com\/planeta-octogono\/wp-json\/wp\/v2\/posts\/9633","targetHints":{"allow":["GET"]}}],"collection":[{"href":"https:\/\/blogs.gazetaesportiva.com\/planeta-octogono\/wp-json\/wp\/v2\/posts"}],"about":[{"href":"https:\/\/blogs.gazetaesportiva.com\/planeta-octogono\/wp-json\/wp\/v2\/types\/post"}],"author":[{"embeddable":true,"href":"https:\/\/blogs.gazetaesportiva.com\/planeta-octogono\/wp-json\/wp\/v2\/users\/33"}],"replies":[{"embeddable":true,"href":"https:\/\/blogs.gazetaesportiva.com\/planeta-octogono\/wp-json\/wp\/v2\/comments?post=9633"}],"version-history":[{"count":0,"href":"https:\/\/blogs.gazetaesportiva.com\/planeta-octogono\/wp-json\/wp\/v2\/posts\/9633\/revisions"}],"wp:featuredmedia":[{"embeddable":true,"href":"https:\/\/blogs.gazetaesportiva.com\/planeta-octogono\/wp-json\/wp\/v2\/media\/9640"}],"wp:attachment":[{"href":"https:\/\/blogs.gazetaesportiva.com\/planeta-octogono\/wp-json\/wp\/v2\/media?parent=9633"}],"wp:term":[{"taxonomy":"category","embeddable":true,"href":"https:\/\/blogs.gazetaesportiva.com\/planeta-octogono\/wp-json\/wp\/v2\/categories?post=9633"},{"taxonomy":"post_tag","embeddable":true,"href":"https:\/\/blogs.gazetaesportiva.com\/planeta-octogono\/wp-json\/wp\/v2\/tags?post=9633"}],"curies":[{"name":"wp","href":"https:\/\/api.w.org\/{rel}","templated":true}]}}