{"id":9625,"date":"2013-12-20T14:51:29","date_gmt":"2013-12-20T16:51:29","guid":{"rendered":"https:\/\/blogs.gazetaesportiva.com\/planeta-octogono\/?p=9625"},"modified":"2013-12-20T14:52:13","modified_gmt":"2013-12-20T16:52:13","slug":"encarada-tensa-entre-ghita-e-zimmerman-agita-pesagem-oficial-do-glory-no-japao","status":"publish","type":"post","link":"https:\/\/blogs.gazetaesportiva.com\/planeta-octogono\/2013\/12\/20\/encarada-tensa-entre-ghita-e-zimmerman-agita-pesagem-oficial-do-glory-no-japao\/","title":{"rendered":"Encarada tensa entre Ghita e Zimmerman agita pesagem oficial do GLORY no Jap\u00e3o"},"content":{"rendered":"<figure id=\"attachment_9626\" aria-describedby=\"caption-attachment-9626\" style=\"width: 600px\" class=\"wp-caption aligncenter\"><a href=\"https:\/\/blogs.gazetaesportiva.com\/planeta-octogono\/files\/2013\/12\/ghitazimmerman.jpg\"><img loading=\"lazy\" decoding=\"async\" class=\"size-full wp-image-9626\" alt=\"Errol Zimmerman e Daniel Ghita se estranham em encarada - Bruno Massami\" src=\"https:\/\/blogs.gazetaesportiva.com\/planeta-octogono\/files\/2013\/12\/ghitazimmerman.jpg\" width=\"600\" height=\"400\" \/><\/a><figcaption id=\"caption-attachment-9626\" class=\"wp-caption-text\">Errol Zimmerman e Daniel Ghita (direita) se estranham em encarada &#8211; Bruno Massami<\/figcaption><\/figure>\n<p>&nbsp;<\/p>\n<p>Direto de Tokyo.<\/p>\n<p>&nbsp;<\/p>\n<p>A Pesagem Oficial do GLORY 13 que aconteceu nesta sexta feira no Jap\u00e3o teve clima quente no Hotel Keio Plaza na cidade de Tokyo.<\/p>\n<p>Com respeito entre os lutadores, apenas o romeno Daniel Ghita e o lutador holand\u00eas Errol Zimmerman se estranharam na pesagem do evento.<\/p>\n<p>Ap\u00f3s uma encarada quente, os lutadores se empurraram e tiveram que ser contidos pelo matchmaker do evento, Cor Hemmers.<\/p>\n<p>&nbsp;<\/p>\n<p style=\"text-align: center\">[yframe url=&#8217;http:\/\/www.youtube.com\/watch?v=U0yq9kC8aCQ&#8217;]<\/p>\n<p>&nbsp;<\/p>\n<p>Com v\u00e1rios combates aguardados na edi\u00e7\u00e3o, tr\u00eas brasileiros foram anunciados para este evento que acontece neste s\u00e1bado.<\/p>\n<p>Os confirmados Anderson &#8220;Braddock&#8221; Silva enfrenta o holand\u00eas Remy Bonjasky em uma revanche no evento.<\/p>\n<p>Bonjasky venceu o primeiro combate em um resultado controverso.<\/p>\n<p>&nbsp;<\/p>\n<figure id=\"attachment_9627\" aria-describedby=\"caption-attachment-9627\" style=\"width: 600px\" class=\"wp-caption aligncenter\"><a href=\"https:\/\/blogs.gazetaesportiva.com\/planeta-octogono\/files\/2013\/12\/braddockremy.jpg\"><img loading=\"lazy\" decoding=\"async\" class=\"size-full wp-image-9627\" alt=\"Anderson Braddock enfrenta algoz Remy Bonjasky neste s\u00e1bado - Bruno Massami\" src=\"https:\/\/blogs.gazetaesportiva.com\/planeta-octogono\/files\/2013\/12\/braddockremy.jpg\" width=\"600\" height=\"400\" \/><\/a><figcaption id=\"caption-attachment-9627\" class=\"wp-caption-text\">Anderson Braddock (esquerda) enfrenta Remy Bonjasky neste s\u00e1bado &#8211; Bruno Massami<\/figcaption><\/figure>\n<p>&nbsp;<\/p>\n<p>Depois de alguns anos se dedicando ao MMA, o karateca \u00c9werton Teixeira est\u00e1 de volta ao kickboxing.<\/p>\n<p>Enfrentando o eg\u00edpcio Hesdy Gerges, o lutador que tem um grande cartel atuando em outros eventos da modalidade faz sua estr\u00e9ia no GLORY.<\/p>\n<figure id=\"attachment_9628\" aria-describedby=\"caption-attachment-9628\" style=\"width: 600px\" class=\"wp-caption aligncenter\"><a href=\"https:\/\/blogs.gazetaesportiva.com\/planeta-octogono\/files\/2013\/12\/ewertonhesdy.jpg\"><img loading=\"lazy\" decoding=\"async\" class=\"size-full wp-image-9628\" alt=\"\u00c9werton Teixeira (direita) enfrenta Hesdy Gerges neste s\u00e1bado - Bruno Massami\" src=\"https:\/\/blogs.gazetaesportiva.com\/planeta-octogono\/files\/2013\/12\/ewertonhesdy.jpg\" width=\"600\" height=\"400\" \/><\/a><figcaption id=\"caption-attachment-9628\" class=\"wp-caption-text\">\u00c9werton Teixeira (direita) enfrenta Hesdy Gerges neste s\u00e1bado &#8211; Bruno Massami<\/figcaption><\/figure>\n<p>&nbsp;<\/p>\n<p>Fazendo sua estr\u00e9ia na organiza\u00e7\u00e3o, o lutador N\u00edlton Batista foi a surpresa brasileira anunciada pelo GLORY neste s\u00e1bado.<\/p>\n<p>O lutador que representa a academia Brazilian Thai no Jap\u00e3o, \u00e9 aluno do kickboxer Danilo Zanolini e possui um cartel de 2 vit\u00f3rias e uma derrota.<\/p>\n<p>O brasileiro enfrenta o japon\u00eas Takayuki na quinta luta pr\u00e9 preliminar do evento.<\/p>\n<p>&nbsp;<\/p>\n<figure id=\"attachment_9629\" aria-describedby=\"caption-attachment-9629\" style=\"width: 600px\" class=\"wp-caption aligncenter\"><a href=\"https:\/\/blogs.gazetaesportiva.com\/planeta-octogono\/files\/2013\/12\/nilton.jpg\"><img loading=\"lazy\" decoding=\"async\" class=\"size-full wp-image-9629\" alt=\"Nilton Batista estr\u00e9ia em edi\u00e7\u00e3o contra japon\u00eas - Bruno Massami\" src=\"https:\/\/blogs.gazetaesportiva.com\/planeta-octogono\/files\/2013\/12\/nilton.jpg\" width=\"600\" height=\"400\" \/><\/a><figcaption id=\"caption-attachment-9629\" class=\"wp-caption-text\">Nilton Batista estr\u00e9ia em edi\u00e7\u00e3o contra japon\u00eas &#8211; Bruno Massami<\/figcaption><\/figure>\n<p>&nbsp;<\/p>\n<p>A lenda Peter Aerts se despede do kickboxing enfrentando o campe\u00e3o do GLORY, o compatriota Rico Verhoeven.<\/p>\n<p>Rico que conquistou recentemente o GP de Pesados da organiza\u00e7\u00e3o na edi\u00e7\u00e3o 11 em Chicago, faz o combate principal contra o \u00eddolo dos f\u00e3s japoneses.<\/p>\n<p>&nbsp;<\/p>\n<p style=\"text-align: center\">[yframe url=&#8217;http:\/\/www.youtube.com\/watch?v=9kXQ61hcAf8&#8242;]<\/p>\n<p>&nbsp;<\/p>\n<figure id=\"attachment_9630\" aria-describedby=\"caption-attachment-9630\" style=\"width: 600px\" class=\"wp-caption aligncenter\"><a href=\"https:\/\/blogs.gazetaesportiva.com\/planeta-octogono\/files\/2013\/12\/rico.jpg\"><img loading=\"lazy\" decoding=\"async\" class=\"size-full wp-image-9630\" alt=\"rico\" src=\"https:\/\/blogs.gazetaesportiva.com\/planeta-octogono\/files\/2013\/12\/rico.jpg\" width=\"600\" height=\"400\" \/><\/a><figcaption id=\"caption-attachment-9630\" class=\"wp-caption-text\">Verhoeven (esquerda) de combate de despedida de Peter Aerts &#8211; Bruno Massami<\/figcaption><\/figure>\n<p>&nbsp;<\/p>\n<p>Al\u00e9m dos grandes combates com grandes nomes do kickboxing como Jerome Le Banner, Sergey Kharitonov, Artur Kyschenko.<\/p>\n<p>&nbsp;<\/p>\n<p style=\"text-align: center\">[yframe url=&#8217;http:\/\/www.youtube.com\/watch?v=ZX7BNgxeY9I&#8217;]<\/p>\n<p>&nbsp;<\/p>\n<p>O evento tem\u00a0o GP de\u00a0 meio m\u00e9dios (at\u00e9 77 kg) que conta com o holand\u00eas Nieky Holzken, o canadense Joseph Valtellini, o arm\u00eanio Karapet Karapetyan e o americano Raymond Daniels.<\/p>\n<p style=\"text-align: center\"><strong><em>Conhe\u00e7a os participantes do GP de meio m\u00e9dios do GLORY:<\/em><\/strong><\/p>\n<p style=\"text-align: center\">[yframe url=&#8217;http:\/\/www.youtube.com\/watch?v=e-lCkdIjr5A&#8217;]<\/p>\n<p style=\"text-align: center\">[yframe url=&#8217;http:\/\/www.youtube.com\/watch?v=TpFCynE_bq0&#8242;]<\/p>\n<p style=\"text-align: center\">[yframe url=&#8217;http:\/\/www.youtube.com\/watch?v=pnMXfgqhoco&#8217;]<\/p>\n<p>&nbsp;<\/p>\n","protected":false},"excerpt":{"rendered":"<p>&nbsp; Direto de Tokyo. &nbsp; A Pesagem Oficial do GLORY 13 que aconteceu nesta sexta feira no Jap\u00e3o teve clima quente no Hotel Keio Plaza <a class=\"read-more\" href=\"https:\/\/blogs.gazetaesportiva.com\/planeta-octogono\/2013\/12\/20\/encarada-tensa-entre-ghita-e-zimmerman-agita-pesagem-oficial-do-glory-no-japao\/\">leia mais<\/a><\/p>\n","protected":false},"author":33,"featured_media":9630,"comment_status":"open","ping_status":"open","sticky":false,"template":"","format":"standard","meta":{"jetpack_post_was_ever_published":false,"_jetpack_newsletter_access":"","_jetpack_dont_email_post_to_subs":false,"_jetpack_newsletter_tier_id":0,"_jetpack_memberships_contains_paywalled_content":false,"_jetpack_memberships_contains_paid_content":false,"footnotes":"","jetpack_publicize_message":"","jetpack_publicize_feature_enabled":true,"jetpack_social_post_already_shared":false,"jetpack_social_options":{"image_generator_settings":{"template":"highway","default_image_id":0,"font":"","enabled":false},"version":2}},"categories":[1],"tags":[],"class_list":["post-9625","post","type-post","status-publish","format-standard","has-post-thumbnail","hentry","category-principal"],"jetpack_publicize_connections":[],"jetpack_featured_media_url":"https:\/\/blogs.gazetaesportiva.com\/planeta-octogono\/files\/2013\/12\/rico.jpg","jetpack_sharing_enabled":true,"jetpack_shortlink":"https:\/\/wp.me\/p6rqUQ-2vf","_links":{"self":[{"href":"https:\/\/blogs.gazetaesportiva.com\/planeta-octogono\/wp-json\/wp\/v2\/posts\/9625","targetHints":{"allow":["GET"]}}],"collection":[{"href":"https:\/\/blogs.gazetaesportiva.com\/planeta-octogono\/wp-json\/wp\/v2\/posts"}],"about":[{"href":"https:\/\/blogs.gazetaesportiva.com\/planeta-octogono\/wp-json\/wp\/v2\/types\/post"}],"author":[{"embeddable":true,"href":"https:\/\/blogs.gazetaesportiva.com\/planeta-octogono\/wp-json\/wp\/v2\/users\/33"}],"replies":[{"embeddable":true,"href":"https:\/\/blogs.gazetaesportiva.com\/planeta-octogono\/wp-json\/wp\/v2\/comments?post=9625"}],"version-history":[{"count":0,"href":"https:\/\/blogs.gazetaesportiva.com\/planeta-octogono\/wp-json\/wp\/v2\/posts\/9625\/revisions"}],"wp:featuredmedia":[{"embeddable":true,"href":"https:\/\/blogs.gazetaesportiva.com\/planeta-octogono\/wp-json\/wp\/v2\/media\/9630"}],"wp:attachment":[{"href":"https:\/\/blogs.gazetaesportiva.com\/planeta-octogono\/wp-json\/wp\/v2\/media?parent=9625"}],"wp:term":[{"taxonomy":"category","embeddable":true,"href":"https:\/\/blogs.gazetaesportiva.com\/planeta-octogono\/wp-json\/wp\/v2\/categories?post=9625"},{"taxonomy":"post_tag","embeddable":true,"href":"https:\/\/blogs.gazetaesportiva.com\/planeta-octogono\/wp-json\/wp\/v2\/tags?post=9625"}],"curies":[{"name":"wp","href":"https:\/\/api.w.org\/{rel}","templated":true}]}}