{"id":9622,"date":"2013-12-20T14:15:36","date_gmt":"2013-12-20T16:15:36","guid":{"rendered":"https:\/\/blogs.gazetaesportiva.com\/planeta-octogono\/?p=9622"},"modified":"2013-12-20T14:15:36","modified_gmt":"2013-12-20T16:15:36","slug":"apos-criticas-de-pezao-dr-marcio-tannure-responde-em-comunicado-nunca-fui-o-medico-dele","status":"publish","type":"post","link":"https:\/\/blogs.gazetaesportiva.com\/planeta-octogono\/2013\/12\/20\/apos-criticas-de-pezao-dr-marcio-tannure-responde-em-comunicado-nunca-fui-o-medico-dele\/","title":{"rendered":"Ap\u00f3s cr\u00edticas de Pez\u00e3o, Dr. M\u00e1rcio Tannure responde em comunicado: Nunca fui o m\u00e9dico dele!"},"content":{"rendered":"<figure id=\"attachment_9623\" aria-describedby=\"caption-attachment-9623\" style=\"width: 300px\" class=\"wp-caption aligncenter\"><a href=\"https:\/\/blogs.gazetaesportiva.com\/planeta-octogono\/files\/2013\/12\/captura_de_tela_2013-06-24_as_17_52_08.png\"><img loading=\"lazy\" decoding=\"async\" class=\"size-full wp-image-9623\" alt=\"Diretor M\u00e9dico de Comiss\u00e3o Brasileira de MMA responde a lutador - Reprodu\u00e7\u00e3o Facebook\" src=\"https:\/\/blogs.gazetaesportiva.com\/planeta-octogono\/files\/2013\/12\/captura_de_tela_2013-06-24_as_17_52_08.png\" width=\"300\" height=\"230\" \/><\/a><figcaption id=\"caption-attachment-9623\" class=\"wp-caption-text\">Diretor M\u00e9dico de Comiss\u00e3o Brasileira de MMA responde a lutador &#8211; Reprodu\u00e7\u00e3o Facebook<\/figcaption><\/figure>\n<p>&nbsp;<\/p>\n<p>Em um comunicado enviado a imprensa americana, o Dr. M\u00e1rcio Tannure, Diretor M\u00e9dico da Comiss\u00e3o Brasileira de MMA respondeu as \u00faltimas cr\u00edticas do lutador brasileiro Ant\u00f4nio Pez\u00e3o.<\/p>\n<p>Sendo duramente criticado e at\u00e9 avisado que deve ser processado pelo lutador, Tannure anunciou que apenas seguiu instru\u00e7\u00f5es do UFC e que n\u00e3o \u00e9 o m\u00e9dico do lutador paraibano.<\/p>\n<p>&#8220;Para ser claro, eu n\u00e3o sou, e nunca fui, o m\u00e9dico do Ant\u00f4nio Silva. Ant\u00f4nio &#8220;Pez\u00e3o&#8221; Silva fez algumas declara\u00e7\u00f5es imprecisas na imprensa recentemente sobre as circunst\u00e2ncias que levaram ao seu exame positivo.<\/p>\n<p>Estou enviando este comunicado para esclarecer os fatos relacionados ao meu envolvimento limitado antes desta luta com Mark Hunt.<\/p>\n<p>Aproximadamente sete a 10 dias antes da luta, o m\u00e9dico pessoal do Ant\u00f4nio e eu discutimos o fato que, apesar do TRT, seus n\u00edveis de testosterona seguiam abaixo do n\u00edvel terap\u00eautico.<\/p>\n<p>Seu m\u00e9dico recomendou que Ant\u00f4nio aumentasse a frequ\u00eancia da dosagem de testosterona, baseado em seus n\u00edveis anteriores, e me pediu para que eu comunicasse essa recomenda\u00e7\u00e3o ao Ant\u00f4nio, o que eu fiz atrav\u00e9s de e-mail.<\/p>\n<p>Tamb\u00e9m disse a Ant\u00f4nio para me contactar se ele tivesse qualquer d\u00favida. O m\u00e9cico pessoal de Ant\u00f4nio e eu concordamos que sua \u00faltima inje\u00e7\u00e3o deveria ser tomada em 30 de novembro de 2013 &#8211; uma semana antes da sua luta.<\/p>\n<p>Tamb\u00e9m comuniquei isso ao Ant\u00f4nio. Essa foi a extens\u00e3o do meu envolvimento nesse assunto.&#8221; disse o m\u00e9dico em comunicado divulgado pelo site americano MMA Junkie.<\/p>\n<p>Pez\u00e3o foi suspenso por 9 meses e perdeu o b\u00f4nus de luta da noite no combate contra Mark Hunt.<\/p>\n<p>O UFC n\u00e3o se pronunciou a respeito ap\u00f3s as cr\u00edticas do lutador brasileiro.<\/p>\n<p>Tannure auxilia os lutadores brasileiros que pedem para\u00a0usar a terapia de reposi\u00e7\u00e3o de testosterona, como o caso de Vitor Belfort em seus \u00fatlimos combates.<\/p>\n","protected":false},"excerpt":{"rendered":"<p>&nbsp; Em um comunicado enviado a imprensa americana, o Dr. M\u00e1rcio Tannure, Diretor M\u00e9dico da Comiss\u00e3o Brasileira de MMA respondeu as \u00faltimas cr\u00edticas do lutador <a class=\"read-more\" href=\"https:\/\/blogs.gazetaesportiva.com\/planeta-octogono\/2013\/12\/20\/apos-criticas-de-pezao-dr-marcio-tannure-responde-em-comunicado-nunca-fui-o-medico-dele\/\">leia mais<\/a><\/p>\n","protected":false},"author":33,"featured_media":9623,"comment_status":"open","ping_status":"open","sticky":false,"template":"","format":"standard","meta":{"jetpack_post_was_ever_published":false,"_jetpack_newsletter_access":"","_jetpack_dont_email_post_to_subs":false,"_jetpack_newsletter_tier_id":0,"_jetpack_memberships_contains_paywalled_content":false,"_jetpack_memberships_contains_paid_content":false,"footnotes":"","jetpack_publicize_message":"","jetpack_publicize_feature_enabled":true,"jetpack_social_post_already_shared":false,"jetpack_social_options":{"image_generator_settings":{"template":"highway","default_image_id":0,"font":"","enabled":false},"version":2}},"categories":[1],"tags":[],"class_list":["post-9622","post","type-post","status-publish","format-standard","has-post-thumbnail","hentry","category-principal"],"jetpack_publicize_connections":[],"jetpack_featured_media_url":"https:\/\/blogs.gazetaesportiva.com\/planeta-octogono\/files\/2013\/12\/captura_de_tela_2013-06-24_as_17_52_08.png","jetpack_sharing_enabled":true,"jetpack_shortlink":"https:\/\/wp.me\/p6rqUQ-2vc","_links":{"self":[{"href":"https:\/\/blogs.gazetaesportiva.com\/planeta-octogono\/wp-json\/wp\/v2\/posts\/9622","targetHints":{"allow":["GET"]}}],"collection":[{"href":"https:\/\/blogs.gazetaesportiva.com\/planeta-octogono\/wp-json\/wp\/v2\/posts"}],"about":[{"href":"https:\/\/blogs.gazetaesportiva.com\/planeta-octogono\/wp-json\/wp\/v2\/types\/post"}],"author":[{"embeddable":true,"href":"https:\/\/blogs.gazetaesportiva.com\/planeta-octogono\/wp-json\/wp\/v2\/users\/33"}],"replies":[{"embeddable":true,"href":"https:\/\/blogs.gazetaesportiva.com\/planeta-octogono\/wp-json\/wp\/v2\/comments?post=9622"}],"version-history":[{"count":0,"href":"https:\/\/blogs.gazetaesportiva.com\/planeta-octogono\/wp-json\/wp\/v2\/posts\/9622\/revisions"}],"wp:featuredmedia":[{"embeddable":true,"href":"https:\/\/blogs.gazetaesportiva.com\/planeta-octogono\/wp-json\/wp\/v2\/media\/9623"}],"wp:attachment":[{"href":"https:\/\/blogs.gazetaesportiva.com\/planeta-octogono\/wp-json\/wp\/v2\/media?parent=9622"}],"wp:term":[{"taxonomy":"category","embeddable":true,"href":"https:\/\/blogs.gazetaesportiva.com\/planeta-octogono\/wp-json\/wp\/v2\/categories?post=9622"},{"taxonomy":"post_tag","embeddable":true,"href":"https:\/\/blogs.gazetaesportiva.com\/planeta-octogono\/wp-json\/wp\/v2\/tags?post=9622"}],"curies":[{"name":"wp","href":"https:\/\/api.w.org\/{rel}","templated":true}]}}