{"id":9612,"date":"2013-12-19T08:19:20","date_gmt":"2013-12-19T10:19:20","guid":{"rendered":"https:\/\/blogs.gazetaesportiva.com\/planeta-octogono\/?p=9612"},"modified":"2013-12-19T08:19:20","modified_gmt":"2013-12-19T10:19:20","slug":"chael-sonnen-desconversa-sobre-operacao-antes-de-combate-com-rashad-evans-no-ufc-167","status":"publish","type":"post","link":"https:\/\/blogs.gazetaesportiva.com\/planeta-octogono\/2013\/12\/19\/chael-sonnen-desconversa-sobre-operacao-antes-de-combate-com-rashad-evans-no-ufc-167\/","title":{"rendered":"Chael Sonnen desconversa sobre opera\u00e7\u00e3o antes de combate com Rashad Evans no UFC 167"},"content":{"rendered":"<figure id=\"attachment_9613\" aria-describedby=\"caption-attachment-9613\" style=\"width: 432px\" class=\"wp-caption aligncenter\"><a href=\"https:\/\/blogs.gazetaesportiva.com\/planeta-octogono\/files\/2013\/12\/1452284_10152015667521276_922106769_n.jpg\"><img loading=\"lazy\" decoding=\"async\" class=\" wp-image-9613 \" alt=\"Sonnen (direita) teria feito opera\u00e7\u00e3o cir\u00fargica antes de enfrentar Rashad - Divulga\u00e7\u00e3o UFC\/Josh Hedges\" src=\"https:\/\/blogs.gazetaesportiva.com\/planeta-octogono\/files\/2013\/12\/1452284_10152015667521276_922106769_n.jpg\" width=\"432\" height=\"600\" \/><\/a><figcaption id=\"caption-attachment-9613\" class=\"wp-caption-text\">Sonnen (direita) teria feito opera\u00e7\u00e3o cir\u00fargica antes de enfrentar Rashad &#8211; Divulga\u00e7\u00e3o UFC\/Josh Hedges<\/figcaption><\/figure>\n<p>&nbsp;<\/p>\n<p>Segundo o site canadense TNS, o lutador americano Chael Sonnen teria realizado uma opera\u00e7\u00e3o para retirar alguns cent\u00edmetros de seu c\u00f3lon (uma parte do intestino grosso) antes do combate, no dia da pesagem oficial contra o americano Rashad Evans no UFC 167.<\/p>\n<p>Sonnen que foi derrotado por Evans no combate tamb\u00e9m teria sido procurado pela publica\u00e7\u00e3o canadense e procurou desconversar sobre o assunto.<\/p>\n<p>&#8220;\u00c9 um pouco surpresa para mim voc\u00ea ter essa informa\u00e7\u00e3o.\u00a0Quando eu assino um contrato para lutar, estou concordando em lutar com um cara em um determinado dia e em um determinado local.<\/p>\n<p>\u00c9 o meu trabalho me sentir bem quando eu sair e faz\u00ea-lo e, caso isso n\u00e3o ocorra, isso pode me custar caro na luta.&#8221; disse o lutador que tem pela frente a grava\u00e7\u00e3o da terceira temporada do reality show de lutas do UFC, The Ultimate Fighter Brasil, com o brasileiro Wanderlei Silva.<\/p>\n<p>As grava\u00e7\u00f5es do programa devem acontecer durante o m\u00eas de janeiro e fevereiro com Sonnen indo para o Brasil, para gravar o reality que ser\u00e1 exibido na Rede Globo de Televis\u00e3o sem data ainda definida.<\/p>\n<p>Ap\u00f3s perder pela segunda vez para Anderson Silva, Sonnen vem em uma s\u00e9rie negativa de derrotas e somente venceu o combate contra Maur\u00edcio Shogun, sendo derrotado pelo campe\u00e3o meio pesado do evento, o americano Jon Jones e seu \u00faltimo advers\u00e1rio Rashad Evans.<\/p>\n<p>&nbsp;<\/p>\n","protected":false},"excerpt":{"rendered":"<p>&nbsp; Segundo o site canadense TNS, o lutador americano Chael Sonnen teria realizado uma opera\u00e7\u00e3o para retirar alguns cent\u00edmetros de seu c\u00f3lon (uma parte do <a class=\"read-more\" href=\"https:\/\/blogs.gazetaesportiva.com\/planeta-octogono\/2013\/12\/19\/chael-sonnen-desconversa-sobre-operacao-antes-de-combate-com-rashad-evans-no-ufc-167\/\">leia mais<\/a><\/p>\n","protected":false},"author":33,"featured_media":9613,"comment_status":"open","ping_status":"open","sticky":false,"template":"","format":"standard","meta":{"jetpack_post_was_ever_published":false,"_jetpack_newsletter_access":"","_jetpack_dont_email_post_to_subs":false,"_jetpack_newsletter_tier_id":0,"_jetpack_memberships_contains_paywalled_content":false,"_jetpack_memberships_contains_paid_content":false,"footnotes":"","jetpack_publicize_message":"","jetpack_publicize_feature_enabled":true,"jetpack_social_post_already_shared":false,"jetpack_social_options":{"image_generator_settings":{"template":"highway","default_image_id":0,"font":"","enabled":false},"version":2}},"categories":[1],"tags":[],"class_list":["post-9612","post","type-post","status-publish","format-standard","has-post-thumbnail","hentry","category-principal"],"jetpack_publicize_connections":[],"jetpack_featured_media_url":"https:\/\/blogs.gazetaesportiva.com\/planeta-octogono\/files\/2013\/12\/1452284_10152015667521276_922106769_n.jpg","jetpack_sharing_enabled":true,"jetpack_shortlink":"https:\/\/wp.me\/p6rqUQ-2v2","_links":{"self":[{"href":"https:\/\/blogs.gazetaesportiva.com\/planeta-octogono\/wp-json\/wp\/v2\/posts\/9612","targetHints":{"allow":["GET"]}}],"collection":[{"href":"https:\/\/blogs.gazetaesportiva.com\/planeta-octogono\/wp-json\/wp\/v2\/posts"}],"about":[{"href":"https:\/\/blogs.gazetaesportiva.com\/planeta-octogono\/wp-json\/wp\/v2\/types\/post"}],"author":[{"embeddable":true,"href":"https:\/\/blogs.gazetaesportiva.com\/planeta-octogono\/wp-json\/wp\/v2\/users\/33"}],"replies":[{"embeddable":true,"href":"https:\/\/blogs.gazetaesportiva.com\/planeta-octogono\/wp-json\/wp\/v2\/comments?post=9612"}],"version-history":[{"count":0,"href":"https:\/\/blogs.gazetaesportiva.com\/planeta-octogono\/wp-json\/wp\/v2\/posts\/9612\/revisions"}],"wp:featuredmedia":[{"embeddable":true,"href":"https:\/\/blogs.gazetaesportiva.com\/planeta-octogono\/wp-json\/wp\/v2\/media\/9613"}],"wp:attachment":[{"href":"https:\/\/blogs.gazetaesportiva.com\/planeta-octogono\/wp-json\/wp\/v2\/media?parent=9612"}],"wp:term":[{"taxonomy":"category","embeddable":true,"href":"https:\/\/blogs.gazetaesportiva.com\/planeta-octogono\/wp-json\/wp\/v2\/categories?post=9612"},{"taxonomy":"post_tag","embeddable":true,"href":"https:\/\/blogs.gazetaesportiva.com\/planeta-octogono\/wp-json\/wp\/v2\/tags?post=9612"}],"curies":[{"name":"wp","href":"https:\/\/api.w.org\/{rel}","templated":true}]}}