{"id":8213,"date":"2013-10-10T00:48:34","date_gmt":"2013-10-10T03:48:34","guid":{"rendered":"https:\/\/blogs.gazetaesportiva.com\/planeta-octogono\/?p=8213"},"modified":"2013-10-10T01:57:22","modified_gmt":"2013-10-10T04:57:22","slug":"representante-do-ufc-confirma-evento-em-sao-paulo-em-2014-e-interesse-em-realizar-evento-no-estadio-do-palmeiras","status":"publish","type":"post","link":"https:\/\/blogs.gazetaesportiva.com\/planeta-octogono\/2013\/10\/10\/representante-do-ufc-confirma-evento-em-sao-paulo-em-2014-e-interesse-em-realizar-evento-no-estadio-do-palmeiras\/","title":{"rendered":"Representante do UFC confirma edi\u00e7\u00e3o na cidade de S\u00e3o Paulo em 2014 e interesse no est\u00e1dio do Palmeiras"},"content":{"rendered":"<figure id=\"attachment_8216\" aria-describedby=\"caption-attachment-8216\" style=\"width: 640px\" class=\"wp-caption aligncenter\"><a href=\"https:\/\/blogs.gazetaesportiva.com\/planeta-octogono\/files\/2013\/10\/arenapalestra2.jpg\"><img loading=\"lazy\" decoding=\"async\" class=\" wp-image-8216 \" alt=\"Est\u00e1dio deve ser sede do UFC em 2014 - Divulga\u00e7\u00e3o WTorre\/Palmeiras\" src=\"https:\/\/blogs.gazetaesportiva.com\/planeta-octogono\/files\/2013\/10\/arenapalestra2.jpg\" width=\"640\" height=\"432\" \/><\/a><figcaption id=\"caption-attachment-8216\" class=\"wp-caption-text\">Est\u00e1dio deve ser sede do UFC em 2014 &#8211; Divulga\u00e7\u00e3o WTorre\/Palmeiras<\/figcaption><\/figure>\n<p>Em coletiva de imprensa realizada ap\u00f3s o UFC em Barueri, o representante do UFC no evento, Marshall Zelanik confirmou o interesse da organiza\u00e7\u00e3o no est\u00e1dio Allianz Parque.<\/p>\n<p>Perguntado pela imprensa na coletiva, Marshall n\u00e3o se esquivou da pergunta e confirmou o interesse.<\/p>\n<p>&#8220;Estamos esperando pacientemente pelo est\u00e1dio do Palmeiras ficar pronto, estamos falando em fazermos uma visita l\u00e1 pela primeira vez amanh\u00e3. Sabemos que a capacidade pode ficar em 14 mil ou 15 mil, quando eles montarem o espa\u00e7o com o topo fechado, e \u00e9 isso que precisamos.<\/p>\n<p>Seria um evento incr\u00edvel l\u00e1, vimos os planos e estamos em conversa com os projetistas h\u00e1 mais de um ano e meio. J\u00e1 posso adiantar que S\u00e3o Paulo deve receber um evento e tomara que seja nessa arena.&#8221; declarou Marshall.<\/p>\n<p>O Palmeiras possui um projeto em seu site oficial de um anfiteatro, que segundo a WTorre, empresa que administra a constru\u00e7\u00e3o da Arena palmeirense deve ser usada para eventos de menor porte com capacidade para aproximadamente 12 mil pessoas.<\/p>\n<figure id=\"attachment_4210\" aria-describedby=\"caption-attachment-4210\" style=\"width: 640px\" class=\"wp-caption aligncenter\"><a href=\"https:\/\/blogs.gazetaesportiva.com\/planeta-octogono\/files\/2013\/03\/1086_18.05.2013_14323_ef_20120112.jpg\"><img loading=\"lazy\" decoding=\"async\" class=\" wp-image-4210  \" alt=\"Diretor Internacional do Ultimate afirma que Palmeiras est\u00e1 nos planos do UFC - Wander Roberto\/Inovafoto\" src=\"https:\/\/blogs.gazetaesportiva.com\/planeta-octogono\/files\/2013\/03\/1086_18.05.2013_14323_ef_20120112.jpg\" width=\"640\" height=\"532\" \/><\/a><figcaption id=\"caption-attachment-4210\" class=\"wp-caption-text\">Diretor Internacional do Ultimate afirma que Palmeiras est\u00e1 nos planos do UFC &#8211; Wander Roberto\/Inovafoto<\/figcaption><\/figure>\n","protected":false},"excerpt":{"rendered":"<p>Em coletiva de imprensa realizada ap\u00f3s o UFC em Barueri, o representante do UFC no evento, Marshall Zelanik confirmou o interesse da organiza\u00e7\u00e3o no est\u00e1dio <a class=\"read-more\" href=\"https:\/\/blogs.gazetaesportiva.com\/planeta-octogono\/2013\/10\/10\/representante-do-ufc-confirma-evento-em-sao-paulo-em-2014-e-interesse-em-realizar-evento-no-estadio-do-palmeiras\/\">leia mais<\/a><\/p>\n","protected":false},"author":33,"featured_media":8216,"comment_status":"open","ping_status":"open","sticky":false,"template":"","format":"standard","meta":{"jetpack_post_was_ever_published":false,"_jetpack_newsletter_access":"","_jetpack_dont_email_post_to_subs":false,"_jetpack_newsletter_tier_id":0,"_jetpack_memberships_contains_paywalled_content":false,"_jetpack_memberships_contains_paid_content":false,"footnotes":"","jetpack_publicize_message":"","jetpack_publicize_feature_enabled":true,"jetpack_social_post_already_shared":false,"jetpack_social_options":{"image_generator_settings":{"template":"highway","default_image_id":0,"font":"","enabled":false},"version":2}},"categories":[1],"tags":[493],"class_list":["post-8213","post","type-post","status-publish","format-standard","has-post-thumbnail","hentry","category-principal","tag-ufc-palmeiras"],"jetpack_publicize_connections":[],"jetpack_featured_media_url":"https:\/\/blogs.gazetaesportiva.com\/planeta-octogono\/files\/2013\/10\/arenapalestra2.jpg","jetpack_sharing_enabled":true,"jetpack_shortlink":"https:\/\/wp.me\/p6rqUQ-28t","_links":{"self":[{"href":"https:\/\/blogs.gazetaesportiva.com\/planeta-octogono\/wp-json\/wp\/v2\/posts\/8213","targetHints":{"allow":["GET"]}}],"collection":[{"href":"https:\/\/blogs.gazetaesportiva.com\/planeta-octogono\/wp-json\/wp\/v2\/posts"}],"about":[{"href":"https:\/\/blogs.gazetaesportiva.com\/planeta-octogono\/wp-json\/wp\/v2\/types\/post"}],"author":[{"embeddable":true,"href":"https:\/\/blogs.gazetaesportiva.com\/planeta-octogono\/wp-json\/wp\/v2\/users\/33"}],"replies":[{"embeddable":true,"href":"https:\/\/blogs.gazetaesportiva.com\/planeta-octogono\/wp-json\/wp\/v2\/comments?post=8213"}],"version-history":[{"count":0,"href":"https:\/\/blogs.gazetaesportiva.com\/planeta-octogono\/wp-json\/wp\/v2\/posts\/8213\/revisions"}],"wp:featuredmedia":[{"embeddable":true,"href":"https:\/\/blogs.gazetaesportiva.com\/planeta-octogono\/wp-json\/wp\/v2\/media\/8216"}],"wp:attachment":[{"href":"https:\/\/blogs.gazetaesportiva.com\/planeta-octogono\/wp-json\/wp\/v2\/media?parent=8213"}],"wp:term":[{"taxonomy":"category","embeddable":true,"href":"https:\/\/blogs.gazetaesportiva.com\/planeta-octogono\/wp-json\/wp\/v2\/categories?post=8213"},{"taxonomy":"post_tag","embeddable":true,"href":"https:\/\/blogs.gazetaesportiva.com\/planeta-octogono\/wp-json\/wp\/v2\/tags?post=8213"}],"curies":[{"name":"wp","href":"https:\/\/api.w.org\/{rel}","templated":true}]}}