{"id":8199,"date":"2013-10-09T12:43:56","date_gmt":"2013-10-09T15:43:56","guid":{"rendered":"https:\/\/blogs.gazetaesportiva.com\/planeta-octogono\/?p=8199"},"modified":"2013-10-10T01:32:23","modified_gmt":"2013-10-10T04:32:23","slug":"ksw-anuncia-edicao-25-em-dezembro-com-volta-de-khalidov-e-blachowicz","status":"publish","type":"post","link":"https:\/\/blogs.gazetaesportiva.com\/planeta-octogono\/2013\/10\/09\/ksw-anuncia-edicao-25-em-dezembro-com-volta-de-khalidov-e-blachowicz\/","title":{"rendered":"KSW anuncia edi\u00e7\u00e3o 25 em dezembro com volta de Khalidov, Blachowicz e Luiz Cado"},"content":{"rendered":"<p>&nbsp;<\/p>\n<figure id=\"attachment_8222\" aria-describedby=\"caption-attachment-8222\" style=\"width: 488px\" class=\"wp-caption aligncenter\"><a href=\"https:\/\/blogs.gazetaesportiva.com\/planeta-octogono\/files\/2013\/10\/ksw25.jpg\"><img loading=\"lazy\" decoding=\"async\" class=\" wp-image-8222 \" alt=\"Evento tem volta de campe\u00f5es - Divulga\u00e7\u00e3o KSW\" src=\"https:\/\/blogs.gazetaesportiva.com\/planeta-octogono\/files\/2013\/10\/ksw25.jpg\" width=\"488\" height=\"631\" \/><\/a><figcaption id=\"caption-attachment-8222\" class=\"wp-caption-text\">Evento tem volta de campe\u00f5es &#8211; Divulga\u00e7\u00e3o KSW<\/figcaption><\/figure>\n<p>&nbsp;<\/p>\n<p>Um dos maiores eventos da Europa, o KSW anunciou a edi\u00e7\u00e3o 25 de seu evento com tr\u00eas novidades.<\/p>\n<p>No dia 7 de dezembro, o campe\u00e3o dos m\u00e9dios da organiza\u00e7\u00e3o, Mamed Khalidov volta ao evento juntamente com o campe\u00e3o meio pesado Jan Blachowicz.<\/p>\n<p>Os advers\u00e1rios de ambos ainda n\u00e3o foram divulgados pela organiza\u00e7\u00e3o.<\/p>\n<p>Khalidov vem de vit\u00f3ria na edi\u00e7\u00e3o 23 sobre Melvin Manhoef com uma finaliza\u00e7\u00e3o.<\/p>\n<p>Blachowicz venceu o croata Goran Jelic na edi\u00e7\u00e3o 22 do evento.<\/p>\n<p>Segundo rumores, o Brasil pode ser representado pelo lutador Luiz &#8220;Cado&#8221; Simon que deve enfrentar o polon\u00eas Rafal Moks.<\/p>\n<figure id=\"attachment_6001\" aria-describedby=\"caption-attachment-6001\" style=\"width: 640px\" class=\"wp-caption aligncenter\"><a href=\"https:\/\/blogs.gazetaesportiva.com\/planeta-octogono\/files\/2013\/06\/cado5.jpg\"><img loading=\"lazy\" decoding=\"async\" class=\" wp-image-6001 \" alt=\"Luiz Cado enfrenta mais um polon\u00eas em edi\u00e7\u00e3o do KSW na Pol\u00f4nia - Divulga\u00e7\u00e3o KSW\" src=\"https:\/\/blogs.gazetaesportiva.com\/planeta-octogono\/files\/2013\/06\/cado5.jpg\" width=\"640\" height=\"432\" \/><\/a><figcaption id=\"caption-attachment-6001\" class=\"wp-caption-text\">Luiz Cado enfrenta mais um polon\u00eas em edi\u00e7\u00e3o do KSW na Pol\u00f4nia &#8211; Divulga\u00e7\u00e3o KSW<\/figcaption><\/figure>\n<p style=\"text-align: center\"><strong><em>Veja o trailer do KSW 25:<\/em><\/strong><\/p>\n<p style=\"text-align: center\"><strong><em>[yframe url=&#8217;http:\/\/www.youtube.com\/watch?v=Z-MajVX6XcY&#8217;]<\/em><\/strong><\/p>\n","protected":false},"excerpt":{"rendered":"<p>&nbsp; &nbsp; Um dos maiores eventos da Europa, o KSW anunciou a edi\u00e7\u00e3o 25 de seu evento com tr\u00eas novidades. No dia 7 de dezembro, <a class=\"read-more\" href=\"https:\/\/blogs.gazetaesportiva.com\/planeta-octogono\/2013\/10\/09\/ksw-anuncia-edicao-25-em-dezembro-com-volta-de-khalidov-e-blachowicz\/\">leia mais<\/a><\/p>\n","protected":false},"author":33,"featured_media":8222,"comment_status":"open","ping_status":"open","sticky":false,"template":"","format":"standard","meta":{"jetpack_post_was_ever_published":false,"_jetpack_newsletter_access":"","_jetpack_dont_email_post_to_subs":false,"_jetpack_newsletter_tier_id":0,"_jetpack_memberships_contains_paywalled_content":false,"_jetpack_memberships_contains_paid_content":false,"footnotes":"","jetpack_publicize_message":"","jetpack_publicize_feature_enabled":true,"jetpack_social_post_already_shared":false,"jetpack_social_options":{"image_generator_settings":{"template":"highway","default_image_id":0,"font":"","enabled":false},"version":2}},"categories":[1],"tags":[],"class_list":["post-8199","post","type-post","status-publish","format-standard","has-post-thumbnail","hentry","category-principal"],"jetpack_publicize_connections":[],"jetpack_featured_media_url":"https:\/\/blogs.gazetaesportiva.com\/planeta-octogono\/files\/2013\/10\/ksw25.jpg","jetpack_sharing_enabled":true,"jetpack_shortlink":"https:\/\/wp.me\/p6rqUQ-28f","_links":{"self":[{"href":"https:\/\/blogs.gazetaesportiva.com\/planeta-octogono\/wp-json\/wp\/v2\/posts\/8199","targetHints":{"allow":["GET"]}}],"collection":[{"href":"https:\/\/blogs.gazetaesportiva.com\/planeta-octogono\/wp-json\/wp\/v2\/posts"}],"about":[{"href":"https:\/\/blogs.gazetaesportiva.com\/planeta-octogono\/wp-json\/wp\/v2\/types\/post"}],"author":[{"embeddable":true,"href":"https:\/\/blogs.gazetaesportiva.com\/planeta-octogono\/wp-json\/wp\/v2\/users\/33"}],"replies":[{"embeddable":true,"href":"https:\/\/blogs.gazetaesportiva.com\/planeta-octogono\/wp-json\/wp\/v2\/comments?post=8199"}],"version-history":[{"count":0,"href":"https:\/\/blogs.gazetaesportiva.com\/planeta-octogono\/wp-json\/wp\/v2\/posts\/8199\/revisions"}],"wp:featuredmedia":[{"embeddable":true,"href":"https:\/\/blogs.gazetaesportiva.com\/planeta-octogono\/wp-json\/wp\/v2\/media\/8222"}],"wp:attachment":[{"href":"https:\/\/blogs.gazetaesportiva.com\/planeta-octogono\/wp-json\/wp\/v2\/media?parent=8199"}],"wp:term":[{"taxonomy":"category","embeddable":true,"href":"https:\/\/blogs.gazetaesportiva.com\/planeta-octogono\/wp-json\/wp\/v2\/categories?post=8199"},{"taxonomy":"post_tag","embeddable":true,"href":"https:\/\/blogs.gazetaesportiva.com\/planeta-octogono\/wp-json\/wp\/v2\/tags?post=8199"}],"curies":[{"name":"wp","href":"https:\/\/api.w.org\/{rel}","templated":true}]}}