{"id":8194,"date":"2013-10-09T12:26:51","date_gmt":"2013-10-09T15:26:51","guid":{"rendered":"https:\/\/blogs.gazetaesportiva.com\/planeta-octogono\/?p=8194"},"modified":"2013-10-10T01:19:59","modified_gmt":"2013-10-10T04:19:59","slug":"buscando-fazer-historia-anderson-braddock-promete-buscar-cinturao-do-glory-vou-trazer-o-titulo-para-o-brasil","status":"publish","type":"post","link":"https:\/\/blogs.gazetaesportiva.com\/planeta-octogono\/2013\/10\/09\/buscando-fazer-historia-anderson-braddock-promete-buscar-cinturao-do-glory-vou-trazer-o-titulo-para-o-brasil\/","title":{"rendered":"Buscando fazer hist\u00f3ria, Anderson Braddock promete buscar cintur\u00e3o do GLORY: Vou trazer o t\u00edtulo para o Brasil!"},"content":{"rendered":"<p>&nbsp;<\/p>\n<figure id=\"attachment_6362\" aria-describedby=\"caption-attachment-6362\" style=\"width: 640px\" class=\"wp-caption aligncenter\"><a href=\"https:\/\/blogs.gazetaesportiva.com\/planeta-octogono\/files\/2013\/06\/1014343_479781068769932_742993825_n.jpg\"><img loading=\"lazy\" decoding=\"async\" class=\" wp-image-6362 \" alt=\"Braddock com sua equipe ap\u00f3s vit\u00f3ria no GLORY 9 - Divulga\u00e7\u00e3o GLORY\" src=\"https:\/\/blogs.gazetaesportiva.com\/planeta-octogono\/files\/2013\/06\/1014343_479781068769932_742993825_n.jpg\" width=\"640\" height=\"432\" \/><\/a><figcaption id=\"caption-attachment-6362\" class=\"wp-caption-text\">Braddock com sua equipe ap\u00f3s vit\u00f3ria no GLORY 9 &#8211; Divulga\u00e7\u00e3o GLORY<\/figcaption><\/figure>\n<p>&nbsp;<\/p>\n<p>Ap\u00f3s se credenciar ao torneio de pesados do GLORY com uma grande vit\u00f3ria sobre o ingl\u00eas Daniel Sam, o brasileiro Anderson Braddock Silva quer alcan\u00e7ar v\u00f4os mais altos na organiza\u00e7\u00e3o.<\/p>\n<p>Em entrevista publicada pelo GLORY, o lutador tra\u00e7ou uma grande meta. Ganhar o cintur\u00e3o no GP de pesados que acontece neste final de semana na cidade de Chicago, nos Estados Unidos.<\/p>\n<p>Enfrentando o romeno Daniel Ghita na semifinal, Braddock revelou que este \u00e9 um combate esperado pelo lutador durante muito tempo.<\/p>\n<p>&#8220;J\u00e1 era para ter enfrentado o Ghita a dois anos atr\u00e1s mas uma les\u00e3o no ombro na semana da luta me impediu.<\/p>\n<p>Mas agora vamos poder tirar o tira teima entre n\u00f3s dois.&#8221; disse Braddock que falou um pouco sobre seus treinos para o evento.<\/p>\n<p>&#8220;Minha rotina de treinos est\u00e1 sendo bem intensa, os f\u00e3s podem esperar muita objetividade e agressividade na luta e certamente v\u00e3o se surpreender com o Anderson Braddock.&#8221; Comentou o lutador que fez uma promessa aos f\u00e3s brasileiros.<\/p>\n<p>&#8220;Vou estar trazendo o titulo mundial do GLORY para o Brasil e para meus f\u00e3s.&#8221; prometeu o lutador.<\/p>\n<p>Neste s\u00e1bado, Braddock representa o pa\u00eds no GP de pesados do GLORY, lutando pelo cintur\u00e3o do evento na semifinal com o romeno Daniel Ghita.<\/p>\n<p>O vencedor enfrenta na final, o vencedor do combate entre o turco Gohkan Saki e o holand\u00eas Rico Verhoeven na final do evento que acontece no mesmo dia.<\/p>\n<p style=\"text-align: center\"><em><strong>\u00a0<\/strong><\/em><\/p>\n<p style=\"text-align: center\"><em><strong>Veja a entrevista de Anderson Braddock:<\/strong><\/em><\/p>\n<p style=\"text-align: center\"><em><strong>[yframe url=&#8217;http:\/\/www.youtube.com\/watch?v=yJGAqSnc6qA&#8217;]<\/strong><\/em><\/p>\n<p>&nbsp;<\/p>\n","protected":false},"excerpt":{"rendered":"<p>&nbsp; &nbsp; Ap\u00f3s se credenciar ao torneio de pesados do GLORY com uma grande vit\u00f3ria sobre o ingl\u00eas Daniel Sam, o brasileiro Anderson Braddock Silva <a class=\"read-more\" href=\"https:\/\/blogs.gazetaesportiva.com\/planeta-octogono\/2013\/10\/09\/buscando-fazer-historia-anderson-braddock-promete-buscar-cinturao-do-glory-vou-trazer-o-titulo-para-o-brasil\/\">leia mais<\/a><\/p>\n","protected":false},"author":33,"featured_media":0,"comment_status":"open","ping_status":"open","sticky":false,"template":"","format":"standard","meta":{"jetpack_post_was_ever_published":false,"_jetpack_newsletter_access":"","_jetpack_dont_email_post_to_subs":false,"_jetpack_newsletter_tier_id":0,"_jetpack_memberships_contains_paywalled_content":false,"_jetpack_memberships_contains_paid_content":false,"footnotes":"","jetpack_publicize_message":"","jetpack_publicize_feature_enabled":true,"jetpack_social_post_already_shared":false,"jetpack_social_options":{"image_generator_settings":{"template":"highway","default_image_id":0,"font":"","enabled":false},"version":2}},"categories":[1],"tags":[494,38],"class_list":["post-8194","post","type-post","status-publish","format-standard","hentry","category-principal","tag-anderson-braddock","tag-glory"],"jetpack_publicize_connections":[],"jetpack_featured_media_url":"","jetpack_sharing_enabled":true,"jetpack_shortlink":"https:\/\/wp.me\/p6rqUQ-28a","_links":{"self":[{"href":"https:\/\/blogs.gazetaesportiva.com\/planeta-octogono\/wp-json\/wp\/v2\/posts\/8194","targetHints":{"allow":["GET"]}}],"collection":[{"href":"https:\/\/blogs.gazetaesportiva.com\/planeta-octogono\/wp-json\/wp\/v2\/posts"}],"about":[{"href":"https:\/\/blogs.gazetaesportiva.com\/planeta-octogono\/wp-json\/wp\/v2\/types\/post"}],"author":[{"embeddable":true,"href":"https:\/\/blogs.gazetaesportiva.com\/planeta-octogono\/wp-json\/wp\/v2\/users\/33"}],"replies":[{"embeddable":true,"href":"https:\/\/blogs.gazetaesportiva.com\/planeta-octogono\/wp-json\/wp\/v2\/comments?post=8194"}],"version-history":[{"count":0,"href":"https:\/\/blogs.gazetaesportiva.com\/planeta-octogono\/wp-json\/wp\/v2\/posts\/8194\/revisions"}],"wp:attachment":[{"href":"https:\/\/blogs.gazetaesportiva.com\/planeta-octogono\/wp-json\/wp\/v2\/media?parent=8194"}],"wp:term":[{"taxonomy":"category","embeddable":true,"href":"https:\/\/blogs.gazetaesportiva.com\/planeta-octogono\/wp-json\/wp\/v2\/categories?post=8194"},{"taxonomy":"post_tag","embeddable":true,"href":"https:\/\/blogs.gazetaesportiva.com\/planeta-octogono\/wp-json\/wp\/v2\/tags?post=8194"}],"curies":[{"name":"wp","href":"https:\/\/api.w.org\/{rel}","templated":true}]}}