{"id":8180,"date":"2013-10-09T01:35:07","date_gmt":"2013-10-09T04:35:07","guid":{"rendered":"https:\/\/blogs.gazetaesportiva.com\/planeta-octogono\/?p=8180"},"modified":"2013-10-09T01:52:14","modified_gmt":"2013-10-09T04:52:14","slug":"guerreiro-do-mma-igor-araujo-estreia-no-ufc-e-revela-que-conselho-de-rodrigo-minotauro-mudou-sua-vida-no-esporte","status":"publish","type":"post","link":"https:\/\/blogs.gazetaesportiva.com\/planeta-octogono\/2013\/10\/09\/guerreiro-do-mma-igor-araujo-estreia-no-ufc-e-revela-que-conselho-de-rodrigo-minotauro-mudou-sua-vida-no-esporte\/","title":{"rendered":"&#8220;Guerreiro&#8221; do MMA, Igor Ara\u00fajo estr\u00e9ia no UFC e revela que conselho de Rodrigo Minotauro mudou sua vida no esporte"},"content":{"rendered":"<figure id=\"attachment_8183\" aria-describedby=\"caption-attachment-8183\" style=\"width: 640px\" class=\"wp-caption aligncenter\"><a href=\"https:\/\/blogs.gazetaesportiva.com\/planeta-octogono\/files\/2013\/10\/IMG_7146.jpg\"><img loading=\"lazy\" decoding=\"async\" class=\" wp-image-8183 \" alt=\"Lutador faz revela\u00e7\u00e3o que mudou sua vida - Ana Carolina\/Gazeta Press\" src=\"https:\/\/blogs.gazetaesportiva.com\/planeta-octogono\/files\/2013\/10\/IMG_7146.jpg\" width=\"640\" height=\"432\" \/><\/a><figcaption id=\"caption-attachment-8183\" class=\"wp-caption-text\">Lutador faz revela\u00e7\u00e3o que mudou sua vida &#8211; Ana Carolina\/Gazeta Press<\/figcaption><\/figure>\n<p>&nbsp;<\/p>\n<p>Uma verdadeira hist\u00f3ria de vida.<\/p>\n<p>O lutador <strong>Igor Ara\u00fajo<\/strong> que enfrenta o compatriota Ildemar Maraj\u00f3 em bate papo com o <strong>Planeta Oct\u00f3gono<\/strong> contou um pouco sobre sua longa carreira no MMA.<\/p>\n<p>Igor que confessou estar j\u00e1 aposentado do esporte at\u00e9 receber a sonhada proposta do UFC, voltou atr\u00e1s e agora est\u00e1 mais motivado do que nunca.<\/p>\n<p>O brasileiro que mora na Sui\u00e7a, contou tamb\u00e9m sobre sua passagem frustrada no reality show americano The Ultimate Fighter e agora maduro fez uma revela\u00e7\u00e3o.<\/p>\n<p>Segundo o lutador, um conselho ap\u00f3s um encontro com a lenda do MMA, Rodrigo Minotauro fez o atleta mudar o rumo de sua carreira consolidando a conquista da oportunidade de lutar no UFC.<\/p>\n<p>Igor ainda contou mais detalhes sobre os bastidores do TUF e como foi dif\u00edcil sua caminhada para chegar no UFC.<\/p>\n<p>&nbsp;<\/p>\n<p style=\"text-align: center\"><strong><em>Confira a entrevista com Igor Ara\u00fajo:<\/em><\/strong><\/p>\n<p>&nbsp;<\/p>\n<p><strong>Planeta Oct\u00f3gono &#8211;<\/strong> Conte um pouco sobre a sua hist\u00f3ria at\u00e9 chegar no UFC&#8230;<\/p>\n<p>&nbsp;<\/p>\n<p><strong>Igor Ara\u00fajo &#8211;<\/strong> Foi complicado at\u00e9 chegar aqui. Fui para a Europa em 2005. Quatro caras da academia me pagaram a passagem. Fui sem dinheiro nenhum. Quase fui deportado na Espanha.<\/p>\n<p>Morei depois na Holanda, com o Alistair Overeem (lutador do UFC) e tive problemas depois.<\/p>\n<p>Eu tinha combinado com ele (Overeem) que eu iria com uma grana, com um lugar para morar, mas na verdade eu n\u00e3o tinha condi\u00e7\u00e3o e n\u00e3o iria perder a oportunidade de jeito nenhum.<\/p>\n<p>N\u00e3o \u00e9 que eu menti mas omiti a situa\u00e7\u00e3o. Fui com 25 euros e eu n\u00e3o sabia que quando ele fosse para o PRIDE, eu ficaria sozinho at\u00e9 porque eu n\u00e3o tive coragem de pedir para ficar na casa dele.<\/p>\n<p>Quando ele foi para o Jap\u00e3o, eu meio que fiquei na rua, porque n\u00e3o tinha onde ficar. A vontade era essa de voltar para o Brasil mas em nenhuma hora pensei em voltar de jeito nenhum.<\/p>\n<p>Mas Deus me ajudou e conheci um cara l\u00e1 quando eu estava na rua. Ele era portugu\u00eas, o nome dele era Vasco e eu sou Vasca\u00edno e ele me levou para morar com um reporter de MMA na Alemanha.<\/p>\n<p>Ai eu ganhei um campeonato de Jiu Jitsu l\u00e1 e as coisas come\u00e7aram a melhorar.<\/p>\n<p>&nbsp;<\/p>\n<figure id=\"attachment_6014\" aria-describedby=\"caption-attachment-6014\" style=\"width: 640px\" class=\"wp-caption aligncenter\"><a href=\"https:\/\/blogs.gazetaesportiva.com\/planeta-octogono\/files\/2013\/06\/1086_06.45.2013_37160_ef_20130606.jpg\"><img loading=\"lazy\" decoding=\"async\" class=\" wp-image-6014 \" alt=\"Para Igor, conselho de Rodrigo Minotauro mudou sua carreira - Gaspar N\u00f3brega\/Inovafoto\" src=\"https:\/\/blogs.gazetaesportiva.com\/planeta-octogono\/files\/2013\/06\/1086_06.45.2013_37160_ef_20130606.jpg\" width=\"640\" height=\"432\" \/><\/a><figcaption id=\"caption-attachment-6014\" class=\"wp-caption-text\">Para Igor, conselho de Rodrigo Minotauro mudou sua carreira &#8211; Gaspar N\u00f3brega\/Inovafoto<\/figcaption><\/figure>\n<p><strong>Planeta Oct\u00f3gono &#8211;\u00a0<\/strong>Voc\u00ea lutou em v\u00e1rios lugares. Como \u00e9 a experiencia de lutar na Europa e como est\u00e1 o MMA l\u00e1?<\/p>\n<p>&nbsp;<\/p>\n<p><strong>Igor Ara\u00fajo &#8211;<\/strong>\u00a0N\u00e3o sou o pioneiro. Eu meio que ajudei a desenvolver o MMA na Europa. Cheguei em 2005. Era bem amador mesmo, quando eu cheguei queria lutar mas n\u00e3o tinha nem lugar para treinar.<\/p>\n<p>Trabalhava de seguran\u00e7a e procurava uma academia para dar aula. Nem lugar direito para morar tinha.<\/p>\n<p>E como os caras sabiam que havia um faixa preta de Jiu Jitsu na Europa, sempre me chamavam para lutar em cima da hora.<\/p>\n<p>\u00c9 por causa disso que tive algumas derrotas. E j\u00e1 estou praticamente a 4 anos sem perder. N\u00e3o tinha treino e acabava aceitando a luta sem treinar porque tinha que comer.<\/p>\n<p>Ai eu fui lutar na Eslov\u00eania e encontrei o Minotauro l\u00e1. E estava fazendo um monte de coisas erradas.<\/p>\n<p>Mas nunca beber ou mexer com drogas. Nunca fiz isso. Mas fazendo coisas erradas e n\u00e3o estava nem a\u00ed. Perdido mesmo.<\/p>\n<p>Era muito novo. Mas muito agitado. Mas n\u00e3o tinha ningu\u00e9m para me dar conselho. Ent\u00e3o eu fiz uma besteira l\u00e1, muita bagun\u00e7a.<\/p>\n<p>E o Minotauro veio nas minhas costas e me falou: N\u00e3o faz isso n\u00e3o, porque \u00e9 seu trabalho.<\/p>\n<p>Eu n\u00e3o entendi na hora mas depois percebi e ap\u00f3s isto eu comecei levar a s\u00e9rio o trabalho e depois disso n\u00e3o perdi mais.<\/p>\n<p>Gra\u00e7as a Deus, eu conhe\u00e7o um monte de pa\u00edses. Mais de 40. Mas gra\u00e7as a Deus sempre conseguiu lutar muito bem.<\/p>\n<p>&nbsp;<\/p>\n<p><strong>Planeta Oct\u00f3gono &#8211;<\/strong>\u00a0Como voc\u00ea v\u00ea tudo isso agora? Caiu a ficha de que voc\u00ea est\u00e1 no UFC agora?<\/p>\n<p>&nbsp;<\/p>\n<p><strong>Igor Ara\u00fajo &#8211;\u00a0<\/strong>Na verdade eu j\u00e1 tinha aposentado. Mas eu sempre gosto de treinar. Estar com meus alunos sempre treinando.<\/p>\n<p>Eu j\u00e1 estava pensando em parar, como n\u00e3o surgiu o convite ent\u00e3o vou seguir trabalhando na minha academia e continuar treinando.<\/p>\n<p>S\u00f3 estava cansado porque tenho minha fam\u00edlia para cuidar, meus filhos mas agora estou motivado e vou vir com tudo de novo.<\/p>\n<p>N\u00e3o \u00e9 que a ficha caiu mas vamos ver como eu vou entrar ali, como vou me sentir ali dentro do oct\u00f3gono.<\/p>\n<p>&nbsp;<\/p>\n<p><strong>Planeta Oct\u00f3gono &#8211;<\/strong>Sobre sua luta contra o Ildemar Maraj\u00f3. O que voc\u00ea tem tra\u00e7ado para a luta?<\/p>\n<p>&nbsp;<\/p>\n<p><strong>Igor Ara\u00fajo &#8211;<\/strong>Eu n\u00e3o vi muita coisa dele. Eu deixo essa parte para os meus treinadores. Vi algumas lutas do Maraj\u00f3. Mas eu quero me focar em mim. Pode ter certeza que vou dar o meu melhor nesta luta.<\/p>\n<p>Quero me apresentar bem por isto n\u00e3o estou pensando muito no meu advers\u00e1rio. Mas est\u00e1 tudo nas m\u00e3os de Deus.<\/p>\n<p>Vi algumas lutas do Jungle Fight e no UFC. Sei que ele \u00e9 um cara duro. Mas meus treinadores me passaram a estrat\u00e9gia.<\/p>\n<p>Hoje eu tenho que trabalhar para chegar longe, mas l\u00e1 dentro \u00e9 diferente porque se voc\u00ea levar um soco e ficar grogue n\u00e3o d\u00e1 para seguir uma estrat\u00e9gia. Mas acho que a gente vai fazer uma grande luta.<\/p>\n<figure id=\"attachment_8182\" aria-describedby=\"caption-attachment-8182\" style=\"width: 640px\" class=\"wp-caption aligncenter\"><a href=\"https:\/\/blogs.gazetaesportiva.com\/planeta-octogono\/files\/2013\/10\/IMG_7159.jpg\"><img loading=\"lazy\" decoding=\"async\" class=\" wp-image-8182 \" alt=\"Igor (direita) enfrenta Ildemar Ara\u00fajo no UFC nesta quarta - Ana Carolina\/Gazeta Press\" src=\"https:\/\/blogs.gazetaesportiva.com\/planeta-octogono\/files\/2013\/10\/IMG_7159.jpg\" width=\"640\" height=\"432\" \/><\/a><figcaption id=\"caption-attachment-8182\" class=\"wp-caption-text\">Igor (direita) enfrenta Ildemar Ara\u00fajo no UFC nesta quarta &#8211; Ana Carolina\/Gazeta Press<\/figcaption><\/figure>\n<p>&nbsp;<\/p>\n<p><strong>Planeta Oct\u00f3gono &#8211;\u00a0<\/strong>Se eu n\u00e3o me engano, voc\u00ea participou de uma temporada do TUF americano. Como foi essa experi\u00eancia?<\/p>\n<p><strong>Igor Ara\u00fajo &#8211;<\/strong>\u00a0Sim, participei dos tryouts (seletivas do programa). Do TUF 15. Eu fiz ai depois de um ano do nada, eles me chamaram.<\/p>\n<p>Eu estava nos Estados Unidos e l\u00e1 meu telefone n\u00e3o funciona, porque moro na Su\u00ed\u00e7a. Mas quando cheguei em casa tinha uma liga\u00e7\u00e3o do caras do TUF me chamando.<\/p>\n<p>Tive problemas porque tinha que mandar minha mulher embora para a Su\u00ed\u00e7a.<\/p>\n<p>J\u00e1 que ela n\u00e3o podia ficar nos Estados Unidos enquanto eu participava do TUF e tive que colocar ela num avi\u00e3o com os dois filhos pequenos na \u00e9poca, um de 6 meses e outro de um ano.<\/p>\n<p>Aquilo para mim foi um baque, porque eu estava feliz profissionalmente de estar indo para o TUF mas com a preocupa\u00e7\u00e3o e a cabe\u00e7a neles.<\/p>\n<p>Tem muita gente que fala que \u00e9 facil. Mas cada um reage de uma forma quando se est\u00e1 no TUF.<\/p>\n<p>Tem pessoas que ficam mais fr\u00e1geis. E para mim foi muito complicado. Peguei um cara muito duro na primeira luta. E voc\u00ea fica muito triste.<\/p>\n<p>E o fato de n\u00e3o saber como a esposa estava pagando as contas em casa, eu fiquei muito abatido, muito abalado.<\/p>\n<p>E com isso n\u00e3o conseguia render nada. Na primeira semana ningu\u00e9m queria treinar comigo porque eu me dava bem no treino com todo mundo.<\/p>\n<p>S\u00f3 que depois das primeiras semanas, eu j\u00e1 n\u00e3o queria estar l\u00e1 dentro mais. Eu nem aguentava mais comer direito. O pessoal me dava comida para mim mas nem comer eu comia mais.<\/p>\n<p>Chorava o dia inteiro, mas passou e agora est\u00e1 tudo bem.<\/p>\n<p>&nbsp;<\/p>\n<p><strong>Planeta Oct\u00f3gono &#8211;<\/strong>Como voc\u00ea sentiu o clima na casa do TUF?<\/p>\n<p>&nbsp;<\/p>\n<p><strong>Igor Ara\u00fajo &#8211;\u00a0<\/strong>Cara, voc\u00ea se sente como um cachorro l\u00e1. Porque \u00e9 aquela que dizem, o melhor lutador sempre n\u00e3o ganha o TUF.<\/p>\n<p>O TUF \u00e9 vencido por quem est\u00e1 bem mentalmente, como o Colton Smith na minha edi\u00e7\u00e3o que estava bem.<\/p>\n<p>Ele \u00e9 um cara que foi para a guerra quatro vezes. \u00c9 muito complicado. Ele \u00e9 muito inteligente e sabia que eu n\u00e3o estava bem por isso me escolheu para lutar.<\/p>\n<p>O Michael Chiesa, vencedor de outra edi\u00e7\u00e3o do TUF me disse que a galera depois da sexta semana estava toda deprimida.<\/p>\n<p>A galera que n\u00e3o est\u00e1 l\u00e1 dentro e v\u00ea de fora, pela televis\u00e3o, n\u00e3o sabe como \u00e9 l\u00e1 dentro. Que acha que \u00e9 moleza l\u00e1 dentro mas n\u00e3o \u00e9.<\/p>\n<p>Cada pessoa reage de uma forma o que est\u00e1 acontecendo e no meu caso. Em quest\u00e3o de fam\u00edlia eu sou bem fr\u00e1gil.<\/p>\n<p>&nbsp;<\/p>\n<p><strong>Planeta Oct\u00f3gono &#8211;<\/strong>\u00a0Mande seu recado para os f\u00e3s do esporte&#8230;<\/p>\n<p>&nbsp;<\/p>\n<p><strong>Igor Ara\u00fajo &#8211;\u00a0<\/strong>Muito Obrigado a todo mundo. Sei que a arena vai estar lotada porque todos os ingressos foram vendidos.<\/p>\n<p>Mas por favor, mesmo sendo um combate entre brasileiros, apoiem os atletas. Para gente \u00e9 tudo mais dif\u00edcil.<\/p>\n<p>Arrumar patroc\u00ednio, manopla, treinos, para n\u00f3s tudo \u00e9 mais dif\u00edcil. E de vez voc\u00eas ficarem questionando se brasileiro enfrenta brasileiro, que voc\u00eas possam apoiar quem est\u00e1 ali lutando, representando nosso pa\u00eds no UFC.<\/p>\n<p>O MMA \u00e9 o esporte mais dif\u00edcil do mundo. Eu costumo dizer que o MMA \u00e9 voc\u00ea jogar h\u00f3quei no gelo com roupa de futebol americano, chuteira e uma rede de volei no meio. E o cardio da nata\u00e7\u00e3o.<\/p>\n<p>Ent\u00e3o quem puder estar ali e aplaudir quem est\u00e1 lutando. Porque o lutador que est\u00e1 ali dentro est\u00e1 lutando pela vit\u00f3ria e mostrando a bandeira do nosso pa\u00eds. E a galera estar apoiando quem estiver ali dentro. Muito obrigado!<\/p>\n<p>&nbsp;<\/p>\n<p style=\"text-align: center\"><em><strong>Conhe\u00e7a o lutador Igor Ara\u00fajo:<\/strong><\/em><\/p>\n<p style=\"text-align: center\"><em><strong>[yframe url=&#8217;http:\/\/www.youtube.com\/watch?v=4the5zmYCms&#8217;]<\/strong><\/em><\/p>\n<p>&nbsp;<\/p>\n<p>&nbsp;<\/p>\n<p>&nbsp;<\/p>\n<p>&nbsp;<\/p>\n<p>&nbsp;<\/p>\n<p>&nbsp;<\/p>\n<p>&nbsp;<\/p>\n<p>&nbsp;<\/p>\n","protected":false},"excerpt":{"rendered":"<p>&nbsp; Uma verdadeira hist\u00f3ria de vida. O lutador Igor Ara\u00fajo que enfrenta o compatriota Ildemar Maraj\u00f3 em bate papo com o Planeta Oct\u00f3gono contou um <a class=\"read-more\" href=\"https:\/\/blogs.gazetaesportiva.com\/planeta-octogono\/2013\/10\/09\/guerreiro-do-mma-igor-araujo-estreia-no-ufc-e-revela-que-conselho-de-rodrigo-minotauro-mudou-sua-vida-no-esporte\/\">leia mais<\/a><\/p>\n","protected":false},"author":33,"featured_media":8183,"comment_status":"open","ping_status":"open","sticky":false,"template":"","format":"standard","meta":{"jetpack_post_was_ever_published":false,"_jetpack_newsletter_access":"","_jetpack_dont_email_post_to_subs":false,"_jetpack_newsletter_tier_id":0,"_jetpack_memberships_contains_paywalled_content":false,"_jetpack_memberships_contains_paid_content":false,"footnotes":"","jetpack_publicize_message":"","jetpack_publicize_feature_enabled":true,"jetpack_social_post_already_shared":false,"jetpack_social_options":{"image_generator_settings":{"template":"highway","default_image_id":0,"font":"","enabled":false},"version":2}},"categories":[1],"tags":[492],"class_list":["post-8180","post","type-post","status-publish","format-standard","has-post-thumbnail","hentry","category-principal","tag-igor-araujo"],"jetpack_publicize_connections":[],"jetpack_featured_media_url":"https:\/\/blogs.gazetaesportiva.com\/planeta-octogono\/files\/2013\/10\/IMG_7146.jpg","jetpack_sharing_enabled":true,"jetpack_shortlink":"https:\/\/wp.me\/p6rqUQ-27W","_links":{"self":[{"href":"https:\/\/blogs.gazetaesportiva.com\/planeta-octogono\/wp-json\/wp\/v2\/posts\/8180","targetHints":{"allow":["GET"]}}],"collection":[{"href":"https:\/\/blogs.gazetaesportiva.com\/planeta-octogono\/wp-json\/wp\/v2\/posts"}],"about":[{"href":"https:\/\/blogs.gazetaesportiva.com\/planeta-octogono\/wp-json\/wp\/v2\/types\/post"}],"author":[{"embeddable":true,"href":"https:\/\/blogs.gazetaesportiva.com\/planeta-octogono\/wp-json\/wp\/v2\/users\/33"}],"replies":[{"embeddable":true,"href":"https:\/\/blogs.gazetaesportiva.com\/planeta-octogono\/wp-json\/wp\/v2\/comments?post=8180"}],"version-history":[{"count":0,"href":"https:\/\/blogs.gazetaesportiva.com\/planeta-octogono\/wp-json\/wp\/v2\/posts\/8180\/revisions"}],"wp:featuredmedia":[{"embeddable":true,"href":"https:\/\/blogs.gazetaesportiva.com\/planeta-octogono\/wp-json\/wp\/v2\/media\/8183"}],"wp:attachment":[{"href":"https:\/\/blogs.gazetaesportiva.com\/planeta-octogono\/wp-json\/wp\/v2\/media?parent=8180"}],"wp:term":[{"taxonomy":"category","embeddable":true,"href":"https:\/\/blogs.gazetaesportiva.com\/planeta-octogono\/wp-json\/wp\/v2\/categories?post=8180"},{"taxonomy":"post_tag","embeddable":true,"href":"https:\/\/blogs.gazetaesportiva.com\/planeta-octogono\/wp-json\/wp\/v2\/tags?post=8180"}],"curies":[{"name":"wp","href":"https:\/\/api.w.org\/{rel}","templated":true}]}}