{"id":8174,"date":"2013-10-08T22:38:41","date_gmt":"2013-10-09T01:38:41","guid":{"rendered":"https:\/\/blogs.gazetaesportiva.com\/planeta-octogono\/?p=8174"},"modified":"2013-10-08T22:38:41","modified_gmt":"2013-10-09T01:38:41","slug":"com-uh-vai-morrer-e-encaradas-tensas-pesagem-do-ufc-barueri-agita-publico-nesta-terca-feira","status":"publish","type":"post","link":"https:\/\/blogs.gazetaesportiva.com\/planeta-octogono\/2013\/10\/08\/com-uh-vai-morrer-e-encaradas-tensas-pesagem-do-ufc-barueri-agita-publico-nesta-terca-feira\/","title":{"rendered":"Com &#8220;Uh vai morrer&#8221; e encaradas tensas, Pesagem do UFC Barueri agita p\u00fablico nesta ter\u00e7a feira"},"content":{"rendered":"<figure id=\"attachment_8175\" aria-describedby=\"caption-attachment-8175\" style=\"width: 640px\" class=\"wp-caption aligncenter\"><a href=\"https:\/\/blogs.gazetaesportiva.com\/planeta-octogono\/files\/2013\/10\/1086_08.29.2013_48516_ef_20131008.jpg\"><img loading=\"lazy\" decoding=\"async\" class=\" wp-image-8175 \" alt=\"Demian Maia (esquerda) e Jake Shields mostram respeito em pesagem tensa do UFC Barueri - Gaspar Nobrega \/Inovafoto\" src=\"https:\/\/blogs.gazetaesportiva.com\/planeta-octogono\/files\/2013\/10\/1086_08.29.2013_48516_ef_20131008.jpg\" width=\"640\" height=\"432\" \/><\/a><figcaption id=\"caption-attachment-8175\" class=\"wp-caption-text\">Demian Maia (esquerda) e Jake Shields mostram respeito em pesagem tensa do UFC Barueri &#8211; Gaspar Nobrega \/Inovafoto<\/figcaption><\/figure>\n<p>&nbsp;<\/p>\n<p>A cidade de Barueri j\u00e1 est\u00e1 respirando o clima do UFC que dominou a cidade nesta ter\u00e7a feira.<\/p>\n<p>Na pesagem oficial do evento que aconteceu no Gin\u00e1sio Poliesportivo Jos\u00e9 Corr\u00eaa, mesmo local do evento que acontece nesta quarta feira, os lutadores protagonizaram encaradas tensas no evento.<\/p>\n<p>Sem conseguir bater o peso mesmo ap\u00f3s a pesagem, o brasileiro Thiago Silva foi multado pelo UFC e perdeu 25% da bolsa, ap\u00f3s pesar 900 gramas a mais que seu advers\u00e1rio, o americano Matt Hamill.<\/p>\n<p>O lutador tamb\u00e9m n\u00e3o vai poder concorrer aos pr\u00eamios dados pelo evento para a melhor luta, finaliza\u00e7\u00e3o e nocaute da noite, em an\u00fancio feito pela Comiss\u00e3o Atl\u00e9tica Brasileira de MMA.<\/p>\n<figure id=\"attachment_8176\" aria-describedby=\"caption-attachment-8176\" style=\"width: 640px\" class=\"wp-caption aligncenter\"><a href=\"https:\/\/blogs.gazetaesportiva.com\/planeta-octogono\/files\/2013\/10\/1086_08.27.2013_48545_ef_20131008.jpg\"><img loading=\"lazy\" decoding=\"async\" class=\" wp-image-8176 \" alt=\"Encarada tensa entre Maldonado e Beltran levanta o p\u00fablico - Wagner Carmo\/Inovafoto\" src=\"https:\/\/blogs.gazetaesportiva.com\/planeta-octogono\/files\/2013\/10\/1086_08.27.2013_48545_ef_20131008.jpg\" width=\"640\" height=\"432\" \/><\/a><figcaption id=\"caption-attachment-8176\" class=\"wp-caption-text\">Encarada tensa entre Maldonado e Beltran levanta o p\u00fablico &#8211; Wagner Carmo\/Inovafoto<\/figcaption><\/figure>\n<p>Ao som do p\u00fablico que surpreendeu e compareceu em peso no gin\u00e1sio, o destaque foram as encaradas tensas entre F\u00e1bio Maldonado com Joey Beltran e Rousimar Toquinho e Mike Pierce que levantaram o p\u00fablico presente em Barueri.<\/p>\n<p>Toquinho tamb\u00e9m comoveu o p\u00fablico, j\u00e1 quem sua primeira pesagem como peso meio m\u00e9dio, o lutador foi \u00e1s l\u00e1grimas ao conseguir bater o peso.<\/p>\n<p>O UFC Fight Night em Barueri ter\u00e1 apenas 10 lutas e in\u00edcio \u00e1s 6 da tarde e tem transmiss\u00e3o do Canal Combate.<\/p>\n<figure id=\"attachment_8177\" aria-describedby=\"caption-attachment-8177\" style=\"width: 640px\" class=\"wp-caption aligncenter\"><a href=\"https:\/\/blogs.gazetaesportiva.com\/planeta-octogono\/files\/2013\/10\/IMG_7196.jpg\"><img loading=\"lazy\" decoding=\"async\" class=\" wp-image-8177 \" alt=\"Choro de Rousimar Toquinho emociona o p\u00fablico - Ana Carolina\/Gazeta Press\" src=\"https:\/\/blogs.gazetaesportiva.com\/planeta-octogono\/files\/2013\/10\/IMG_7196.jpg\" width=\"640\" height=\"432\" \/><\/a><figcaption id=\"caption-attachment-8177\" class=\"wp-caption-text\">Choro de Rousimar Toquinho emociona o p\u00fablico &#8211; Ana Carolina\/Gazeta Press<\/figcaption><\/figure>\n<p>&nbsp;<\/p>\n<p style=\"text-align: center\"><em><strong>Veja a encarada de Demian e Shields:<\/strong><\/em><\/p>\n<p style=\"text-align: center\"><em><strong>[yframe url=&#8217;http:\/\/www.youtube.com\/watch?v=7P6GqdLEa6A&#8217;]<\/strong><\/em><\/p>\n<p style=\"text-align: center\"><em><strong>Veja a encarada de \u00c9rick Silva e Dong Hyun Kim:<\/strong><\/em><\/p>\n<p style=\"text-align: center\"><em><strong>[yframe url=&#8217;http:\/\/www.youtube.com\/watch?v=YGOElPDd80U&#8217;]<\/strong><\/em><\/p>\n<p style=\"text-align: center\"><em><strong>Veja a pesagem na \u00edntegra:<\/strong><\/em><\/p>\n<p style=\"text-align: center\"><em><strong>[yframe url=&#8217;http:\/\/www.youtube.com\/watch?v=JIqQH45RBek&#8217;]<\/strong><\/em><\/p>\n<p style=\"text-align: center\">\n<p style=\"text-align: center\"><strong><em>Veja o card do evento:<\/em><\/strong><\/p>\n<p style=\"text-align: center\"><strong><em>UFC Fight Night Barueri &#8211; Maia vs Shields<\/em><\/strong><\/p>\n<p style=\"text-align: center\"><strong><em>Gin\u00e1sio Poliesportivo Jos\u00e9 Corr\u00eaa, Barueri, S\u00e3o Paulo.<\/em><\/strong><\/p>\n<p style=\"text-align: center\"><strong><em>Demian Maia x Jake Shields<\/em><\/strong><br \/>\n<strong><em>Erick Silva x Dong Hyun Kim<\/em><\/strong><br \/>\n<strong><em>Thiago Silva x Matt Hamill<\/em><\/strong><br \/>\n<strong><em>Rousimar Toquinho x Mike Pierce<\/em><\/strong><br \/>\n<strong><em>Raphael Assun\u00e7\u00e3o x TJ Dillashaw<\/em><\/strong><br \/>\n<strong><em>F\u00e1bio Maldonado x Joey Beltran<\/em><\/strong><br \/>\n<strong><em>Yan Cabral x David Mitchell<\/em><\/strong><br \/>\n<strong><em>Ildemar Maraj\u00f3 x Igor Ara\u00fajo<\/em><\/strong><br \/>\n<strong><em>Iliarde Santos x Chris Cariaso<\/em><\/strong><br \/>\n<strong><em>Alan Nuguette x Garett Whiteley<\/em><\/strong><\/p>\n<p>&nbsp;<\/p>\n","protected":false},"excerpt":{"rendered":"<p>&nbsp; A cidade de Barueri j\u00e1 est\u00e1 respirando o clima do UFC que dominou a cidade nesta ter\u00e7a feira. Na pesagem oficial do evento que <a class=\"read-more\" href=\"https:\/\/blogs.gazetaesportiva.com\/planeta-octogono\/2013\/10\/08\/com-uh-vai-morrer-e-encaradas-tensas-pesagem-do-ufc-barueri-agita-publico-nesta-terca-feira\/\">leia mais<\/a><\/p>\n","protected":false},"author":33,"featured_media":8177,"comment_status":"open","ping_status":"open","sticky":false,"template":"","format":"standard","meta":{"jetpack_post_was_ever_published":false,"_jetpack_newsletter_access":"","_jetpack_dont_email_post_to_subs":false,"_jetpack_newsletter_tier_id":0,"_jetpack_memberships_contains_paywalled_content":false,"_jetpack_memberships_contains_paid_content":false,"footnotes":"","jetpack_publicize_message":"","jetpack_publicize_feature_enabled":true,"jetpack_social_post_already_shared":false,"jetpack_social_options":{"image_generator_settings":{"template":"highway","default_image_id":0,"font":"","enabled":false},"version":2}},"categories":[1],"tags":[478],"class_list":["post-8174","post","type-post","status-publish","format-standard","has-post-thumbnail","hentry","category-principal","tag-ufc-barueri"],"jetpack_publicize_connections":[],"jetpack_featured_media_url":"https:\/\/blogs.gazetaesportiva.com\/planeta-octogono\/files\/2013\/10\/IMG_7196.jpg","jetpack_sharing_enabled":true,"jetpack_shortlink":"https:\/\/wp.me\/p6rqUQ-27Q","_links":{"self":[{"href":"https:\/\/blogs.gazetaesportiva.com\/planeta-octogono\/wp-json\/wp\/v2\/posts\/8174","targetHints":{"allow":["GET"]}}],"collection":[{"href":"https:\/\/blogs.gazetaesportiva.com\/planeta-octogono\/wp-json\/wp\/v2\/posts"}],"about":[{"href":"https:\/\/blogs.gazetaesportiva.com\/planeta-octogono\/wp-json\/wp\/v2\/types\/post"}],"author":[{"embeddable":true,"href":"https:\/\/blogs.gazetaesportiva.com\/planeta-octogono\/wp-json\/wp\/v2\/users\/33"}],"replies":[{"embeddable":true,"href":"https:\/\/blogs.gazetaesportiva.com\/planeta-octogono\/wp-json\/wp\/v2\/comments?post=8174"}],"version-history":[{"count":0,"href":"https:\/\/blogs.gazetaesportiva.com\/planeta-octogono\/wp-json\/wp\/v2\/posts\/8174\/revisions"}],"wp:featuredmedia":[{"embeddable":true,"href":"https:\/\/blogs.gazetaesportiva.com\/planeta-octogono\/wp-json\/wp\/v2\/media\/8177"}],"wp:attachment":[{"href":"https:\/\/blogs.gazetaesportiva.com\/planeta-octogono\/wp-json\/wp\/v2\/media?parent=8174"}],"wp:term":[{"taxonomy":"category","embeddable":true,"href":"https:\/\/blogs.gazetaesportiva.com\/planeta-octogono\/wp-json\/wp\/v2\/categories?post=8174"},{"taxonomy":"post_tag","embeddable":true,"href":"https:\/\/blogs.gazetaesportiva.com\/planeta-octogono\/wp-json\/wp\/v2\/tags?post=8174"}],"curies":[{"name":"wp","href":"https:\/\/api.w.org\/{rel}","templated":true}]}}