{"id":8151,"date":"2013-10-07T05:59:01","date_gmt":"2013-10-07T08:59:01","guid":{"rendered":"https:\/\/blogs.gazetaesportiva.com\/planeta-octogono\/?p=8151"},"modified":"2013-10-07T05:59:01","modified_gmt":"2013-10-07T08:59:01","slug":"perguntas-e-respostas-do-ufc-tem-clima-agradavel-e-promessa-de-shields-para-demian-quero-finaliza-lo","status":"publish","type":"post","link":"https:\/\/blogs.gazetaesportiva.com\/planeta-octogono\/2013\/10\/07\/perguntas-e-respostas-do-ufc-tem-clima-agradavel-e-promessa-de-shields-para-demian-quero-finaliza-lo\/","title":{"rendered":"Perguntas e Respostas do UFC tem clima agrad\u00e1vel e promessa de Shields para Demian: Quero Finaliz\u00e1-lo!"},"content":{"rendered":"<figure id=\"attachment_8152\" aria-describedby=\"caption-attachment-8152\" style=\"width: 640px\" class=\"wp-caption aligncenter\"><a href=\"https:\/\/blogs.gazetaesportiva.com\/planeta-octogono\/files\/2013\/10\/1086_06.38.2013_48295_ef_20131006.jpg\"><img loading=\"lazy\" decoding=\"async\" class=\" wp-image-8152 \" alt=\"Lutadores participam de evento com o p\u00fablico em S\u00e2o Paulo - William Lucas\/Inovafoto\" src=\"https:\/\/blogs.gazetaesportiva.com\/planeta-octogono\/files\/2013\/10\/1086_06.38.2013_48295_ef_20131006.jpg\" width=\"640\" height=\"432\" \/><\/a><figcaption id=\"caption-attachment-8152\" class=\"wp-caption-text\">Lutadores participam de evento com o p\u00fablico em S\u00e2o Paulo &#8211; William Lucas\/Inovafoto<\/figcaption><\/figure>\n<p>&nbsp;<\/p>\n<figure id=\"attachment_8153\" aria-describedby=\"caption-attachment-8153\" style=\"width: 389px\" class=\"wp-caption alignleft\"><a href=\"https:\/\/blogs.gazetaesportiva.com\/planeta-octogono\/files\/2013\/10\/1086_06.39.2013_48279_ef_20131006.jpg\"><img loading=\"lazy\" decoding=\"async\" class=\" wp-image-8153    \" alt=\"Camila Oliveira participa de evento com f\u00e3s - William Lucas\/Inovafoto\" src=\"https:\/\/blogs.gazetaesportiva.com\/planeta-octogono\/files\/2013\/10\/1086_06.39.2013_48279_ef_20131006.jpg\" width=\"389\" height=\"259\" \/><\/a><figcaption id=\"caption-attachment-8153\" class=\"wp-caption-text\">Camila Oliveira participa de evento com f\u00e3s &#8211; William Lucas\/Inovafoto<\/figcaption><\/figure>\n<p>A cidade de S\u00e3o Paulo, recebeu uma se\u00e7\u00e3o de perguntas e respostas com os astros do UFC Barueri que se enfrentam nesta quarta feira, os lutadores Demian Maia e o americano Jake Shields.<\/p>\n<p>Em um evento bem humorado, os lutadores mostraram muito respeito e Shields aproveitou para prometer aos f\u00e3s que ir\u00e1 surpreender Demian.<\/p>\n<p>&#8220;A prepara\u00e7\u00e3o tem sido \u00f3tima. Treinei bastante e estou bem f\u00edsica e psicologicamente. Estou pronto para uma guerra.<\/p>\n<p>Tem mais press\u00e3o em lutar aqui, mas j\u00e1 lutei em v\u00e1rios lugares do mundo e conhe\u00e7o v\u00e1rios brasileiros do jiu-j\u00edtsu. Sei que os caras s\u00e3o bem legais fora do ringue tamb\u00e9m.<\/p>\n<p>O Demian Maia \u00e9 um dos meus lutadores preferidos no jiu-j\u00edtsu. Tenho muito respeito por ele. Gosto de desafios. Meu plano \u00e9 ir la e finaliz\u00e1-lo.&#8221; prometeu Shields que recebeu elogios do brasileiro.<\/p>\n<p>&#8220;Acho que ele \u00e9 o melhor grappler que j\u00e1 enfrentei. Em 2005 ele lutou (o ADCC) em Abu Dhabi, e eu tamb\u00e9m.<\/p>\n<p>Ele \u00e9 o cara com mais credencial no grappling que j\u00e1 terei enfrentado, n\u00e3o s\u00f3 nesse peso, mas de todo o UFC.&#8221; elogiou Demian.<\/p>\n<p>O evento tamb\u00e9m teve a presen\u00e7a do campe\u00e3o interino peso galo do UFC, Renan Bar\u00e3o, do campe\u00e3o do TUF Brasil, Leo Santos e das ring girls do UFC, Camila Oliveira e Jhenny Andrade.<\/p>\n<p>Nesta segunda feira haver\u00e1 os treinos abertos do evento e na ter\u00e7a a Pesagem Oficial da Edi\u00e7\u00e3o no Gin\u00e1sio Jos\u00e9 Corr\u00eaa em Barueri.<\/p>\n<p>&nbsp;<\/p>\n","protected":false},"excerpt":{"rendered":"<p>&nbsp; A cidade de S\u00e3o Paulo, recebeu uma se\u00e7\u00e3o de perguntas e respostas com os astros do UFC Barueri que se enfrentam nesta quarta feira, <a class=\"read-more\" href=\"https:\/\/blogs.gazetaesportiva.com\/planeta-octogono\/2013\/10\/07\/perguntas-e-respostas-do-ufc-tem-clima-agradavel-e-promessa-de-shields-para-demian-quero-finaliza-lo\/\">leia mais<\/a><\/p>\n","protected":false},"author":33,"featured_media":8153,"comment_status":"open","ping_status":"open","sticky":false,"template":"","format":"standard","meta":{"jetpack_post_was_ever_published":false,"_jetpack_newsletter_access":"","_jetpack_dont_email_post_to_subs":false,"_jetpack_newsletter_tier_id":0,"_jetpack_memberships_contains_paywalled_content":false,"_jetpack_memberships_contains_paid_content":false,"footnotes":"","jetpack_publicize_message":"","jetpack_publicize_feature_enabled":true,"jetpack_social_post_already_shared":false,"jetpack_social_options":{"image_generator_settings":{"template":"highway","default_image_id":0,"font":"","enabled":false},"version":2}},"categories":[1],"tags":[478],"class_list":["post-8151","post","type-post","status-publish","format-standard","has-post-thumbnail","hentry","category-principal","tag-ufc-barueri"],"jetpack_publicize_connections":[],"jetpack_featured_media_url":"https:\/\/blogs.gazetaesportiva.com\/planeta-octogono\/files\/2013\/10\/1086_06.39.2013_48279_ef_20131006.jpg","jetpack_sharing_enabled":true,"jetpack_shortlink":"https:\/\/wp.me\/p6rqUQ-27t","_links":{"self":[{"href":"https:\/\/blogs.gazetaesportiva.com\/planeta-octogono\/wp-json\/wp\/v2\/posts\/8151","targetHints":{"allow":["GET"]}}],"collection":[{"href":"https:\/\/blogs.gazetaesportiva.com\/planeta-octogono\/wp-json\/wp\/v2\/posts"}],"about":[{"href":"https:\/\/blogs.gazetaesportiva.com\/planeta-octogono\/wp-json\/wp\/v2\/types\/post"}],"author":[{"embeddable":true,"href":"https:\/\/blogs.gazetaesportiva.com\/planeta-octogono\/wp-json\/wp\/v2\/users\/33"}],"replies":[{"embeddable":true,"href":"https:\/\/blogs.gazetaesportiva.com\/planeta-octogono\/wp-json\/wp\/v2\/comments?post=8151"}],"version-history":[{"count":0,"href":"https:\/\/blogs.gazetaesportiva.com\/planeta-octogono\/wp-json\/wp\/v2\/posts\/8151\/revisions"}],"wp:featuredmedia":[{"embeddable":true,"href":"https:\/\/blogs.gazetaesportiva.com\/planeta-octogono\/wp-json\/wp\/v2\/media\/8153"}],"wp:attachment":[{"href":"https:\/\/blogs.gazetaesportiva.com\/planeta-octogono\/wp-json\/wp\/v2\/media?parent=8151"}],"wp:term":[{"taxonomy":"category","embeddable":true,"href":"https:\/\/blogs.gazetaesportiva.com\/planeta-octogono\/wp-json\/wp\/v2\/categories?post=8151"},{"taxonomy":"post_tag","embeddable":true,"href":"https:\/\/blogs.gazetaesportiva.com\/planeta-octogono\/wp-json\/wp\/v2\/tags?post=8151"}],"curies":[{"name":"wp","href":"https:\/\/api.w.org\/{rel}","templated":true}]}}