{"id":8144,"date":"2013-10-07T05:00:30","date_gmt":"2013-10-07T08:00:30","guid":{"rendered":"https:\/\/blogs.gazetaesportiva.com\/planeta-octogono\/?p=8144"},"modified":"2013-10-07T05:49:26","modified_gmt":"2013-10-07T08:49:26","slug":"com-problemas-de-saude-rodrigo-damm-e-retirado-o-ufc-barueri-e-luta-com-hacran-dias-e-cancelada","status":"publish","type":"post","link":"https:\/\/blogs.gazetaesportiva.com\/planeta-octogono\/2013\/10\/07\/com-problemas-de-saude-rodrigo-damm-e-retirado-o-ufc-barueri-e-luta-com-hacran-dias-e-cancelada\/","title":{"rendered":"Com problemas de saude, Rodrigo Damm \u00e9 retirado do UFC Barueri e luta com Hacran Dias \u00e9 cancelada"},"content":{"rendered":"<p>&nbsp;<\/p>\n<figure id=\"attachment_1585\" aria-describedby=\"caption-attachment-1585\" style=\"width: 500px\" class=\"wp-caption aligncenter\"><a href=\"https:\/\/blogs.gazetaesportiva.com\/planeta-octogono\/files\/2012\/11\/RodrigoDamm_Headshot.png\"><img loading=\"lazy\" decoding=\"async\" class=\"size-full wp-image-1585\" alt=\"Brasileiro esta fora de evento em Barueri - Foto - Divulga\u00e7\u00e3o UFC\" src=\"https:\/\/blogs.gazetaesportiva.com\/planeta-octogono\/files\/2012\/11\/RodrigoDamm_Headshot.png\" width=\"500\" height=\"325\" \/><\/a><figcaption id=\"caption-attachment-1585\" class=\"wp-caption-text\">Brasileiro esta fora de evento em Barueri &#8211; Foto &#8211; Divulga\u00e7\u00e3o UFC<\/figcaption><\/figure>\n<p>Mais uma m\u00e1 noticia para os f\u00e3s de MMA.<\/p>\n<p>O lutador Rodrigo Damm que participaria desta edi\u00e7\u00e3o do UFC Fight Night em Barueri nesta quarta feira foi retirado do card pela organiza\u00e7\u00e3o do UFC.<\/p>\n<p>Com problemas nos rins, segundo o site Combate.com, o lutador que enfrentaria o compatriota Hacran Dias deixa o evento com apenas 10 lutas.<\/p>\n<p>&#8220;Pe\u00e7o desculpas ao Hacran Dias e a equipe Nova Uni\u00e3o. Mas infelizmente o corpo teve que ser respeitado.&#8221; lamentou Damm.<\/p>\n<p>Com mais uma luta perdida, a organiza\u00e7\u00e3o do UFC anunciou a mudan\u00e7a do hor\u00e1rio de in\u00edcio do evento para as 6 da tarde desta quarta feira.<\/p>\n","protected":false},"excerpt":{"rendered":"<p>&nbsp; Mais uma m\u00e1 noticia para os f\u00e3s de MMA. O lutador Rodrigo Damm que participaria desta edi\u00e7\u00e3o do UFC Fight Night em Barueri nesta <a class=\"read-more\" href=\"https:\/\/blogs.gazetaesportiva.com\/planeta-octogono\/2013\/10\/07\/com-problemas-de-saude-rodrigo-damm-e-retirado-o-ufc-barueri-e-luta-com-hacran-dias-e-cancelada\/\">leia mais<\/a><\/p>\n","protected":false},"author":33,"featured_media":0,"comment_status":"open","ping_status":"open","sticky":false,"template":"","format":"standard","meta":{"jetpack_post_was_ever_published":false,"_jetpack_newsletter_access":"","_jetpack_dont_email_post_to_subs":false,"_jetpack_newsletter_tier_id":0,"_jetpack_memberships_contains_paywalled_content":false,"_jetpack_memberships_contains_paid_content":false,"footnotes":"","jetpack_publicize_message":"","jetpack_publicize_feature_enabled":true,"jetpack_social_post_already_shared":false,"jetpack_social_options":{"image_generator_settings":{"template":"highway","default_image_id":0,"font":"","enabled":false},"version":2}},"categories":[1],"tags":[],"class_list":["post-8144","post","type-post","status-publish","format-standard","hentry","category-principal"],"jetpack_publicize_connections":[],"jetpack_featured_media_url":"","jetpack_sharing_enabled":true,"jetpack_shortlink":"https:\/\/wp.me\/p6rqUQ-27m","_links":{"self":[{"href":"https:\/\/blogs.gazetaesportiva.com\/planeta-octogono\/wp-json\/wp\/v2\/posts\/8144","targetHints":{"allow":["GET"]}}],"collection":[{"href":"https:\/\/blogs.gazetaesportiva.com\/planeta-octogono\/wp-json\/wp\/v2\/posts"}],"about":[{"href":"https:\/\/blogs.gazetaesportiva.com\/planeta-octogono\/wp-json\/wp\/v2\/types\/post"}],"author":[{"embeddable":true,"href":"https:\/\/blogs.gazetaesportiva.com\/planeta-octogono\/wp-json\/wp\/v2\/users\/33"}],"replies":[{"embeddable":true,"href":"https:\/\/blogs.gazetaesportiva.com\/planeta-octogono\/wp-json\/wp\/v2\/comments?post=8144"}],"version-history":[{"count":0,"href":"https:\/\/blogs.gazetaesportiva.com\/planeta-octogono\/wp-json\/wp\/v2\/posts\/8144\/revisions"}],"wp:attachment":[{"href":"https:\/\/blogs.gazetaesportiva.com\/planeta-octogono\/wp-json\/wp\/v2\/media?parent=8144"}],"wp:term":[{"taxonomy":"category","embeddable":true,"href":"https:\/\/blogs.gazetaesportiva.com\/planeta-octogono\/wp-json\/wp\/v2\/categories?post=8144"},{"taxonomy":"post_tag","embeddable":true,"href":"https:\/\/blogs.gazetaesportiva.com\/planeta-octogono\/wp-json\/wp\/v2\/tags?post=8144"}],"curies":[{"name":"wp","href":"https:\/\/api.w.org\/{rel}","templated":true}]}}