{"id":8139,"date":"2013-10-06T05:34:36","date_gmt":"2013-10-06T08:34:36","guid":{"rendered":"https:\/\/blogs.gazetaesportiva.com\/planeta-octogono\/?p=8139"},"modified":"2013-10-06T05:36:54","modified_gmt":"2013-10-06T08:36:54","slug":"lenda-do-mma-feminino-megumi-fujii-se-aposenta-com-derrota-para-jessica-aguillar-no-vale-tudo-japan-3","status":"publish","type":"post","link":"https:\/\/blogs.gazetaesportiva.com\/planeta-octogono\/2013\/10\/06\/lenda-do-mma-feminino-megumi-fujii-se-aposenta-com-derrota-para-jessica-aguillar-no-vale-tudo-japan-3\/","title":{"rendered":"Lenda do MMA Feminino, Megumi Fujii se aposenta com derrota para J\u00e9ssica Aguillar no Vale Tudo Japan 3"},"content":{"rendered":"<figure id=\"attachment_8140\" aria-describedby=\"caption-attachment-8140\" style=\"width: 600px\" class=\"wp-caption aligncenter\"><a href=\"https:\/\/blogs.gazetaesportiva.com\/planeta-octogono\/files\/2013\/10\/megumifujii.jpg\"><img loading=\"lazy\" decoding=\"async\" class=\"size-full wp-image-8140\" alt=\"Lenda japonesa, Megumi Fujii se aposenta com derrota - Arquivo Pessoal\" src=\"https:\/\/blogs.gazetaesportiva.com\/planeta-octogono\/files\/2013\/10\/megumifujii.jpg\" width=\"600\" height=\"450\" \/><\/a><figcaption id=\"caption-attachment-8140\" class=\"wp-caption-text\">Lenda japonesa, Megumi Fujii se aposenta com derrota &#8211; Arquivo Pessoal<\/figcaption><\/figure>\n<p>&nbsp;<\/p>\n<p>A luta de despedida da lenda japonesa do MMA Feminino, Megumi Fujii n\u00e3o foi como a lutadora esperava.<\/p>\n<p>Enfrentando J\u00e9ssica Aguillar na terceira edi\u00e7\u00e3o do evento japon\u00eas Vale Tudo Japan, Megumi mostrou um grande cora\u00e7\u00e3o mas n\u00e3o resistiu ao ritmo de J\u00e9ssica.<\/p>\n<p>Sendo dominada pela lutadora americana, Megumi mostrava cora\u00e7\u00e3o, principalmente ap\u00f3s sofrer uma dedada no olho n\u00e3o intencional.<\/p>\n<p>Depois de 20 minutos, Megumi voltou ao combate mas os m\u00e9dicos interromperam a luta no terceiro round, decretando a vit\u00f3ria de J\u00e9ssica por TKO (interrup\u00e7\u00e3o t\u00e9cnica).<\/p>\n<p>Emocionada, Megumi agradeceu aos f\u00e3s e amigos que fizeram uma grande homenagem para a lutadora ap\u00f3s o combate.<\/p>\n<p>Com 39 anos, a japonesa se aposenta com uma carreira vitoriosa de 26 vit\u00f3rias e apenas 3 derrotas.<\/p>\n<p>&nbsp;<\/p>\n<p style=\"text-align: center\"><strong><em>Conhe\u00e7a Megumi Fujii:<\/em><\/strong><\/p>\n<p style=\"text-align: center\"><strong><em>[yframe url=&#8217;http:\/\/www.youtube.com\/watch?v=OGi3AM7ZJsY&#8217;]<\/em><\/strong><\/p>\n<p>&nbsp;<\/p>\n","protected":false},"excerpt":{"rendered":"<p>&nbsp; A luta de despedida da lenda japonesa do MMA Feminino, Megumi Fujii n\u00e3o foi como a lutadora esperava. Enfrentando J\u00e9ssica Aguillar na terceira edi\u00e7\u00e3o <a class=\"read-more\" href=\"https:\/\/blogs.gazetaesportiva.com\/planeta-octogono\/2013\/10\/06\/lenda-do-mma-feminino-megumi-fujii-se-aposenta-com-derrota-para-jessica-aguillar-no-vale-tudo-japan-3\/\">leia mais<\/a><\/p>\n","protected":false},"author":33,"featured_media":8140,"comment_status":"open","ping_status":"open","sticky":false,"template":"","format":"standard","meta":{"jetpack_post_was_ever_published":false,"_jetpack_newsletter_access":"","_jetpack_dont_email_post_to_subs":false,"_jetpack_newsletter_tier_id":0,"_jetpack_memberships_contains_paywalled_content":false,"_jetpack_memberships_contains_paid_content":false,"footnotes":"","jetpack_publicize_message":"","jetpack_publicize_feature_enabled":true,"jetpack_social_post_already_shared":false,"jetpack_social_options":{"image_generator_settings":{"template":"highway","default_image_id":0,"font":"","enabled":false},"version":2}},"categories":[1],"tags":[490],"class_list":["post-8139","post","type-post","status-publish","format-standard","has-post-thumbnail","hentry","category-principal","tag-megumi-fujii"],"jetpack_publicize_connections":[],"jetpack_featured_media_url":"https:\/\/blogs.gazetaesportiva.com\/planeta-octogono\/files\/2013\/10\/megumifujii.jpg","jetpack_sharing_enabled":true,"jetpack_shortlink":"https:\/\/wp.me\/p6rqUQ-27h","_links":{"self":[{"href":"https:\/\/blogs.gazetaesportiva.com\/planeta-octogono\/wp-json\/wp\/v2\/posts\/8139","targetHints":{"allow":["GET"]}}],"collection":[{"href":"https:\/\/blogs.gazetaesportiva.com\/planeta-octogono\/wp-json\/wp\/v2\/posts"}],"about":[{"href":"https:\/\/blogs.gazetaesportiva.com\/planeta-octogono\/wp-json\/wp\/v2\/types\/post"}],"author":[{"embeddable":true,"href":"https:\/\/blogs.gazetaesportiva.com\/planeta-octogono\/wp-json\/wp\/v2\/users\/33"}],"replies":[{"embeddable":true,"href":"https:\/\/blogs.gazetaesportiva.com\/planeta-octogono\/wp-json\/wp\/v2\/comments?post=8139"}],"version-history":[{"count":0,"href":"https:\/\/blogs.gazetaesportiva.com\/planeta-octogono\/wp-json\/wp\/v2\/posts\/8139\/revisions"}],"wp:featuredmedia":[{"embeddable":true,"href":"https:\/\/blogs.gazetaesportiva.com\/planeta-octogono\/wp-json\/wp\/v2\/media\/8140"}],"wp:attachment":[{"href":"https:\/\/blogs.gazetaesportiva.com\/planeta-octogono\/wp-json\/wp\/v2\/media?parent=8139"}],"wp:term":[{"taxonomy":"category","embeddable":true,"href":"https:\/\/blogs.gazetaesportiva.com\/planeta-octogono\/wp-json\/wp\/v2\/categories?post=8139"},{"taxonomy":"post_tag","embeddable":true,"href":"https:\/\/blogs.gazetaesportiva.com\/planeta-octogono\/wp-json\/wp\/v2\/tags?post=8139"}],"curies":[{"name":"wp","href":"https:\/\/api.w.org\/{rel}","templated":true}]}}