{"id":8134,"date":"2013-10-06T03:49:24","date_gmt":"2013-10-06T06:49:24","guid":{"rendered":"https:\/\/blogs.gazetaesportiva.com\/planeta-octogono\/?p=8134"},"modified":"2013-10-06T03:52:14","modified_gmt":"2013-10-06T06:52:14","slug":"evento-japones-pancrase-oficializa-combate-de-ex-tuf-brasil-thiago-jambo-em-novembro","status":"publish","type":"post","link":"https:\/\/blogs.gazetaesportiva.com\/planeta-octogono\/2013\/10\/06\/evento-japones-pancrase-oficializa-combate-de-ex-tuf-brasil-thiago-jambo-em-novembro\/","title":{"rendered":"Evento japon\u00eas Pancrase oficializa combate de Ex-TUF Brasil, Thiago Jambo em novembro"},"content":{"rendered":"<figure id=\"attachment_8135\" aria-describedby=\"caption-attachment-8135\" style=\"width: 475px\" class=\"wp-caption aligncenter\"><a href=\"https:\/\/blogs.gazetaesportiva.com\/planeta-octogono\/files\/2013\/10\/pancrase253.jpg\"><img loading=\"lazy\" decoding=\"async\" class=\" wp-image-8135 \" alt=\"Evento japon\u00eas divulga poster oficial do evento - Divulga\u00e7\u00e3o Pancrase\" src=\"https:\/\/blogs.gazetaesportiva.com\/planeta-octogono\/files\/2013\/10\/pancrase253.jpg\" width=\"475\" height=\"672\" \/><\/a><figcaption id=\"caption-attachment-8135\" class=\"wp-caption-text\">Evento japon\u00eas divulga poster oficial do evento &#8211; Divulga\u00e7\u00e3o Pancrase<\/figcaption><\/figure>\n<p>&nbsp;<\/p>\n<p>\u00c9 oficial!<\/p>\n<p>O maior evento atualmente de MMA do Jap\u00e3o, o Pancrase anunciou mais uma edi\u00e7\u00e3o com dois brasileiros no card.<\/p>\n<p>O evento que acontece na cidade de Tokyo, no Differ Ariake no dia 3 de novembro contra com dois lutadores da equipe de Rodrigo Minotauro: O Team Nogueira.<\/p>\n<p>Maur\u00edcio Reis faz sua estr\u00e9ia contra o lutador Akira e o ex TUF Brasil, Thiago &#8220;Jambo&#8221; Gon\u00e7alves encara o japon\u00eas Shingo Suzuki.<\/p>\n<p>O Pancrase que \u00e9 um evento que revela v\u00e1rios lutadores japoneses teve a \u00faltima edi\u00e7\u00e3o com tr\u00eas lutadores da academia Nova Uni\u00e3o.<\/p>\n<p>Enquanto Felipe Olivieri e M\u00e1rcio Gracinha venceram seus combates, Marlon Sandro empatou com o japon\u00eas Yojiro Uchimura.<\/p>\n<p>&nbsp;<\/p>\n<p style=\"text-align: center\"><em><strong>Conhe\u00e7a o Pancrase:<\/strong><\/em><\/p>\n<p style=\"text-align: center\"><em><strong>[yframe url=&#8217;http:\/\/www.youtube.com\/watch?v=Nq8mkW-Ep_4&#8242;]<\/strong><\/em><\/p>\n","protected":false},"excerpt":{"rendered":"<p>&nbsp; \u00c9 oficial! O maior evento atualmente de MMA do Jap\u00e3o, o Pancrase anunciou mais uma edi\u00e7\u00e3o com dois brasileiros no card. O evento que <a class=\"read-more\" href=\"https:\/\/blogs.gazetaesportiva.com\/planeta-octogono\/2013\/10\/06\/evento-japones-pancrase-oficializa-combate-de-ex-tuf-brasil-thiago-jambo-em-novembro\/\">leia mais<\/a><\/p>\n","protected":false},"author":33,"featured_media":8135,"comment_status":"open","ping_status":"open","sticky":false,"template":"","format":"standard","meta":{"jetpack_post_was_ever_published":false,"_jetpack_newsletter_access":"","_jetpack_dont_email_post_to_subs":false,"_jetpack_newsletter_tier_id":0,"_jetpack_memberships_contains_paywalled_content":false,"_jetpack_memberships_contains_paid_content":false,"footnotes":"","jetpack_publicize_message":"","jetpack_publicize_feature_enabled":true,"jetpack_social_post_already_shared":false,"jetpack_social_options":{"image_generator_settings":{"template":"highway","default_image_id":0,"font":"","enabled":false},"version":2}},"categories":[1],"tags":[488,489],"class_list":["post-8134","post","type-post","status-publish","format-standard","has-post-thumbnail","hentry","category-principal","tag-pancrase","tag-thiago-jambo"],"jetpack_publicize_connections":[],"jetpack_featured_media_url":"https:\/\/blogs.gazetaesportiva.com\/planeta-octogono\/files\/2013\/10\/pancrase253.jpg","jetpack_sharing_enabled":true,"jetpack_shortlink":"https:\/\/wp.me\/p6rqUQ-27c","_links":{"self":[{"href":"https:\/\/blogs.gazetaesportiva.com\/planeta-octogono\/wp-json\/wp\/v2\/posts\/8134","targetHints":{"allow":["GET"]}}],"collection":[{"href":"https:\/\/blogs.gazetaesportiva.com\/planeta-octogono\/wp-json\/wp\/v2\/posts"}],"about":[{"href":"https:\/\/blogs.gazetaesportiva.com\/planeta-octogono\/wp-json\/wp\/v2\/types\/post"}],"author":[{"embeddable":true,"href":"https:\/\/blogs.gazetaesportiva.com\/planeta-octogono\/wp-json\/wp\/v2\/users\/33"}],"replies":[{"embeddable":true,"href":"https:\/\/blogs.gazetaesportiva.com\/planeta-octogono\/wp-json\/wp\/v2\/comments?post=8134"}],"version-history":[{"count":0,"href":"https:\/\/blogs.gazetaesportiva.com\/planeta-octogono\/wp-json\/wp\/v2\/posts\/8134\/revisions"}],"wp:featuredmedia":[{"embeddable":true,"href":"https:\/\/blogs.gazetaesportiva.com\/planeta-octogono\/wp-json\/wp\/v2\/media\/8135"}],"wp:attachment":[{"href":"https:\/\/blogs.gazetaesportiva.com\/planeta-octogono\/wp-json\/wp\/v2\/media?parent=8134"}],"wp:term":[{"taxonomy":"category","embeddable":true,"href":"https:\/\/blogs.gazetaesportiva.com\/planeta-octogono\/wp-json\/wp\/v2\/categories?post=8134"},{"taxonomy":"post_tag","embeddable":true,"href":"https:\/\/blogs.gazetaesportiva.com\/planeta-octogono\/wp-json\/wp\/v2\/tags?post=8134"}],"curies":[{"name":"wp","href":"https:\/\/api.w.org\/{rel}","templated":true}]}}