{"id":8092,"date":"2013-10-05T17:10:26","date_gmt":"2013-10-05T20:10:26","guid":{"rendered":"https:\/\/blogs.gazetaesportiva.com\/planeta-octogono\/?p=8092"},"modified":"2013-10-05T22:50:28","modified_gmt":"2013-10-06T01:50:28","slug":"buscando-evolucao-erick-silva-esta-pronto-para-desafio-contra-dong-hyun-kim-no-ufc-em-barueri","status":"publish","type":"post","link":"https:\/\/blogs.gazetaesportiva.com\/planeta-octogono\/2013\/10\/05\/buscando-evolucao-erick-silva-esta-pronto-para-desafio-contra-dong-hyun-kim-no-ufc-em-barueri\/","title":{"rendered":"Buscando evolu\u00e7\u00e3o, Erick Silva est\u00e1 pronto para desafio contra Dong Hyun Kim no UFC em Barueri"},"content":{"rendered":"<figure id=\"attachment_934\" aria-describedby=\"caption-attachment-934\" style=\"width: 422px\" class=\"wp-caption aligncenter\"><a href=\"https:\/\/blogs.gazetaesportiva.com\/planeta-octogono\/files\/2012\/10\/IMG_2489.jpg\"><img loading=\"lazy\" decoding=\"async\" class=\" wp-image-934\" alt=\"pesagem UFC RJ, Rio de Janeiro, HSBC Arena\" src=\"https:\/\/blogs.gazetaesportiva.com\/planeta-octogono\/files\/2012\/10\/IMG_2489.jpg\" width=\"422\" height=\"497\" \/><\/a><figcaption id=\"caption-attachment-934\" class=\"wp-caption-text\">Erick Silva conta sobre sua prepara\u00e7\u00e3o para o UFC Barueri &#8211; Ana Carolina\/Gazeta Press<\/figcaption><\/figure>\n<p style=\"text-align: center\">\n<p>Em fase final de treinos para o UFC que acontece em Barueri nesta pr\u00f3xima quarta feira, o lutador Erick Silva est\u00e1 pronto para o desafio contra o sul coreano Dong Hyun Kim.<\/p>\n<p>Contando com um apoio de peso, Erick est\u00e1 treinando com v\u00e1rios lutadores do UFC como Rafael Feij\u00e3o, Ronaldo Jacar\u00e9, os irm\u00e3os Rodrigo e Rog\u00e9rio Nogueira e o novo parceiro de treinos, lutador Paulo Thiago.<\/p>\n<p>Mostrando humildade, o lutador quer aproveitar as oportunidadespara evoluir seu jogo no combate contra o sul coreano.<\/p>\n<p>Em um v\u00eddeo divulgado pelo UFC, Erick conta como est\u00e1 sendo a sua rotina de prepara\u00e7\u00e3o para o combate desta quarta feira.<\/p>\n<p>&nbsp;<\/p>\n<p style=\"text-align: center\"><strong><em>Veja a entrevista com Erick Silva:<\/em><\/strong><\/p>\n<p style=\"text-align: center\"><strong><em>[yframe url=&#8217;http:\/\/www.youtube.com\/watch?v=vLsw9aQfguY&#8217;]<\/em><\/strong><\/p>\n<p>&nbsp;<\/p>\n","protected":false},"excerpt":{"rendered":"<p>Em fase final de treinos para o UFC que acontece em Barueri nesta pr\u00f3xima quarta feira, o lutador Erick Silva est\u00e1 pronto para o desafio <a class=\"read-more\" href=\"https:\/\/blogs.gazetaesportiva.com\/planeta-octogono\/2013\/10\/05\/buscando-evolucao-erick-silva-esta-pronto-para-desafio-contra-dong-hyun-kim-no-ufc-em-barueri\/\">leia mais<\/a><\/p>\n","protected":false},"author":33,"featured_media":0,"comment_status":"open","ping_status":"open","sticky":false,"template":"","format":"standard","meta":{"jetpack_post_was_ever_published":false,"_jetpack_newsletter_access":"","_jetpack_dont_email_post_to_subs":false,"_jetpack_newsletter_tier_id":0,"_jetpack_memberships_contains_paywalled_content":false,"_jetpack_memberships_contains_paid_content":false,"footnotes":"","jetpack_publicize_message":"","jetpack_publicize_feature_enabled":true,"jetpack_social_post_already_shared":false,"jetpack_social_options":{"image_generator_settings":{"template":"highway","default_image_id":0,"font":"","enabled":false},"version":2}},"categories":[1],"tags":[146],"class_list":["post-8092","post","type-post","status-publish","format-standard","hentry","category-principal","tag-erick-silva"],"jetpack_publicize_connections":[],"jetpack_featured_media_url":"","jetpack_sharing_enabled":true,"jetpack_shortlink":"https:\/\/wp.me\/p6rqUQ-26w","_links":{"self":[{"href":"https:\/\/blogs.gazetaesportiva.com\/planeta-octogono\/wp-json\/wp\/v2\/posts\/8092","targetHints":{"allow":["GET"]}}],"collection":[{"href":"https:\/\/blogs.gazetaesportiva.com\/planeta-octogono\/wp-json\/wp\/v2\/posts"}],"about":[{"href":"https:\/\/blogs.gazetaesportiva.com\/planeta-octogono\/wp-json\/wp\/v2\/types\/post"}],"author":[{"embeddable":true,"href":"https:\/\/blogs.gazetaesportiva.com\/planeta-octogono\/wp-json\/wp\/v2\/users\/33"}],"replies":[{"embeddable":true,"href":"https:\/\/blogs.gazetaesportiva.com\/planeta-octogono\/wp-json\/wp\/v2\/comments?post=8092"}],"version-history":[{"count":0,"href":"https:\/\/blogs.gazetaesportiva.com\/planeta-octogono\/wp-json\/wp\/v2\/posts\/8092\/revisions"}],"wp:attachment":[{"href":"https:\/\/blogs.gazetaesportiva.com\/planeta-octogono\/wp-json\/wp\/v2\/media?parent=8092"}],"wp:term":[{"taxonomy":"category","embeddable":true,"href":"https:\/\/blogs.gazetaesportiva.com\/planeta-octogono\/wp-json\/wp\/v2\/categories?post=8092"},{"taxonomy":"post_tag","embeddable":true,"href":"https:\/\/blogs.gazetaesportiva.com\/planeta-octogono\/wp-json\/wp\/v2\/tags?post=8092"}],"curies":[{"name":"wp","href":"https:\/\/api.w.org\/{rel}","templated":true}]}}