{"id":8088,"date":"2013-10-05T11:52:30","date_gmt":"2013-10-05T14:52:30","guid":{"rendered":"https:\/\/blogs.gazetaesportiva.com\/planeta-octogono\/?p=8088"},"modified":"2013-10-05T11:55:31","modified_gmt":"2013-10-05T14:55:31","slug":"charles-do-bronx-se-machuca-e-deixa-card-do-ufc-166","status":"publish","type":"post","link":"https:\/\/blogs.gazetaesportiva.com\/planeta-octogono\/2013\/10\/05\/charles-do-bronx-se-machuca-e-deixa-card-do-ufc-166\/","title":{"rendered":"Charles do Bronx se machuca e deixa card do UFC 166"},"content":{"rendered":"<figure id=\"attachment_8057\" aria-describedby=\"caption-attachment-8057\" style=\"width: 694px\" class=\"wp-caption aligncenter\"><a href=\"https:\/\/blogs.gazetaesportiva.com\/planeta-octogono\/files\/2013\/10\/charlesbronx1.png\"><img loading=\"lazy\" decoding=\"async\" class=\"size-full wp-image-8057  \" alt=\"Lutador est\u00e1 fora do UFC 166 - Divulga\u00e7\u00e3o UFC\/Josh Hedges\" src=\"https:\/\/blogs.gazetaesportiva.com\/planeta-octogono\/files\/2013\/10\/charlesbronx1.png\" width=\"694\" height=\"462\" \/><\/a><figcaption id=\"caption-attachment-8057\" class=\"wp-caption-text\">Lutador est\u00e1 fora do UFC 166 &#8211; Divulga\u00e7\u00e3o UFC\/Josh Hedges<\/figcaption><\/figure>\n<p>Uma not\u00edcia triste para os f\u00e3s de MMA e do atleta Charles do Bronx.<\/p>\n<p>Com um estiramento na coxa, o lutador est\u00e1 fora do UFC 166, que acontece na cidade de Houston nos Estados Unidos, dia 19 de outubro.<\/p>\n<p>Atrav\u00e9s das redes sociais, o lutador anunciou a les\u00e3o e agradeceu o apoio dos f\u00e3s.<\/p>\n<p>&#8220;Muito obrigado galera pelo apoio. Infelizmente n\u00e3o vai dar para lutar, mas vou voltar forte na pr\u00f3xima. Valeu.&#8221; disse Charles.<\/p>\n<p>O UFC ainda n\u00e3o anunciou se o americano Jeremy Larsen vai permanecer no card ou vai ser retirado do evento.<\/p>\n","protected":false},"excerpt":{"rendered":"<p>Uma not\u00edcia triste para os f\u00e3s de MMA e do atleta Charles do Bronx. Com um estiramento na coxa, o lutador est\u00e1 fora do UFC <a class=\"read-more\" href=\"https:\/\/blogs.gazetaesportiva.com\/planeta-octogono\/2013\/10\/05\/charles-do-bronx-se-machuca-e-deixa-card-do-ufc-166\/\">leia mais<\/a><\/p>\n","protected":false},"author":33,"featured_media":0,"comment_status":"open","ping_status":"open","sticky":false,"template":"","format":"standard","meta":{"jetpack_post_was_ever_published":false,"_jetpack_newsletter_access":"","_jetpack_dont_email_post_to_subs":false,"_jetpack_newsletter_tier_id":0,"_jetpack_memberships_contains_paywalled_content":false,"_jetpack_memberships_contains_paid_content":false,"footnotes":"","jetpack_publicize_message":"","jetpack_publicize_feature_enabled":true,"jetpack_social_post_already_shared":false,"jetpack_social_options":{"image_generator_settings":{"template":"highway","default_image_id":0,"font":"","enabled":false},"version":2}},"categories":[1],"tags":[],"class_list":["post-8088","post","type-post","status-publish","format-standard","hentry","category-principal"],"jetpack_publicize_connections":[],"jetpack_featured_media_url":"","jetpack_sharing_enabled":true,"jetpack_shortlink":"https:\/\/wp.me\/p6rqUQ-26s","_links":{"self":[{"href":"https:\/\/blogs.gazetaesportiva.com\/planeta-octogono\/wp-json\/wp\/v2\/posts\/8088","targetHints":{"allow":["GET"]}}],"collection":[{"href":"https:\/\/blogs.gazetaesportiva.com\/planeta-octogono\/wp-json\/wp\/v2\/posts"}],"about":[{"href":"https:\/\/blogs.gazetaesportiva.com\/planeta-octogono\/wp-json\/wp\/v2\/types\/post"}],"author":[{"embeddable":true,"href":"https:\/\/blogs.gazetaesportiva.com\/planeta-octogono\/wp-json\/wp\/v2\/users\/33"}],"replies":[{"embeddable":true,"href":"https:\/\/blogs.gazetaesportiva.com\/planeta-octogono\/wp-json\/wp\/v2\/comments?post=8088"}],"version-history":[{"count":0,"href":"https:\/\/blogs.gazetaesportiva.com\/planeta-octogono\/wp-json\/wp\/v2\/posts\/8088\/revisions"}],"wp:attachment":[{"href":"https:\/\/blogs.gazetaesportiva.com\/planeta-octogono\/wp-json\/wp\/v2\/media?parent=8088"}],"wp:term":[{"taxonomy":"category","embeddable":true,"href":"https:\/\/blogs.gazetaesportiva.com\/planeta-octogono\/wp-json\/wp\/v2\/categories?post=8088"},{"taxonomy":"post_tag","embeddable":true,"href":"https:\/\/blogs.gazetaesportiva.com\/planeta-octogono\/wp-json\/wp\/v2\/tags?post=8088"}],"curies":[{"name":"wp","href":"https:\/\/api.w.org\/{rel}","templated":true}]}}