{"id":8081,"date":"2013-10-05T13:20:42","date_gmt":"2013-10-05T16:20:42","guid":{"rendered":"https:\/\/blogs.gazetaesportiva.com\/planeta-octogono\/?p=8081"},"modified":"2013-10-05T22:36:24","modified_gmt":"2013-10-06T01:36:24","slug":"assista-o-trailer-extendido-e-o-primeiro-episodio-do-ufc-166-primetime-com-junior-cigano-e-cain-velasquez","status":"publish","type":"post","link":"https:\/\/blogs.gazetaesportiva.com\/planeta-octogono\/2013\/10\/05\/assista-o-trailer-extendido-e-o-primeiro-episodio-do-ufc-166-primetime-com-junior-cigano-e-cain-velasquez\/","title":{"rendered":"Assista o trailer extendido e o primeiro epis\u00f3dio do UFC 166 Primetime com J\u00fanior Cigano e Cain Velasquez"},"content":{"rendered":"<figure id=\"attachment_7896\" aria-describedby=\"caption-attachment-7896\" style=\"width: 448px\" class=\"wp-caption aligncenter\"><a href=\"https:\/\/blogs.gazetaesportiva.com\/planeta-octogono\/files\/2013\/09\/ufc166.jpg\"><img loading=\"lazy\" decoding=\"async\" class=\" wp-image-7896 \" alt=\"UFC 166 divulga programa de bastidores - Divulga\u00e7\u00e3o UFC\" src=\"https:\/\/blogs.gazetaesportiva.com\/planeta-octogono\/files\/2013\/09\/ufc166.jpg\" width=\"448\" height=\"582\" \/><\/a><figcaption id=\"caption-attachment-7896\" class=\"wp-caption-text\">UFC 166 divulga programa de bastidores &#8211; Divulga\u00e7\u00e3o UFC<\/figcaption><\/figure>\n<p>&nbsp;<\/p>\n<p>O UFC divulgou dois v\u00eddeos para promover a edi\u00e7\u00e3o 166 que acontece na cidade de Houston nos Estados Unidos.<\/p>\n<p>Contando com a esperada terceira luta entre o brasileiro J\u00fanior Cigano e o americano Cain Velasquez, a luta ser\u00e1 o combate principal da noite que coloca em disputa o cintur\u00e3o peso pesado da categoria.<\/p>\n<p>Mostrando al\u00e9m do trailer, o UFC divulgou tamb\u00e9m o primeiro epis\u00f3dio do Primetime, mostrando os bastidores da prepara\u00e7\u00e3o de Cigano e Velasquez.<\/p>\n<p>Com Cigano mostrando uma grande preocupa\u00e7\u00e3o com a parte m\u00e9dica para n\u00e3o exagerar nos treinos, o programa tamb\u00e9m conta como Velasquez est\u00e1 se preparando para a luta, j\u00e1 que conta com um grande aliado para o combate, o campe\u00e3o do extinto evento do Strikeforce, Daniel Cormier.<\/p>\n<p>Al\u00e9m disto, o primeiro epis\u00f3dio traz de volta o garoto Breno, que fez sucesso no combate de Cigano contra Frank Mir no UFC 160.<\/p>\n<p>&nbsp;<\/p>\n<p style=\"text-align: center\"><strong><em>Assista o primeiro epis\u00f3dio do programa Primetime:<\/em><\/strong><\/p>\n<p style=\"text-align: center\"><strong><em>[yframe url=&#8217;http:\/\/www.youtube.com\/watch?v=RpNr4CXhHTI&#8217;]<\/em><\/strong><\/p>\n<p style=\"text-align: center\">\n<p style=\"text-align: center\"><strong><em>Veja o trailer extendido do UFC 166:<\/em><\/strong><\/p>\n<p style=\"text-align: center\"><strong><em>[yframe url=&#8217;http:\/\/www.youtube.com\/watch?v=O1l86XfyhVU&#8217;]<\/em><\/strong><\/p>\n","protected":false},"excerpt":{"rendered":"<p>&nbsp; O UFC divulgou dois v\u00eddeos para promover a edi\u00e7\u00e3o 166 que acontece na cidade de Houston nos Estados Unidos. Contando com a esperada terceira <a class=\"read-more\" href=\"https:\/\/blogs.gazetaesportiva.com\/planeta-octogono\/2013\/10\/05\/assista-o-trailer-extendido-e-o-primeiro-episodio-do-ufc-166-primetime-com-junior-cigano-e-cain-velasquez\/\">leia mais<\/a><\/p>\n","protected":false},"author":33,"featured_media":0,"comment_status":"open","ping_status":"open","sticky":false,"template":"","format":"standard","meta":{"jetpack_post_was_ever_published":false,"_jetpack_newsletter_access":"","_jetpack_dont_email_post_to_subs":false,"_jetpack_newsletter_tier_id":0,"_jetpack_memberships_contains_paywalled_content":false,"_jetpack_memberships_contains_paid_content":false,"footnotes":"","jetpack_publicize_message":"","jetpack_publicize_feature_enabled":true,"jetpack_social_post_already_shared":false,"jetpack_social_options":{"image_generator_settings":{"template":"highway","default_image_id":0,"font":"","enabled":false},"version":2}},"categories":[1],"tags":[467],"class_list":["post-8081","post","type-post","status-publish","format-standard","hentry","category-principal","tag-ufc-166"],"jetpack_publicize_connections":[],"jetpack_featured_media_url":"","jetpack_sharing_enabled":true,"jetpack_shortlink":"https:\/\/wp.me\/p6rqUQ-26l","_links":{"self":[{"href":"https:\/\/blogs.gazetaesportiva.com\/planeta-octogono\/wp-json\/wp\/v2\/posts\/8081","targetHints":{"allow":["GET"]}}],"collection":[{"href":"https:\/\/blogs.gazetaesportiva.com\/planeta-octogono\/wp-json\/wp\/v2\/posts"}],"about":[{"href":"https:\/\/blogs.gazetaesportiva.com\/planeta-octogono\/wp-json\/wp\/v2\/types\/post"}],"author":[{"embeddable":true,"href":"https:\/\/blogs.gazetaesportiva.com\/planeta-octogono\/wp-json\/wp\/v2\/users\/33"}],"replies":[{"embeddable":true,"href":"https:\/\/blogs.gazetaesportiva.com\/planeta-octogono\/wp-json\/wp\/v2\/comments?post=8081"}],"version-history":[{"count":0,"href":"https:\/\/blogs.gazetaesportiva.com\/planeta-octogono\/wp-json\/wp\/v2\/posts\/8081\/revisions"}],"wp:attachment":[{"href":"https:\/\/blogs.gazetaesportiva.com\/planeta-octogono\/wp-json\/wp\/v2\/media?parent=8081"}],"wp:term":[{"taxonomy":"category","embeddable":true,"href":"https:\/\/blogs.gazetaesportiva.com\/planeta-octogono\/wp-json\/wp\/v2\/categories?post=8081"},{"taxonomy":"post_tag","embeddable":true,"href":"https:\/\/blogs.gazetaesportiva.com\/planeta-octogono\/wp-json\/wp\/v2\/tags?post=8081"}],"curies":[{"name":"wp","href":"https:\/\/api.w.org\/{rel}","templated":true}]}}