{"id":8074,"date":"2013-10-05T05:02:13","date_gmt":"2013-10-05T08:02:13","guid":{"rendered":"https:\/\/blogs.gazetaesportiva.com\/planeta-octogono\/?p=8074"},"modified":"2013-10-05T05:02:28","modified_gmt":"2013-10-05T08:02:28","slug":"ufc-divulga-atividades-oficiais-de-evento-em-barueri-com-ring-girls-renan-barao-e-leo-santos","status":"publish","type":"post","link":"https:\/\/blogs.gazetaesportiva.com\/planeta-octogono\/2013\/10\/05\/ufc-divulga-atividades-oficiais-de-evento-em-barueri-com-ring-girls-renan-barao-e-leo-santos\/","title":{"rendered":"UFC divulga atividades oficiais de evento em Barueri com Ring Girls, Renan Bar\u00e3o e Leo Santos"},"content":{"rendered":"<figure id=\"attachment_7336\" aria-describedby=\"caption-attachment-7336\" style=\"width: 509px\" class=\"wp-caption aligncenter\"><a href=\"https:\/\/blogs.gazetaesportiva.com\/planeta-octogono\/files\/2013\/08\/ufcbarueri1.jpg\"><img loading=\"lazy\" decoding=\"async\" class=\" wp-image-7336 \" alt=\"UFC anuncia programa\u00e7\u00e3o de eventos na semana- Divulga\u00e7\u00e3o UFC\" src=\"https:\/\/blogs.gazetaesportiva.com\/planeta-octogono\/files\/2013\/08\/ufcbarueri1.jpg\" width=\"509\" height=\"686\" \/><\/a><figcaption id=\"caption-attachment-7336\" class=\"wp-caption-text\">UFC anuncia programa\u00e7\u00e3o de eventos na semana- Divulga\u00e7\u00e3o UFC<\/figcaption><\/figure>\n<p>&nbsp;<\/p>\n<p>O UFC anunciou a programa\u00e7\u00e3o completa de seus eventos durante esta semana na cidade de Barueri, na Grande S\u00e3o Paulo.<\/p>\n<p>Contando com a participa\u00e7\u00e3o das Ring Girls brasileiras do Ultimate, Camila Oliveira e Jhenny Andrade, dois lutadores do evento tamb\u00e9m marcam presen\u00e7a: O campe\u00e3o interino peso galo do UFC, Renan Bar\u00e3o e o campe\u00e3o da segunda edi\u00e7\u00e3o do TUF Brasil, Leo Santos.<\/p>\n<p>O UFC ter\u00e1 a pesagem oficial na ter\u00e7a feira com o evento acontecendo na quarta feira a partir das 5 da tarde, hor\u00e1rio de Bras\u00edlia.<\/p>\n<p>&nbsp;<\/p>\n<p style=\"text-align: center\"><strong><em>Veja a programa\u00e7\u00e3o completa do UFC em Barueri:<\/em><\/strong><\/p>\n<p>&nbsp;<\/p>\n<div>\n<div>\n<p style=\"text-align: center\"><strong><em>Domingo, \u00a06 de outubro<\/em><\/strong><\/p>\n<\/div>\n<p style=\"text-align: center\"><strong><em><span style=\"text-decoration: underline\">EVENTO PARA OS F\u00c3S COM RENAN BARAO, LEO SANTOS, CAMILA OLIVEIRA &amp; JHENNY ANDRADE:<\/span><\/em><\/strong><\/p>\n<p style=\"text-align: center\"><strong><em>FNAC<\/em><\/strong><\/p>\n<p style=\"text-align: center\"><strong><em>Pra\u00e7a dos Omaguas, 34, Pinheiros,<\/em><\/strong><\/p>\n<p style=\"text-align: center\"><strong><em>S\u00e3o Paulo, Brasil, 05419-020<\/em><\/strong><\/p>\n<p style=\"text-align: center\"><strong><em>Venha conhecer os lutadores do\u00a0UFC<sup>\u00ae\u00a0<\/sup>e as\u00a0Octagon\u00a0Girls<sup>\u00ae<\/sup>\u00a0do\u00a0UFC<sup>\u00ae<\/sup>\u00a0Camila Oliveira e\u00a0Jhenny\u00a0Andrade na\u00a0FNAC, com a chance de ganhar ingressos para o evento de quarta-feira, falar com os lutadores e participar de uma tarde de atividades empolgantes.<\/em><\/strong><\/p>\n<p style=\"text-align: center\"><strong><em>Hor\u00e1rios:<\/em><\/strong><\/p>\n<p style=\"text-align: center\"><strong><em>15h30:\u00a0Check-in de imprensa<\/em><\/strong><\/p>\n<p style=\"text-align: center\"><strong><em>16h-17h: Sess\u00e3o de aut\u00f3grafos com Renan Bar\u00e3o, Leo Santos, Camila Oliveira e Jhenny Andrade<\/em><\/strong><\/p>\n<p style=\"text-align: center\"><strong><em>17h-18h:\u00a0Q&amp;A com os protagonistas do evento Demian Maia e Jake Shields, mediado pela rep\u00f3rter oficial do UFC<sup>\u00ae\u00a0<\/sup>Paula Sack<\/em><\/strong><\/p>\n<p style=\"text-align: center\"><strong><em>18h-19h:\u00a0Oportunidade de entrevistas para imprensa credenciada com os guest fighters<\/em><\/strong><\/p>\n<p style=\"text-align: center\"><strong><em>\u00a0<\/em><\/strong><\/p>\n<p style=\"text-align: center\"><strong><em>\u00b7\u00a0\u00a0\u00a0\u00a0\u00a0\u00a0\u00a0\u00a0\u00a0Somente imprensa credenciada<\/em><\/strong><\/p>\n<p style=\"text-align: center\"><strong><em>\u00b7\u00a0\u00a0\u00a0\u00a0\u00a0\u00a0\u00a0\u00a0\u00a0Gratuito e aberto ao p\u00fablico<\/em><\/strong><\/p>\n<p style=\"text-align: center\"><strong><em>\u00a0<\/em><\/strong><\/p>\n<div style=\"text-align: center\">\n<p><strong><em>Segunda-feira, 7 de outubro<\/em><\/strong><\/p>\n<\/div>\n<\/div>\n<p style=\"text-align: center\"><strong><em>\u00a0<\/em><\/strong><\/p>\n<p style=\"text-align: center\"><strong><em><span style=\"text-decoration: underline\">TREINO ABERTO E ENTREVISTAS<\/span><\/em><\/strong><\/p>\n<p style=\"text-align: center\"><strong><em>Gin\u00e1sio Jos\u00e9 Corr\u00eaa\u00a0<\/em><\/strong><\/p>\n<p style=\"text-align: center\"><strong><em>Avenida Guilherme P. Guglielmo, n\u00ba 1000<\/em><\/strong><\/p>\n<p style=\"text-align: center\"><strong><em>Centro \u2013 Barueri. CEP 06401-145<\/em><\/strong><\/p>\n<p style=\"text-align: center\"><strong><em>\u00a0<\/em><\/strong><\/p>\n<p style=\"text-align: center\"><strong><em>Participantes:<\/em><\/strong><\/p>\n<p style=\"text-align: center\"><strong><em>Demian Maia &#8211; peso meio-m\u00e9dio do UFC<\/em><\/strong><\/p>\n<p style=\"text-align: center\"><strong><em>Jake Shields &#8211; peso meio-m\u00e9dio do UFC<\/em><\/strong><\/p>\n<p style=\"text-align: center\"><strong><em>Dong Hyun Kim &#8211; peso meio-m\u00e9dio do UFC<\/em><\/strong><\/p>\n<p style=\"text-align: center\"><strong><em>Erick Silva &#8211; peso meio-m\u00e9dio do UFC<\/em><\/strong><\/p>\n<p style=\"text-align: center\"><strong><em>Thiago Silva \u2013 peso meio-pesado do UFC<\/em><\/strong><\/p>\n<p style=\"text-align: center\"><strong><em>Fabio Maldonado &#8211; peso meio-pesado do UFC<\/em><\/strong><\/p>\n<p style=\"text-align: center\"><strong><em>\u00a0<\/em><\/strong><\/p>\n<p style=\"text-align: center\"><strong><em>Hor\u00e1rios:<\/em><\/strong><\/p>\n<p style=\"text-align: center\"><strong><em>\u00a0<\/em><\/strong><\/p>\n<p style=\"text-align: center\"><strong><em>11h:\u00a0Check-in de imprensa<\/em><\/strong><\/p>\n<p style=\"text-align: center\"><strong><em>12h-13h30:\u00a0Treinos abertos<\/em><\/strong><\/p>\n<p style=\"text-align: center\"><strong><em>\u00a0\u00a0\u00a0\u00a0\u00a0\u00a0\u00a0\u00a0\u00a0\u00a0\u00a0\u00a0\u00a0\u00a0\u00a0\u00a0\u00a0\u00a0\u00a0\u00a0\u00a0\u00a0\u00a0 Jake Shields<\/em><\/strong><\/p>\n<p style=\"text-align: center\"><strong><em>\u00a0\u00a0\u00a0\u00a0\u00a0\u00a0\u00a0\u00a0\u00a0\u00a0\u00a0\u00a0\u00a0\u00a0\u00a0\u00a0\u00a0\u00a0\u00a0\u00a0\u00a0\u00a0\u00a0 Dong Hyun Kim<\/em><\/strong><\/p>\n<p style=\"text-align: center\"><strong><em>\u00a0\u00a0\u00a0\u00a0\u00a0\u00a0\u00a0\u00a0\u00a0\u00a0\u00a0\u00a0\u00a0\u00a0\u00a0\u00a0\u00a0\u00a0\u00a0\u00a0\u00a0\u00a0\u00a0 Fabio Maldonado<\/em><\/strong><\/p>\n<p style=\"text-align: center\"><strong><em>\u00a0\u00a0\u00a0\u00a0\u00a0\u00a0\u00a0\u00a0\u00a0\u00a0\u00a0\u00a0\u00a0\u00a0\u00a0\u00a0\u00a0\u00a0\u00a0\u00a0\u00a0\u00a0\u00a0 Thiago Silva<\/em><\/strong><\/p>\n<p style=\"text-align: center\"><strong><em>\u00a0\u00a0\u00a0\u00a0\u00a0\u00a0\u00a0\u00a0\u00a0\u00a0\u00a0\u00a0\u00a0\u00a0\u00a0\u00a0\u00a0\u00a0\u00a0\u00a0\u00a0\u00a0\u00a0 Erick Silva\u00a0\u00a0\u00a0\u00a0\u00a0\u00a0\u00a0\u00a0\u00a0\u00a0\u00a0\u00a0\u00a0\u00a0<\/em><\/strong><\/p>\n<p style=\"text-align: center\"><strong><em>\u00a0\u00a0\u00a0\u00a0\u00a0\u00a0\u00a0\u00a0\u00a0\u00a0\u00a0\u00a0\u00a0\u00a0\u00a0\u00a0\u00a0\u00a0\u00a0\u00a0\u00a0\u00a0\u00a0 Demian Maia<\/em><\/strong><\/p>\n<p style=\"text-align: center\"><strong><em>13h30-14h30: Oportunidade de entrevista com os lutadores<\/em><\/strong><\/p>\n<p style=\"text-align: center\"><strong><em>14h30-16h:\u00a0Internet e esta\u00e7\u00f5es de trabalho dispon\u00edveis<\/em><\/strong><\/p>\n<p style=\"text-align: center\"><strong><em>\u00a0<\/em><\/strong><\/p>\n<p style=\"text-align: center\"><strong><em>\u2022\u00a0\u00a0\u00a0\u00a0\u00a0\u00a0\u00a0\u00a0\u00a0Oportunidade de fotos, v\u00eddeos e entrevistas com os lutadores<\/em><\/strong><\/p>\n<p style=\"text-align: center\"><strong><em>\u2022\u00a0\u00a0\u00a0\u00a0\u00a0\u00a0\u00a0\u00a0\u00a0Internet e esta\u00e7\u00e3o de trabalho dispon\u00edveis entre 11h e 16h<\/em><\/strong><\/p>\n<p style=\"text-align: center\"><strong><em>\u2022\u00a0\u00a0\u00a0\u00a0\u00a0\u00a0\u00a0\u00a0\u00a0Entrada de imprensa: port\u00e3o principal<\/em><\/strong><\/p>\n<p style=\"text-align: center\"><strong><em>\u2022\u00a0\u00a0\u00a0\u00a0\u00a0\u00a0\u00a0\u00a0\u00a0EVENTO FECHADO AO P\u00daBLICO<\/em><\/strong><\/p>\n<div style=\"text-align: center\">\n<p><strong><em>\u00a0<\/em><\/strong><\/p>\n<p><strong><em>Ter\u00e7a-feira, 8 de outubro<\/em><\/strong><\/p>\n<\/div>\n<p style=\"text-align: center\"><strong><em><span style=\"text-decoration: underline\">PESAGEM OFICIAL<\/span><\/em><\/strong><\/p>\n<p style=\"text-align: center\"><strong><em>Gin\u00e1sio Jos\u00e9 Corr\u00eaa\u00a0<\/em><\/strong><\/p>\n<p style=\"text-align: center\"><strong><em>Avenida Guilherme P. Guglielmo, n\u00ba 1000<\/em><\/strong><\/p>\n<p style=\"text-align: center\"><strong><em>Centro \u2013 Barueri. CEP 06401-145<\/em><\/strong><\/p>\n<p style=\"text-align: center\"><strong><em>\u00a0<\/em><\/strong><\/p>\n<p style=\"text-align: center\"><strong><em>Hor\u00e1rios:<\/em><\/strong><\/p>\n<p style=\"text-align: center\"><strong><em>13h30:\u00a0Check-in de imprensa e portas abertas ao p\u00fablico<\/em><\/strong><\/p>\n<p style=\"text-align: center\"><strong><em>13h30-14h30:\u00a0Sess\u00e3o de aut\u00f3grafos com os lutadores\u00a0Jos\u00e9 Aldo, Renan Bar\u00e3o e Leo Santos<\/em><\/strong><\/p>\n<p style=\"text-align: center\"><strong><em>14h30-15h30:\u00a0Q&amp;A com Jos\u00e9 Aldo e Renan Bar\u00e3o, mediado pela rep\u00f3rter oficial do\u00a0UFC<sup>\u00ae\u00a0<\/sup>Paula Sack<\/em><\/strong><\/p>\n<p style=\"text-align: center\"><strong><em>16h-16h45:\u00a0PESAGEM OFICIAL DO\u00a0UFC<sup>\u00ae<\/sup>\u00a0FIGHT NIGHT no COMBATE: MAIA vs. SHIELDS<\/em><\/strong><\/p>\n<p style=\"text-align: center\"><strong><em>\u00a0<\/em><\/strong><\/p>\n<p style=\"text-align: center\"><strong><em>\u00b7\u00a0\u00a0\u00a0\u00a0\u00a0\u00a0\u00a0\u00a0\u00a0Internet e esta\u00e7\u00e3o de trabalho dispon\u00edveis na sala de imprensa<\/em><\/strong><\/p>\n<p style=\"text-align: center\"><strong><em>\u00b7\u00a0\u00a0\u00a0\u00a0\u00a0\u00a0\u00a0\u00a0Entrada de imprensa: port\u00e3o principal<\/em><\/strong><\/p>\n<p style=\"text-align: center\"><strong><em>\u00b7\u00a0\u00a0\u00a0\u00a0\u00a0\u00a0\u00a0\u00a0\u00a0Esse evento \u00e9 gratuito para os f\u00e3s mediante a apresenta\u00e7\u00e3o de ingressos que ser\u00e3o distribu\u00eddos atrav\u00e9s dos canais oficiais do UFC e parceiros de m\u00eddia<\/em><\/strong><\/p>\n<p style=\"text-align: center\"><strong><em>\u00a0<\/em><\/strong><\/p>\n<div style=\"text-align: center\">\n<p><strong><em>Quarta-feira, 9 de outubro<\/em><\/strong><\/p>\n<\/div>\n<p style=\"text-align: center\"><strong><em><span style=\"text-decoration: underline\">UFC<sup>\u00ae<\/sup>\u00a0FIGHT NIGHT no COMBATE: MAIA vs. SHIELDS<\/span><\/em><\/strong><\/p>\n<p style=\"text-align: center\"><strong><em>Gin\u00e1sio Jos\u00e9 Corr\u00eaa\u00a0<\/em><\/strong><\/p>\n<p style=\"text-align: center\"><strong><em>Avenida Guilherme P. Guglielmo, n\u00ba 1000<\/em><\/strong><\/p>\n<p style=\"text-align: center\"><strong><em>Centro \u2013 Barueri. CEP 06401-145<\/em><\/strong><\/p>\n<p style=\"text-align: center\"><strong><em>\u00a0<\/em><\/strong><\/p>\n<p style=\"text-align: center\"><strong><em>15h30: Check-in de imprensa<\/em><\/strong><\/p>\n<p style=\"text-align: center\"><strong><em>16h:\u00a0Portas abertas ao p\u00fablico<\/em><\/strong><\/p>\n<p style=\"text-align: center\"><strong><em>17h30:\u00a0Primeira luta do card preliminar<\/em><\/strong><\/p>\n<p style=\"text-align: center\"><strong><em>20h:\u00a0In\u00edcio do card principal<\/em><\/strong><\/p>\n<p style=\"text-align: center\"><strong><em>23h:\u00a0Estimativa de t\u00e9rmino do evento<\/em><\/strong><\/p>\n<p style=\"text-align: center\"><strong><em>23h30:\u00a0Estimativa de in\u00edcio da coletiva p\u00f3s-evento<\/em><\/strong><\/p>\n<p style=\"text-align: center\"><strong><em>\u00a0<\/em><\/strong><\/p>\n<p style=\"text-align: center\"><strong><em>\u00b7\u00a0\u00a0\u00a0\u00a0\u00a0\u00a0\u00a0\u00a0\u00a0Oportunidade de entrevistas na zona mista do evento<\/em><\/strong><\/p>\n<p style=\"text-align: center\"><strong><em>\u00b7\u00a0\u00a0\u00a0\u00a0\u00a0\u00a0\u00a0\u00a0\u00a0Internet e esta\u00e7\u00e3o de trabalho dispon\u00edveis na sala de imprensa<\/em><\/strong><\/p>\n<p style=\"text-align: center\"><strong><em>\u00b7\u00a0\u00a0\u00a0\u00a0\u00a0\u00a0\u00a0\u00a0Entrada de imprensa: port\u00e3o principal<\/em><\/strong><\/p>\n<p style=\"text-align: center\"><strong><em>\u00b7\u00a0\u00a0\u00a0\u00a0\u00a0\u00a0\u00a0\u00a0\u00a0Estacionamento p\u00fablico<\/em><\/strong><\/p>\n<p style=\"text-align: center\">\n","protected":false},"excerpt":{"rendered":"<p>&nbsp; O UFC anunciou a programa\u00e7\u00e3o completa de seus eventos durante esta semana na cidade de Barueri, na Grande S\u00e3o Paulo. Contando com a participa\u00e7\u00e3o <a class=\"read-more\" href=\"https:\/\/blogs.gazetaesportiva.com\/planeta-octogono\/2013\/10\/05\/ufc-divulga-atividades-oficiais-de-evento-em-barueri-com-ring-girls-renan-barao-e-leo-santos\/\">leia mais<\/a><\/p>\n","protected":false},"author":33,"featured_media":0,"comment_status":"open","ping_status":"open","sticky":false,"template":"","format":"standard","meta":{"jetpack_post_was_ever_published":false,"_jetpack_newsletter_access":"","_jetpack_dont_email_post_to_subs":false,"_jetpack_newsletter_tier_id":0,"_jetpack_memberships_contains_paywalled_content":false,"_jetpack_memberships_contains_paid_content":false,"footnotes":"","jetpack_publicize_message":"","jetpack_publicize_feature_enabled":true,"jetpack_social_post_already_shared":false,"jetpack_social_options":{"image_generator_settings":{"template":"highway","default_image_id":0,"font":"","enabled":false},"version":2}},"categories":[1],"tags":[478],"class_list":["post-8074","post","type-post","status-publish","format-standard","hentry","category-principal","tag-ufc-barueri"],"jetpack_publicize_connections":[],"jetpack_featured_media_url":"","jetpack_sharing_enabled":true,"jetpack_shortlink":"https:\/\/wp.me\/p6rqUQ-26e","_links":{"self":[{"href":"https:\/\/blogs.gazetaesportiva.com\/planeta-octogono\/wp-json\/wp\/v2\/posts\/8074","targetHints":{"allow":["GET"]}}],"collection":[{"href":"https:\/\/blogs.gazetaesportiva.com\/planeta-octogono\/wp-json\/wp\/v2\/posts"}],"about":[{"href":"https:\/\/blogs.gazetaesportiva.com\/planeta-octogono\/wp-json\/wp\/v2\/types\/post"}],"author":[{"embeddable":true,"href":"https:\/\/blogs.gazetaesportiva.com\/planeta-octogono\/wp-json\/wp\/v2\/users\/33"}],"replies":[{"embeddable":true,"href":"https:\/\/blogs.gazetaesportiva.com\/planeta-octogono\/wp-json\/wp\/v2\/comments?post=8074"}],"version-history":[{"count":0,"href":"https:\/\/blogs.gazetaesportiva.com\/planeta-octogono\/wp-json\/wp\/v2\/posts\/8074\/revisions"}],"wp:attachment":[{"href":"https:\/\/blogs.gazetaesportiva.com\/planeta-octogono\/wp-json\/wp\/v2\/media?parent=8074"}],"wp:term":[{"taxonomy":"category","embeddable":true,"href":"https:\/\/blogs.gazetaesportiva.com\/planeta-octogono\/wp-json\/wp\/v2\/categories?post=8074"},{"taxonomy":"post_tag","embeddable":true,"href":"https:\/\/blogs.gazetaesportiva.com\/planeta-octogono\/wp-json\/wp\/v2\/tags?post=8074"}],"curies":[{"name":"wp","href":"https:\/\/api.w.org\/{rel}","templated":true}]}}