{"id":8071,"date":"2013-10-05T04:54:52","date_gmt":"2013-10-05T07:54:52","guid":{"rendered":"https:\/\/blogs.gazetaesportiva.com\/planeta-octogono\/?p=8071"},"modified":"2013-10-05T04:54:52","modified_gmt":"2013-10-05T07:54:52","slug":"tuf-brasil-abre-inscricoes-para-lutadores-em-tres-categorias-diferentes-neste-mes-de-outubro","status":"publish","type":"post","link":"https:\/\/blogs.gazetaesportiva.com\/planeta-octogono\/2013\/10\/05\/tuf-brasil-abre-inscricoes-para-lutadores-em-tres-categorias-diferentes-neste-mes-de-outubro\/","title":{"rendered":"TUF Brasil abre inscri\u00e7\u00f5es para lutadores em tr\u00eas categorias diferentes neste m\u00eas de outubro"},"content":{"rendered":"<figure id=\"attachment_1235\" aria-describedby=\"caption-attachment-1235\" style=\"width: 486px\" class=\"wp-caption aligncenter\"><a href=\"https:\/\/blogs.gazetaesportiva.com\/planeta-octogono\/files\/2012\/10\/tuf_brasil1.jpg\"><img loading=\"lazy\" decoding=\"async\" class=\"size-full wp-image-1235\" alt=\"Reality inicia inscri\u00e7\u00f5es de atletas - Divulga\u00e7\u00e3o UFC\" src=\"https:\/\/blogs.gazetaesportiva.com\/planeta-octogono\/files\/2012\/10\/tuf_brasil1.jpg\" width=\"486\" height=\"350\" \/><\/a><figcaption id=\"caption-attachment-1235\" class=\"wp-caption-text\">Reality inicia inscri\u00e7\u00f5es de atletas &#8211; Divulga\u00e7\u00e3o UFC<\/figcaption><\/figure>\n<p>&nbsp;<\/p>\n<p>O\u00a0Ultimate Fighting Championship\u00a0ir\u00e1 realizar testes para a terceira temporada brasileira de seu reality show,\u00a0<em>The Ultimate Fighter<\/em>, na segunda-feira, dia 11 de novembro de 2013, no Hotel Windsor Barra, Rio de Janeiro. Os testes ser\u00e3o abertos para pesos m\u00e9dios (at\u00e9 84 Kg), pesos meio-pesados (at\u00e9 93 Kg) e pesos pesados (at\u00e9 120 Kg). Os t\u00e9cnicos da temporada ainda ser\u00e3o confirmados.<\/p>\n<p>Todos os candidatos ao\u00a0<em>The Ultimate Fighter Brasil<\/em>\u00a0devem ter entre 18 e 35 anos de idade, e um hist\u00f3rico de, no m\u00ednimo, tr\u00eas lutas profissionais de\u00a0MMA\u00a0\u2013 com um saldo de mais vit\u00f3rias do que derrotas (verific\u00e1veis). Ex-lutadores do\u00a0UFC\u00a0n\u00e3o podem participar. O candidato dever\u00e1 arcar com todas as despesas que envolvem sua participa\u00e7\u00e3o na primeira etapa de sele\u00e7\u00e3o, tais como hospedagem, alimenta\u00e7\u00e3o e transporte.<\/p>\n<p>As inscri\u00e7\u00f5es devem ser preenchidas pelo site\u00a0\u00a0<a href=\"http:\/\/br.ufc.com\/tuf-application-brasil\" target=\"_blank\"><strong>http:\/\/br.ufc.com\/<\/strong><\/a><a href=\"http:\/\/br.ufc.com\/tuf-application-brasil\" target=\"_blank\"><strong>tuf-application-brasil<\/strong><\/a><strong>3<\/strong>, a partir do dia 9 de outubro. Os candidatos devem apresentar documentos originais. \u00a0Os crit\u00e9rios de sele\u00e7\u00e3o para a primeira etapa s\u00e3o reservados \u00fanica e exclusivamente \u00e0 produtora e ao UFC. Apenas ap\u00f3s a realiza\u00e7\u00e3o dos testes ser\u00e1 decidido quais (ou qual) categorias de peso\u00a0ser\u00e3o de fato incorporadas ao programa.<br \/>\n<strong><em>Onde:<\/em><\/strong><\/p>\n<p>Hotel Windsor &#8211; Avenida L\u00facio Costa, 2630 \u2013 Barra<\/p>\n<p>Sala: A CONFIRMAR<\/p>\n<p><strong><em>Quando:<\/em><\/strong><\/p>\n<p>Segunda-feira, 11 de novembro de 2013<\/p>\n<p>O check-in come\u00e7a \u00e0s 8h<\/p>\n<p>Lutadores ter\u00e3o que fazer testes de luta agarrada de ch\u00e3o e manopla e devem o trazer equipamento apropriado \u2013 luvas de\u00a0MMA, bandagens, protetor bucal, protetor genital e de canelas.<\/p>\n<p>*Os candidatos ser\u00e3o notificados ao fim dos treinos se foram escolhidos para continuar no processo seletivo. Os selecionados devem se preparar para a possibilidade de ficar no Rio de Janeiro por mais tr\u00eas dias, para participar de testes m\u00e9dicos e toxicol\u00f3gicos. Em caso de prolongamento da estada, as despesas de acomoda\u00e7\u00e3o e altera\u00e7\u00e3o de passagens ser\u00e3o pagas pelos produtores do programa. A passagem de volta, contudo, continua a cargo do candidato.<\/p>\n<p>A categoria dos pesos m\u00e9dios esteve representada na primeira temporada do\u00a0<em>The Ultimate Fighter Brasil<\/em>, exibida em 2012, e teve como vencedor o lutador\u00a0Cezar\u00a0Mutante. O outro vencedor da temporada foi\u00a0Rony\u00a0Jason, pela categoria dos pesos penas. A segunda temporada da edi\u00e7\u00e3o nacional do programa foi ao ar em mar\u00e7o de 2013, com apenas uma categoria de peso competindo, e teve como vencedor o meio-m\u00e9dio L\u00e9o Santos.<\/p>\n<p>Desde sua estreia nos Estados Unidos em 2005, o programa alavancou as carreiras de mais de 100 lutadores do\u00a0UFC, revelando ex-campe\u00f5es e lutadores de destaque como\u00a0Rashad\u00a0Evans,\u00a0Forrest\u00a0Griffin, Michael\u00a0Bisping\u00a0e\u00a0Nate\u00a0Diaz.<\/p>\n<p>Atualmente, o programa est\u00e1 em sua 18\u00aa temporada nos Estados Unidos, e pela primeira vez traz homens e mulheres morando na mesma casa. Tamb\u00e9m pela primeira vez na hist\u00f3ria do programa, as t\u00e9cnicas s\u00e3o mulheres: a campe\u00e3 peso galo do\u00a0UFC\u00a0Ronda\u00a0Rousey\u00a0e a desafiante\u00a0Miesha\u00a0Tate comandam as equipes mistas. As duas ir\u00e3o se enfrentar no\u00a0UFC\u00a0168, no dia 28 de dezembro.<\/p>\n<p>&nbsp;<\/p>\n","protected":false},"excerpt":{"rendered":"<p>&nbsp; O\u00a0Ultimate Fighting Championship\u00a0ir\u00e1 realizar testes para a terceira temporada brasileira de seu reality show,\u00a0The Ultimate Fighter, na segunda-feira, dia 11 de novembro de 2013, <a class=\"read-more\" href=\"https:\/\/blogs.gazetaesportiva.com\/planeta-octogono\/2013\/10\/05\/tuf-brasil-abre-inscricoes-para-lutadores-em-tres-categorias-diferentes-neste-mes-de-outubro\/\">leia mais<\/a><\/p>\n","protected":false},"author":33,"featured_media":0,"comment_status":"open","ping_status":"open","sticky":false,"template":"","format":"standard","meta":{"jetpack_post_was_ever_published":false,"_jetpack_newsletter_access":"","_jetpack_dont_email_post_to_subs":false,"_jetpack_newsletter_tier_id":0,"_jetpack_memberships_contains_paywalled_content":false,"_jetpack_memberships_contains_paid_content":false,"footnotes":"","jetpack_publicize_message":"","jetpack_publicize_feature_enabled":true,"jetpack_social_post_already_shared":false,"jetpack_social_options":{"image_generator_settings":{"template":"highway","default_image_id":0,"font":"","enabled":false},"version":2}},"categories":[1],"tags":[63],"class_list":["post-8071","post","type-post","status-publish","format-standard","hentry","category-principal","tag-tuf-brasil"],"jetpack_publicize_connections":[],"jetpack_featured_media_url":"","jetpack_sharing_enabled":true,"jetpack_shortlink":"https:\/\/wp.me\/p6rqUQ-26b","_links":{"self":[{"href":"https:\/\/blogs.gazetaesportiva.com\/planeta-octogono\/wp-json\/wp\/v2\/posts\/8071","targetHints":{"allow":["GET"]}}],"collection":[{"href":"https:\/\/blogs.gazetaesportiva.com\/planeta-octogono\/wp-json\/wp\/v2\/posts"}],"about":[{"href":"https:\/\/blogs.gazetaesportiva.com\/planeta-octogono\/wp-json\/wp\/v2\/types\/post"}],"author":[{"embeddable":true,"href":"https:\/\/blogs.gazetaesportiva.com\/planeta-octogono\/wp-json\/wp\/v2\/users\/33"}],"replies":[{"embeddable":true,"href":"https:\/\/blogs.gazetaesportiva.com\/planeta-octogono\/wp-json\/wp\/v2\/comments?post=8071"}],"version-history":[{"count":0,"href":"https:\/\/blogs.gazetaesportiva.com\/planeta-octogono\/wp-json\/wp\/v2\/posts\/8071\/revisions"}],"wp:attachment":[{"href":"https:\/\/blogs.gazetaesportiva.com\/planeta-octogono\/wp-json\/wp\/v2\/media?parent=8071"}],"wp:term":[{"taxonomy":"category","embeddable":true,"href":"https:\/\/blogs.gazetaesportiva.com\/planeta-octogono\/wp-json\/wp\/v2\/categories?post=8071"},{"taxonomy":"post_tag","embeddable":true,"href":"https:\/\/blogs.gazetaesportiva.com\/planeta-octogono\/wp-json\/wp\/v2\/tags?post=8071"}],"curies":[{"name":"wp","href":"https:\/\/api.w.org\/{rel}","templated":true}]}}