{"id":8069,"date":"2013-10-05T04:52:12","date_gmt":"2013-10-05T07:52:12","guid":{"rendered":"https:\/\/blogs.gazetaesportiva.com\/planeta-octogono\/?p=8069"},"modified":"2013-10-05T04:52:12","modified_gmt":"2013-10-05T07:52:12","slug":"rede-de-cinemas-inicia-vendas-do-ufc-166-com-precos-de-25-a-50-reais","status":"publish","type":"post","link":"https:\/\/blogs.gazetaesportiva.com\/planeta-octogono\/2013\/10\/05\/rede-de-cinemas-inicia-vendas-do-ufc-166-com-precos-de-25-a-50-reais\/","title":{"rendered":"Rede de cinemas inicia vendas do UFC 166 com pre\u00e7os de 25 a 50 reais"},"content":{"rendered":"<figure id=\"attachment_7896\" aria-describedby=\"caption-attachment-7896\" style=\"width: 448px\" class=\"wp-caption aligncenter\"><a href=\"https:\/\/blogs.gazetaesportiva.com\/planeta-octogono\/files\/2013\/09\/ufc166.jpg\"><img loading=\"lazy\" decoding=\"async\" class=\" wp-image-7896 \" alt=\"UFC 166 ser\u00e1 exibido nos cinemas brasileiros - Divulga\u00e7\u00e3o UFC\" src=\"https:\/\/blogs.gazetaesportiva.com\/planeta-octogono\/files\/2013\/09\/ufc166.jpg\" width=\"448\" height=\"582\" \/><\/a><figcaption id=\"caption-attachment-7896\" class=\"wp-caption-text\">UFC 166 ser\u00e1 exibido nos cinemas brasileiros &#8211; Divulga\u00e7\u00e3o UFC<\/figcaption><\/figure>\n<p>&nbsp;<\/p>\n<p>Por meio da parceria firmada entre o canal Combate e a FLIX Media, a Rede Cinemark oferece com exclusividade ao p\u00fablico brasileiro a possibilidade de conferir a transmiss\u00e3o do UFC 166 nos cinemas.<\/p>\n<p>No dia 19 de outubro, a partir das 23h, a Rede exibe ao vivo todo o card principal, composto por cinco lutas, incluindo a disputa do cintur\u00e3o de pesos pesados entre o brasileiro Junior Cigano e o americano Cain Velasquez.<\/p>\n<p>Os ingressos &#8211; R$ 50 (inteira) e R$ 25 (meia) &#8211; poder\u00e3o ser adquiridos a partir desta sexta-feira, quando come\u00e7a a pr\u00e9-venda oficial, na bilheteria dos cinemas participantes e tamb\u00e9m pelo site da Cinemark:\u00a0<a href=\"http:\/\/www.cinemark.com.br\/\" target=\"_blank\">www.cinemark.com.br<\/a>.<\/p>\n<p>Transmitido diretamente de Houston, nos Estados Unidos, o\u00a0<b>UFC 166\u00a0<\/b>pode ser conferido ao vivo em salas de exibi\u00e7\u00e3o de<em>\u00a0<\/em><b>S\u00e3o Paulo<\/b>\u00a0(Cidade Jardim, Metr\u00f4 Santa Cruz, Market Place, Iguatemi, Metr\u00f4 Tatuap\u00e9, Aricanduva, P\u00e1tio Paulista e Villa Lobos);\u00a0<b>Guarulhos<\/b>\u00a0(Internacional Shopping Guarulhos);\u00a0<b>Rio de Janeiro<\/b>\u00a0(Downtown e Botafogo);\u00a0<b>Niter\u00f3i\u00a0<\/b>(Plaza Shopping Niter\u00f3i);\u00a0<b>Belo Horizonte\u00a0<\/b>(BH Shopping);<b>\u00a0Uberl\u00e2ndia<\/b>\u00a0(Shopping Uberl\u00e2ndia);<b>\u00a0Curitiba<\/b>\u00a0(Park Shopping Barigui e Mueller);<b>\u00a0Vit\u00f3ria<\/b>(Shopping Vit\u00f3ria);<b>\u00a0Florian\u00f3polis<\/b>\u00a0(Floripa Shopping);<b>\u00a0Porto Alegre<\/b>\u00a0(Barra Sul);\u00a0<b>Manaus<\/b>\u00a0(Studio 5 Shopping);<b>Santos<\/b>\u00a0(Praiamar Shopping);\u00a0<b>S\u00e3o Jos\u00e9 dos Campos<\/b>(Colinas Shopping);\u00a0<b>Barueri<\/b>\u00a0(Shopping Tambor\u00e9);<b>\u00a0Campinas<\/b>\u00a0(Shopping Iguatemi);\u00a0<b>Ribeir\u00e3o Preto<\/b>\u00a0(Novo Shopping);<b>\u00a0Bras\u00edlia<\/b>\u00a0(Pier 21);\u00a0<b>Salvador<\/b>\u00a0(Salvador Shopping);\u00a0<b>Goi\u00e2nia<\/b>\u00a0(Flamboyant Shopping);<b>\u00a0Recife<\/b>\u00a0(Riomar Recife). \u00a0 \u00a0 ]<\/p>\n<p>\u201cAs exibi\u00e7\u00f5es em cinema, realizadas pelo canal Combate em parceria do UFC, t\u00eam o objetivo de alavancar o MMA no Brasil.\u00a0Para assistir a todas as lutas ao vivo do UFC \u00e9 necess\u00e1rio ter uma assinatura do canal Combate\u00a0e a exibi\u00e7\u00e3o nos cinemas, mesmo que pontual, refor\u00e7a n\u00e3o apenas a nossa marca, mas principalmente a modalidade de uma forma geral\u00a0e por consequ\u00eancia as vendas.<\/p>\n<p>Hoje tamb\u00e9m disponibilizamos nossas lutas em VOD nas operadoras e em breve colocaremos no ar a nossa oferta de eventos ao vivo para smartphones, tablets e computadores \u2013 exclusivo para assinantes do Canal Combate. Estamos atentos a todas as plataformas e formas de consumo\u201d, comenta o diretor geral\u00a0do canal Combate, Pedro Garcia.<\/p>\n<p>Para Maricy Leal, gerente de Marketing da Cinemark: \u201cA exibi\u00e7\u00e3o na Rede confirma o grande interesse do espectador brasileiro por novos conte\u00fados e contribui para o fortalecimento da grade de programa\u00e7\u00e3o que contempla diferentes p\u00fablicos\u201d.<\/p>\n<p>Ainda este ano,\u00a0no m\u00eas de dezembro, a rede\u00a0Cinemark\u00a0realizar\u00e1 nos cinemas a transmiss\u00e3o da revanche entre o brasileiro Anderson Silva e o americano Chris Weidman, na categoria\u00a0pesos-m\u00e9dios.<\/p>\n<p>&nbsp;<\/p>\n<p>&nbsp;<\/p>\n<p>&nbsp;<\/p>\n<p>&nbsp;<\/p>\n","protected":false},"excerpt":{"rendered":"<p>&nbsp; Por meio da parceria firmada entre o canal Combate e a FLIX Media, a Rede Cinemark oferece com exclusividade ao p\u00fablico brasileiro a possibilidade <a class=\"read-more\" href=\"https:\/\/blogs.gazetaesportiva.com\/planeta-octogono\/2013\/10\/05\/rede-de-cinemas-inicia-vendas-do-ufc-166-com-precos-de-25-a-50-reais\/\">leia mais<\/a><\/p>\n","protected":false},"author":33,"featured_media":0,"comment_status":"open","ping_status":"open","sticky":false,"template":"","format":"standard","meta":{"jetpack_post_was_ever_published":false,"_jetpack_newsletter_access":"","_jetpack_dont_email_post_to_subs":false,"_jetpack_newsletter_tier_id":0,"_jetpack_memberships_contains_paywalled_content":false,"_jetpack_memberships_contains_paid_content":false,"footnotes":"","jetpack_publicize_message":"","jetpack_publicize_feature_enabled":true,"jetpack_social_post_already_shared":false,"jetpack_social_options":{"image_generator_settings":{"template":"highway","default_image_id":0,"font":"","enabled":false},"version":2}},"categories":[1],"tags":[467],"class_list":["post-8069","post","type-post","status-publish","format-standard","hentry","category-principal","tag-ufc-166"],"jetpack_publicize_connections":[],"jetpack_featured_media_url":"","jetpack_sharing_enabled":true,"jetpack_shortlink":"https:\/\/wp.me\/p6rqUQ-269","_links":{"self":[{"href":"https:\/\/blogs.gazetaesportiva.com\/planeta-octogono\/wp-json\/wp\/v2\/posts\/8069","targetHints":{"allow":["GET"]}}],"collection":[{"href":"https:\/\/blogs.gazetaesportiva.com\/planeta-octogono\/wp-json\/wp\/v2\/posts"}],"about":[{"href":"https:\/\/blogs.gazetaesportiva.com\/planeta-octogono\/wp-json\/wp\/v2\/types\/post"}],"author":[{"embeddable":true,"href":"https:\/\/blogs.gazetaesportiva.com\/planeta-octogono\/wp-json\/wp\/v2\/users\/33"}],"replies":[{"embeddable":true,"href":"https:\/\/blogs.gazetaesportiva.com\/planeta-octogono\/wp-json\/wp\/v2\/comments?post=8069"}],"version-history":[{"count":0,"href":"https:\/\/blogs.gazetaesportiva.com\/planeta-octogono\/wp-json\/wp\/v2\/posts\/8069\/revisions"}],"wp:attachment":[{"href":"https:\/\/blogs.gazetaesportiva.com\/planeta-octogono\/wp-json\/wp\/v2\/media?parent=8069"}],"wp:term":[{"taxonomy":"category","embeddable":true,"href":"https:\/\/blogs.gazetaesportiva.com\/planeta-octogono\/wp-json\/wp\/v2\/categories?post=8069"},{"taxonomy":"post_tag","embeddable":true,"href":"https:\/\/blogs.gazetaesportiva.com\/planeta-octogono\/wp-json\/wp\/v2\/tags?post=8069"}],"curies":[{"name":"wp","href":"https:\/\/api.w.org\/{rel}","templated":true}]}}