{"id":8065,"date":"2013-10-05T04:46:32","date_gmt":"2013-10-05T07:46:32","guid":{"rendered":"https:\/\/blogs.gazetaesportiva.com\/planeta-octogono\/?p=8065"},"modified":"2013-10-05T04:46:32","modified_gmt":"2013-10-05T07:46:32","slug":"wocs-30-volta-a-montes-claros-com-duas-disputas-de-cinturao","status":"publish","type":"post","link":"https:\/\/blogs.gazetaesportiva.com\/planeta-octogono\/2013\/10\/05\/wocs-30-volta-a-montes-claros-com-duas-disputas-de-cinturao\/","title":{"rendered":"WOCS 30 volta a Montes Claros com duas disputas de cintur\u00e3o"},"content":{"rendered":"<figure id=\"attachment_8066\" aria-describedby=\"caption-attachment-8066\" style=\"width: 439px\" class=\"wp-caption aligncenter\"><a href=\"https:\/\/blogs.gazetaesportiva.com\/planeta-octogono\/files\/2013\/10\/WOCS30.jpg\"><img loading=\"lazy\" decoding=\"async\" class=\" wp-image-8066 \" alt=\"Evento volta a Minas Gerais com grande edi\u00e7\u00e3o - Divulga\u00e7\u00e3o WOCS\" src=\"https:\/\/blogs.gazetaesportiva.com\/planeta-octogono\/files\/2013\/10\/WOCS30.jpg\" width=\"439\" height=\"614\" \/><\/a><figcaption id=\"caption-attachment-8066\" class=\"wp-caption-text\">Evento volta a Minas Gerais com grande edi\u00e7\u00e3o &#8211; Divulga\u00e7\u00e3o WOCS<\/figcaption><\/figure>\n<p>&nbsp;<\/p>\n<p>O WOCS (Watch Out Combat Show) est\u00e1 de volta ao interior de Minas Gerais. A bela Montes Claros volta a ser palco de mais uma edi\u00e7\u00e3o do evento no dia 18 de outubro, e ter\u00e1 em seu card duas disputas de t\u00edtulo.<\/p>\n<p>Julio Cesar Santos defende seu cintur\u00e3o dos m\u00e9dios (at\u00e9 84kg) contra o anfitri\u00e3o Andr\u00e9 Muniz na luta principal da noite, enquanto Cyderlan Porco Loco, campe\u00e3o interino dos penas (at\u00e9 66kg), tenta tomar o posto de<br \/>\ncampe\u00e3o linear da categoria de Maur\u00edcio Fac\u00e7\u00e3o.<\/p>\n<p>O evento contar\u00e1 ainda com mais oito combates que prometem contagiar o p\u00fablico que for ao Gin\u00e1sio Poliesportivo Tancredo Neves, local do evento.<\/p>\n<p>Atleta da academia Fefel Team, Julio Cesar Santos volta ao Brasil para defender sua hegemonia no WOCS. Dono de um cartel com sete vit\u00f3rias e duas derrotas, o campe\u00e3o dos m\u00e9dios garante estar muito bem preparado ap\u00f3s passar um longo tempo treinando com feras como Fabr\u00edcio Werdum e Lyoto Machida nos Estados Unidos.<\/p>\n<p>Julio e Andr\u00e9 j\u00e1 se enfrentaram em junho de 2011, com vit\u00f3ria do atual dono do cintur\u00e3o\u00a0peso-m\u00e9dio do WOCS.<br \/>\n&#8220;Estou treinando muito e estou na expectativa de uma grande luta. Eu sei que ele \u00e9 especialista em Jiu-Jitsu, mas tamb\u00e9m gosta muito da troca\u00e7\u00e3o. O meu carro-chefe \u00e9 o boxe ol\u00edmpico, e a minha estrat\u00e9gia vai ser sempre buscar o nocaute&#8221;, avisa o campe\u00e3o.<\/p>\n<p>Julio ainda comentou o fato de Andr\u00e9 lutar em casa, com o apoio da torcida, e afirmou que isso lhe d\u00e1 ainda mais motiva\u00e7\u00e3o para conseguir a vit\u00f3ria. &#8220;O fato de ele lutar em casa n\u00e3o me atrapalha. A torcida vai estar toda em cima dele e, com certeza, me motivar\u00e1 muito a partir para cima dele e ouvir o sil\u00eancio da<br \/>\ngalera quando eu nocaute\u00e1-lo&#8221;.<\/p>\n<p>J\u00e1 o anfitri\u00e3o Andr\u00e9 Muniz, atleta da academia TFT, garante que vai dar muito trabalho ao brasiliense. Com sua les\u00e3o na \u00faltima luta entre os dois, o desafiante est\u00e1 engasgado com o advers\u00e1rio e promete ir com tudo para tentar a vit\u00f3ria em casa. O mineiro contar\u00e1 com a torcida de amigos e familiares presentes no Gin\u00e1sio Tancredo Neves.<\/p>\n<p>&#8220;A expectativa \u00e9 de vitoria, a gente j\u00e1 lutou antes e aquela derrota est\u00e1 engasgada porque tive um afundamento de cr\u00e2nio e n\u00e3o pude continuar na luta. Sei que ele vir\u00e1 com tudo para defender o cintur\u00e3o, mas eu vou para nocautear. Lutando em casa, a obriga\u00e7\u00e3o \u00e9 de vit\u00f3ria. O gin\u00e1sio vai estar lotado e todos os meus familiares e amigos v\u00e3o estar l\u00e1. N\u00e3o vou decepciona-los&#8221;, garante.<\/p>\n<p>Em mar\u00e7o deste ano, os f\u00e3s compareceram em massa ao primeiro show do WOCS em Montes Claros, com mais de 5.000 pessoas presentes no gin\u00e1sio e grandes combates. Para contagiar ainda mais a cidade, o evento ter\u00e1 a ilustre presen\u00e7a de Jos\u00e9 Aldo Junior, atual camp\u00e3o peso-pena do UFC.<\/p>\n<p><b>WOCS 30<\/b><\/p>\n<p>Data: Sexta-feira, 18 de outubro de 2013<br \/>\nHor\u00e1rio: 21h &#8211; Ao Vivo no Canal Combate<br \/>\nLocal: Gin\u00e1sio Tancredo Neves &#8211; Av. Brasil, 742 &#8211; Monte Carmelo &#8211; Montes Claros (MG)<\/p>\n<p><b>CARD<\/b><\/p>\n<p><b>Disputa Cintur\u00e3o\u00a0At\u00e9 84kg<\/b>\u00a0&#8211; Andr\u00e9 Muniz (TFT Montes Claros) x Julio Cesar Santos (Fefel)<\/p>\n<p><b>Disputa Cintur\u00e3o\u00a0At\u00e9 66kg<\/b>\u00a0&#8211; Cyderlan Porco Loco ( PRVT) x Mauricio Fac\u00e7\u00e3o (Full House)<\/p>\n<p>At\u00e9 70kg &#8211; Oseas Viana (TFT Montes Claros) x Phillipe Girino (Cristiano Titi MMA)<\/p>\n<p>At\u00e9 84kg &#8211; Wagner Gomes (TFT\/ATS) x Edvaldo &#8220;Gameth&#8221; de Oliveira (Master Ivo Gold Team)<\/p>\n<p>At\u00e9 70kg &#8211; Andr\u00e9 Tadeu (TFT\/ ATS) x Edersson Moreira (PRVT)<\/p>\n<p>At\u00e9 77kg &#8211; Celso Baldow &#8220;Farpado&#8221; (TFT Teofilo Otoni) x Leonardo Almeida (Vils\u00e3o Naja)<\/p>\n<p>At\u00e9 57kg &#8211; Leo Jacar\u00e9 (NU) x Luis Andr\u00e9 (PRVT)<\/p>\n<p>At\u00e9 66kg &#8211; Robert Peter (TFT Montes Claros) x Luan Gazetta (Shield Team)<\/p>\n<p>At\u00e9 66kg &#8211; Paulo Robinson &#8220;Gato Preto&#8221;(TFT) x Leonardo Limberger (OxyGym Fight)<\/p>\n<p>At\u00e9 61kg &#8211; Thiago Araujo (TFT) x Moacir Sentinela (Colis\u00e3o MMA)<\/p>\n","protected":false},"excerpt":{"rendered":"<p>&nbsp; O WOCS (Watch Out Combat Show) est\u00e1 de volta ao interior de Minas Gerais. A bela Montes Claros volta a ser palco de mais <a class=\"read-more\" href=\"https:\/\/blogs.gazetaesportiva.com\/planeta-octogono\/2013\/10\/05\/wocs-30-volta-a-montes-claros-com-duas-disputas-de-cinturao\/\">leia mais<\/a><\/p>\n","protected":false},"author":33,"featured_media":8066,"comment_status":"open","ping_status":"open","sticky":false,"template":"","format":"standard","meta":{"jetpack_post_was_ever_published":false,"_jetpack_newsletter_access":"","_jetpack_dont_email_post_to_subs":false,"_jetpack_newsletter_tier_id":0,"_jetpack_memberships_contains_paywalled_content":false,"_jetpack_memberships_contains_paid_content":false,"footnotes":"","jetpack_publicize_message":"","jetpack_publicize_feature_enabled":true,"jetpack_social_post_already_shared":false,"jetpack_social_options":{"image_generator_settings":{"template":"highway","default_image_id":0,"font":"","enabled":false},"version":2}},"categories":[1],"tags":[487],"class_list":["post-8065","post","type-post","status-publish","format-standard","has-post-thumbnail","hentry","category-principal","tag-wocs-30"],"jetpack_publicize_connections":[],"jetpack_featured_media_url":"https:\/\/blogs.gazetaesportiva.com\/planeta-octogono\/files\/2013\/10\/WOCS30.jpg","jetpack_sharing_enabled":true,"jetpack_shortlink":"https:\/\/wp.me\/p6rqUQ-265","_links":{"self":[{"href":"https:\/\/blogs.gazetaesportiva.com\/planeta-octogono\/wp-json\/wp\/v2\/posts\/8065","targetHints":{"allow":["GET"]}}],"collection":[{"href":"https:\/\/blogs.gazetaesportiva.com\/planeta-octogono\/wp-json\/wp\/v2\/posts"}],"about":[{"href":"https:\/\/blogs.gazetaesportiva.com\/planeta-octogono\/wp-json\/wp\/v2\/types\/post"}],"author":[{"embeddable":true,"href":"https:\/\/blogs.gazetaesportiva.com\/planeta-octogono\/wp-json\/wp\/v2\/users\/33"}],"replies":[{"embeddable":true,"href":"https:\/\/blogs.gazetaesportiva.com\/planeta-octogono\/wp-json\/wp\/v2\/comments?post=8065"}],"version-history":[{"count":0,"href":"https:\/\/blogs.gazetaesportiva.com\/planeta-octogono\/wp-json\/wp\/v2\/posts\/8065\/revisions"}],"wp:featuredmedia":[{"embeddable":true,"href":"https:\/\/blogs.gazetaesportiva.com\/planeta-octogono\/wp-json\/wp\/v2\/media\/8066"}],"wp:attachment":[{"href":"https:\/\/blogs.gazetaesportiva.com\/planeta-octogono\/wp-json\/wp\/v2\/media?parent=8065"}],"wp:term":[{"taxonomy":"category","embeddable":true,"href":"https:\/\/blogs.gazetaesportiva.com\/planeta-octogono\/wp-json\/wp\/v2\/categories?post=8065"},{"taxonomy":"post_tag","embeddable":true,"href":"https:\/\/blogs.gazetaesportiva.com\/planeta-octogono\/wp-json\/wp\/v2\/tags?post=8065"}],"curies":[{"name":"wp","href":"https:\/\/api.w.org\/{rel}","templated":true}]}}