{"id":8055,"date":"2013-10-05T04:32:54","date_gmt":"2013-10-05T07:32:54","guid":{"rendered":"https:\/\/blogs.gazetaesportiva.com\/planeta-octogono\/?p=8055"},"modified":"2013-10-05T07:11:57","modified_gmt":"2013-10-05T10:11:57","slug":"charles-do-bronx-finaliza-camp-no-brasil-e-vai-aos-estados-unidos-rumo-ao-ufc-166","status":"publish","type":"post","link":"https:\/\/blogs.gazetaesportiva.com\/planeta-octogono\/2013\/10\/05\/charles-do-bronx-finaliza-camp-no-brasil-e-vai-aos-estados-unidos-rumo-ao-ufc-166\/","title":{"rendered":"Charles Do Bronx finaliza camp no Brasil e vai aos Estados Unidos rumo ao UFC 166"},"content":{"rendered":"<figure id=\"attachment_8057\" aria-describedby=\"caption-attachment-8057\" style=\"width: 694px\" class=\"wp-caption aligncenter\"><a href=\"https:\/\/blogs.gazetaesportiva.com\/planeta-octogono\/files\/2013\/10\/charlesbronx1.png\"><img loading=\"lazy\" decoding=\"async\" class=\"size-full wp-image-8057\" alt=\"Lutador paulista est\u00e1 em fase final de prepara\u00e7\u00e3o para o UFC 166 - Divulga\u00e7\u00e3o UFC\/Josh Hedges\" src=\"https:\/\/blogs.gazetaesportiva.com\/planeta-octogono\/files\/2013\/10\/charlesbronx1.png\" width=\"694\" height=\"462\" \/><\/a><figcaption id=\"caption-attachment-8057\" class=\"wp-caption-text\">Lutador paulista est\u00e1 em fase final de prepara\u00e7\u00e3o para o UFC 166 &#8211; Divulga\u00e7\u00e3o UFC\/Josh Hedges<\/figcaption><\/figure>\n<p>&nbsp;<\/p>\n<p>A 15 dias da luta no UFC 166, diante de Jeremy Larsen, Charles do Bronx j\u00e1 faz as malas para viajar rumo aos Estados Unidos. Neste s\u00e1bado, 5 de outubro, o atleta e seu t\u00e9cnico Ericson Cardozo embarcam para Houston, mesma cidade do evento, onde ser\u00e1 realizada a \u00faltima fase do camp de treinamentos, na academia de Jorge Patino &#8220;Macaco&#8221;.<\/p>\n<p>Do Bronx acredita que a companhia do l\u00edder da Macaco Gold Team ser\u00e1 fundamental para a reta final de seu camp, j\u00e1 que al\u00e9m de treinador, Macaco \u00e9 um grande conselheiro. Diante de Larsen, o peso-pena quer repetir o n\u00edvel de exibi\u00e7\u00e3o do duelo contra Frankie Edgar, em julho, quando conseguiu o b\u00f4nus de melhor luta da noite, mas com esse per\u00edodo de aclimata\u00e7\u00e3o e prepara\u00e7\u00e3o espera encerrar o ano de 2013 com vit\u00f3ria.<\/p>\n<p>&#8220;Quero tirar essa \u2018mar\u00e9 de azar\u2019 e por isso realizei uma grande prepara\u00e7\u00e3o. Vou aproveitar a chance de estar ao lado do Macaco por alguns dias antes da luta e absorver tudo o que eu puder de ensinamento dele. Ele sabe o que \u00e9 melhor para mim. Sou um cara que tem trabalhado bastante e treinado forte para na hora certa fazer o que tem que ser feito e sair com o resultado positivo. Eu preciso vencer, e sei que essa \u00e9 a hora&#8221;, enfatiza o lutador.<\/p>\n<p>Antes da batalha que protagonizou com Frankie Edgar no UFC 162, Charles do Bronx teve que amargar oito longos meses de espera para subir novamente no oct\u00f3gono. O motivo foi uma les\u00e3o no joelho, j\u00e1 totalmente recuperada. Dessa vez, o Ultimate lhe deu tr\u00eas meses de intervalo entre as lutas, fato comemorado pelo atleta.<\/p>\n<p>&#8220;Eu fiquei parado por muito tempo antes de lutar contra o Edgar, mas 2013 est\u00e1 sendo bem diferente. Em 100 dias j\u00e1 voltarei ao oct\u00f3gono. Eu prefiro assim, pois n\u00e3o perco o ritmo e me sinto mais forte para o combate. Assim me mantenho no ritmo de luta e n\u00e3o perco o foco&#8221;, explica.<\/p>\n<p>Contra Jeremy Larsen, Charles do Bronx buscar\u00e1 sua terceira vit\u00f3ria no peso-pena do UFC. Curiosamente, nas quatro vit\u00f3rias que tem na organiza\u00e7\u00e3o, contando sua passagem entre os leves, o faixa-preta finalizou seus advers\u00e1rios e faturou o b\u00f4nus de finaliza\u00e7\u00e3o da noite em tr\u00eas oportunidades.<\/p>\n<p>Atualizando &#8211; O lutador atrav\u00e9s de suas redes sociais acaba de anunciar sua les\u00e3o. Charles est\u00e1 fora do evento. Mais detalhes mais tarde, no blog.<\/p>\n<p>&nbsp;<\/p>\n","protected":false},"excerpt":{"rendered":"<p>&nbsp; A 15 dias da luta no UFC 166, diante de Jeremy Larsen, Charles do Bronx j\u00e1 faz as malas para viajar rumo aos Estados <a class=\"read-more\" href=\"https:\/\/blogs.gazetaesportiva.com\/planeta-octogono\/2013\/10\/05\/charles-do-bronx-finaliza-camp-no-brasil-e-vai-aos-estados-unidos-rumo-ao-ufc-166\/\">leia mais<\/a><\/p>\n","protected":false},"author":33,"featured_media":8057,"comment_status":"open","ping_status":"open","sticky":false,"template":"","format":"standard","meta":{"jetpack_post_was_ever_published":false,"_jetpack_newsletter_access":"","_jetpack_dont_email_post_to_subs":false,"_jetpack_newsletter_tier_id":0,"_jetpack_memberships_contains_paywalled_content":false,"_jetpack_memberships_contains_paid_content":false,"footnotes":"","jetpack_publicize_message":"","jetpack_publicize_feature_enabled":true,"jetpack_social_post_already_shared":false,"jetpack_social_options":{"image_generator_settings":{"template":"highway","default_image_id":0,"font":"","enabled":false},"version":2}},"categories":[1],"tags":[82],"class_list":["post-8055","post","type-post","status-publish","format-standard","has-post-thumbnail","hentry","category-principal","tag-charles-do-bronx"],"jetpack_publicize_connections":[],"jetpack_featured_media_url":"https:\/\/blogs.gazetaesportiva.com\/planeta-octogono\/files\/2013\/10\/charlesbronx1.png","jetpack_sharing_enabled":true,"jetpack_shortlink":"https:\/\/wp.me\/p6rqUQ-25V","_links":{"self":[{"href":"https:\/\/blogs.gazetaesportiva.com\/planeta-octogono\/wp-json\/wp\/v2\/posts\/8055","targetHints":{"allow":["GET"]}}],"collection":[{"href":"https:\/\/blogs.gazetaesportiva.com\/planeta-octogono\/wp-json\/wp\/v2\/posts"}],"about":[{"href":"https:\/\/blogs.gazetaesportiva.com\/planeta-octogono\/wp-json\/wp\/v2\/types\/post"}],"author":[{"embeddable":true,"href":"https:\/\/blogs.gazetaesportiva.com\/planeta-octogono\/wp-json\/wp\/v2\/users\/33"}],"replies":[{"embeddable":true,"href":"https:\/\/blogs.gazetaesportiva.com\/planeta-octogono\/wp-json\/wp\/v2\/comments?post=8055"}],"version-history":[{"count":0,"href":"https:\/\/blogs.gazetaesportiva.com\/planeta-octogono\/wp-json\/wp\/v2\/posts\/8055\/revisions"}],"wp:featuredmedia":[{"embeddable":true,"href":"https:\/\/blogs.gazetaesportiva.com\/planeta-octogono\/wp-json\/wp\/v2\/media\/8057"}],"wp:attachment":[{"href":"https:\/\/blogs.gazetaesportiva.com\/planeta-octogono\/wp-json\/wp\/v2\/media?parent=8055"}],"wp:term":[{"taxonomy":"category","embeddable":true,"href":"https:\/\/blogs.gazetaesportiva.com\/planeta-octogono\/wp-json\/wp\/v2\/categories?post=8055"},{"taxonomy":"post_tag","embeddable":true,"href":"https:\/\/blogs.gazetaesportiva.com\/planeta-octogono\/wp-json\/wp\/v2\/tags?post=8055"}],"curies":[{"name":"wp","href":"https:\/\/api.w.org\/{rel}","templated":true}]}}