{"id":8025,"date":"2013-10-03T23:56:26","date_gmt":"2013-10-04T02:56:26","guid":{"rendered":"https:\/\/blogs.gazetaesportiva.com\/planeta-octogono\/?p=8025"},"modified":"2013-10-03T23:59:31","modified_gmt":"2013-10-04T02:59:31","slug":"dana-white-faz-misterio-porem-cogita-que-spider-vs-weidman-pode-ter-terceiro-combate-depende-de-como-a-luta-vai-ser","status":"publish","type":"post","link":"https:\/\/blogs.gazetaesportiva.com\/planeta-octogono\/2013\/10\/03\/dana-white-faz-misterio-porem-cogita-que-spider-vs-weidman-pode-ter-terceiro-combate-depende-de-como-a-luta-vai-ser\/","title":{"rendered":"Dana White faz mist\u00e9rio por\u00e9m cogita que Spider vs Weidman pode ter terceiro combate: Depende de como a luta vai ser!"},"content":{"rendered":"<figure id=\"attachment_7993\" aria-describedby=\"caption-attachment-7993\" style=\"width: 640px\" class=\"wp-caption aligncenter\"><a href=\"https:\/\/blogs.gazetaesportiva.com\/planeta-octogono\/files\/2013\/10\/IMG_6172.jpg\"><img loading=\"lazy\" decoding=\"async\" class=\" wp-image-7993 \" alt=\"Dana White confirma que terceiro combate entre Anderson e Weidman pode acontecer- Ana Carolina\/Gazeta Press\" src=\"https:\/\/blogs.gazetaesportiva.com\/planeta-octogono\/files\/2013\/10\/IMG_6172.jpg\" width=\"640\" height=\"432\" \/><\/a><figcaption id=\"caption-attachment-7993\" class=\"wp-caption-text\">Dana White confirma que terceiro combate entre Anderson e Weidman pode acontecer- Ana Carolina\/Gazeta Press<\/figcaption><\/figure>\n<p>&nbsp;<\/p>\n<p>Ap\u00f3s uma s\u00e9rie de eventos do Media Tour do UFC 168 em v\u00e1rias cidades do mundo, o Presidente do UFC, Dana White est\u00e1 ansioso para o combate entre Anderson Silva e Chris Weidman que acontece em dezembro.<\/p>\n<p>Depois de Weidman chocar o mundo e nocautear Anderson, Dana cogita que um terceiro combate pode acontecer caso o brasileiro ven\u00e7a.<\/p>\n<p>Por\u00e9m segundo o Presidente, tudo vai depender de como ocorrer o combate para que uma nova luta seja marcada.<\/p>\n<p>&#8220;Depende de como a luta vai ser. Posso te dizer o seguinte, e n\u00e3o sei como as pessoas no Brasil se sentem, mas em 13 anos.<\/p>\n<p>Pense no fim de ano que vamos ter. Tivemos Pettis x Henderson, que foi uma grande luta. Jones x Gustafsson foi inacredit\u00e1vel.<\/p>\n<p>Teremos Cain Vel\u00e1squez x Junior dos Santos, Georges St-Pierre x Johny Hendricks, e acho que nunca estive t\u00e3o empolgado para uma luta quanto estou para essa segunda entre Anderson Silva e Chris Weidman.<\/p>\n<p>Estou muito empolgado para essa luta.&#8221; disse Dana em entrevista ao site Combate.com.<\/p>\n<p>O combate que acontece no UFC 168, dia 28 de dezembro ser\u00e1 o segundo encontro dos lutadores no oct\u00f3gono.<\/p>\n<figure id=\"attachment_7988\" aria-describedby=\"caption-attachment-7988\" style=\"width: 640px\" class=\"wp-caption aligncenter\"><a href=\"https:\/\/blogs.gazetaesportiva.com\/planeta-octogono\/files\/2013\/10\/1086_30.46.2013_47946_ef_20130930.jpg\"><img loading=\"lazy\" decoding=\"async\" class=\" wp-image-7988 \" alt=\"Terceira luta entre Anderson e Weidman pode acontecer - Divulga\u00e7\u00e3o UFC\/Wander Roberto\" src=\"https:\/\/blogs.gazetaesportiva.com\/planeta-octogono\/files\/2013\/10\/1086_30.46.2013_47946_ef_20130930.jpg\" width=\"640\" height=\"432\" \/><\/a><figcaption id=\"caption-attachment-7988\" class=\"wp-caption-text\">Terceira luta entre Anderson e Weidman pode acontecer &#8211; Divulga\u00e7\u00e3o UFC\/Wander Roberto<\/figcaption><\/figure>\n","protected":false},"excerpt":{"rendered":"<p>&nbsp; Ap\u00f3s uma s\u00e9rie de eventos do Media Tour do UFC 168 em v\u00e1rias cidades do mundo, o Presidente do UFC, Dana White est\u00e1 ansioso <a class=\"read-more\" href=\"https:\/\/blogs.gazetaesportiva.com\/planeta-octogono\/2013\/10\/03\/dana-white-faz-misterio-porem-cogita-que-spider-vs-weidman-pode-ter-terceiro-combate-depende-de-como-a-luta-vai-ser\/\">leia mais<\/a><\/p>\n","protected":false},"author":33,"featured_media":0,"comment_status":"open","ping_status":"open","sticky":false,"template":"","format":"standard","meta":{"jetpack_post_was_ever_published":false,"_jetpack_newsletter_access":"","_jetpack_dont_email_post_to_subs":false,"_jetpack_newsletter_tier_id":0,"_jetpack_memberships_contains_paywalled_content":false,"_jetpack_memberships_contains_paid_content":false,"footnotes":"","jetpack_publicize_message":"","jetpack_publicize_feature_enabled":true,"jetpack_social_post_already_shared":false,"jetpack_social_options":{"image_generator_settings":{"template":"highway","default_image_id":0,"font":"","enabled":false},"version":2}},"categories":[1],"tags":[22,50,111],"class_list":["post-8025","post","type-post","status-publish","format-standard","hentry","category-principal","tag-anderson-silva","tag-chris-weidman","tag-dana-white"],"jetpack_publicize_connections":[],"jetpack_featured_media_url":"","jetpack_sharing_enabled":true,"jetpack_shortlink":"https:\/\/wp.me\/p6rqUQ-25r","_links":{"self":[{"href":"https:\/\/blogs.gazetaesportiva.com\/planeta-octogono\/wp-json\/wp\/v2\/posts\/8025","targetHints":{"allow":["GET"]}}],"collection":[{"href":"https:\/\/blogs.gazetaesportiva.com\/planeta-octogono\/wp-json\/wp\/v2\/posts"}],"about":[{"href":"https:\/\/blogs.gazetaesportiva.com\/planeta-octogono\/wp-json\/wp\/v2\/types\/post"}],"author":[{"embeddable":true,"href":"https:\/\/blogs.gazetaesportiva.com\/planeta-octogono\/wp-json\/wp\/v2\/users\/33"}],"replies":[{"embeddable":true,"href":"https:\/\/blogs.gazetaesportiva.com\/planeta-octogono\/wp-json\/wp\/v2\/comments?post=8025"}],"version-history":[{"count":0,"href":"https:\/\/blogs.gazetaesportiva.com\/planeta-octogono\/wp-json\/wp\/v2\/posts\/8025\/revisions"}],"wp:attachment":[{"href":"https:\/\/blogs.gazetaesportiva.com\/planeta-octogono\/wp-json\/wp\/v2\/media?parent=8025"}],"wp:term":[{"taxonomy":"category","embeddable":true,"href":"https:\/\/blogs.gazetaesportiva.com\/planeta-octogono\/wp-json\/wp\/v2\/categories?post=8025"},{"taxonomy":"post_tag","embeddable":true,"href":"https:\/\/blogs.gazetaesportiva.com\/planeta-octogono\/wp-json\/wp\/v2\/tags?post=8025"}],"curies":[{"name":"wp","href":"https:\/\/api.w.org\/{rel}","templated":true}]}}