{"id":8019,"date":"2013-10-03T23:44:05","date_gmt":"2013-10-04T02:44:05","guid":{"rendered":"https:\/\/blogs.gazetaesportiva.com\/planeta-octogono\/?p=8019"},"modified":"2013-10-03T23:46:26","modified_gmt":"2013-10-04T02:46:26","slug":"chael-sonnen-responde-provocacao-de-wanderlei-silva-e-avisa-cercar-um-gangster-em-publico-pode-ser-muito-perigoso","status":"publish","type":"post","link":"https:\/\/blogs.gazetaesportiva.com\/planeta-octogono\/2013\/10\/03\/chael-sonnen-responde-provocacao-de-wanderlei-silva-e-avisa-cercar-um-gangster-em-publico-pode-ser-muito-perigoso\/","title":{"rendered":"Chael Sonnen responde provoca\u00e7\u00e3o de Wanderlei Silva e avisa: Cercar um g\u00e2ngster em p\u00fablico pode ser muito perigoso!"},"content":{"rendered":"<figure id=\"attachment_3114\" aria-describedby=\"caption-attachment-3114\" style=\"width: 640px\" class=\"wp-caption aligncenter\"><a href=\"https:\/\/blogs.gazetaesportiva.com\/planeta-octogono\/files\/2013\/01\/1086_18.58.2013_18440_ef_20120424-1.jpg\"><img loading=\"lazy\" decoding=\"async\" class=\" wp-image-3114 \" alt=\"Sonnen responde e  amea\u00e7a Wandrelei- Wander Roberto\/Inovafoto\" src=\"https:\/\/blogs.gazetaesportiva.com\/planeta-octogono\/files\/2013\/01\/1086_18.58.2013_18440_ef_20120424-1.jpg\" width=\"640\" height=\"432\" \/><\/a><figcaption id=\"caption-attachment-3114\" class=\"wp-caption-text\">Sonnen responde e amea\u00e7a Wandrelei- Wander Roberto\/Inovafoto<\/figcaption><\/figure>\n<p>&nbsp;<\/p>\n<p>A resposta de Chael Sonnen para o brasileiro Wanderlei Silva sobre a \u00faltima postagem de um v\u00eddeo do brasileiro nas redes sociais, aconteceu no programa UFC Tonight.<\/p>\n<p>Assistindo o v\u00eddeo que Wanderlei postou com a cena do encontro entre os lutadores\u00a0e Sonnen que discutur em p\u00fablico com o brasileiro, fez cr\u00edticas a atitude do lutador.<\/p>\n<p>&#8220;Sou a favor de Wanderlei Silva se divertir, mas tenho tr\u00eas coisas a dizer. Em primeiro lugar, se voc\u00ea quer criar uma situa\u00e7\u00e3o p\u00fablica, n\u00e3o traga a sua pr\u00f3pria c\u00e2mera.<\/p>\n<p>Parece arma\u00e7\u00e3o, que \u00e9 o que foi. \u00c9 um insulto aos seus f\u00e3s.<\/p>\n<p>Imagine se eles decidirem juntar os pontos. Apare\u00e7a em algum lugar que tenha c\u00e2mera, e a\u00ed, sim, pode continuar a sua rotina.<\/p>\n<p>Em segundo lugar, nesse pa\u00eds e nessa ind\u00fastria, se voc\u00ea se recusa a lutar contra algu\u00e9m, perde o direito de falar sobre essa pessoa, principalmente da forma como voc\u00ea fez.&#8221; criticou o americano insinuando mais uma vez que Wanderlei teria recusado enfrenta-lo no UFC.<\/p>\n<figure id=\"attachment_7762\" aria-describedby=\"caption-attachment-7762\" style=\"width: 174px\" class=\"wp-caption alignright\"><a href=\"https:\/\/blogs.gazetaesportiva.com\/planeta-octogono\/files\/2013\/09\/wanderleisilva.png\"><img loading=\"lazy\" decoding=\"async\" class=\" wp-image-7762  \" alt=\"Wanderlei Silva publicou o encontro com Sonnen na internet - Divulga\u00e7\u00e3o UFC\/Josh Hedges\" src=\"https:\/\/blogs.gazetaesportiva.com\/planeta-octogono\/files\/2013\/09\/wanderleisilva.png\" width=\"174\" height=\"259\" \/><\/a><figcaption id=\"caption-attachment-7762\" class=\"wp-caption-text\">Wanderlei Silva publicou o encontro com Sonnen na internet &#8211; Divulga\u00e7\u00e3o UFC\/Josh Hedges<\/figcaption><\/figure>\n<p>Sonnen terminou sua resposta com uma amea\u00e7a ao brasileiro.<\/p>\n<p>&#8220;Cercar algu\u00e9m em p\u00fablico pode te fazer se arrepender; mas cercar um g\u00e2ngster em p\u00fablico pode ser muito perigoso.&#8221;<\/p>\n<p>Os lutadores est\u00e3o se provocando e uma luta est\u00e1 sendo cogitada no UFC.<\/p>\n<p>O combate poderia ter acontecido na edi\u00e7\u00e3o 167 que acontece em novembro por\u00e9m uma les\u00e3o de Wanderlei impediu o combate acontecer, segundo a organiza\u00e7\u00e3o.<\/p>\n<p>&nbsp;<\/p>\n<p style=\"text-align: center\"><strong><em>Veja o encontro de Wanderlei e Sonnen:<\/em><\/strong><\/p>\n<p style=\"text-align: center\"><strong><em>[yframe url=&#8217;http:\/\/www.youtube.com\/watch?v=0xbX-qCkXg8&#8242;]<\/em><\/strong><\/p>\n","protected":false},"excerpt":{"rendered":"<p>&nbsp; A resposta de Chael Sonnen para o brasileiro Wanderlei Silva sobre a \u00faltima postagem de um v\u00eddeo do brasileiro nas redes sociais, aconteceu no <a class=\"read-more\" href=\"https:\/\/blogs.gazetaesportiva.com\/planeta-octogono\/2013\/10\/03\/chael-sonnen-responde-provocacao-de-wanderlei-silva-e-avisa-cercar-um-gangster-em-publico-pode-ser-muito-perigoso\/\">leia mais<\/a><\/p>\n","protected":false},"author":33,"featured_media":0,"comment_status":"open","ping_status":"open","sticky":false,"template":"","format":"standard","meta":{"jetpack_post_was_ever_published":false,"_jetpack_newsletter_access":"","_jetpack_dont_email_post_to_subs":false,"_jetpack_newsletter_tier_id":0,"_jetpack_memberships_contains_paywalled_content":false,"_jetpack_memberships_contains_paid_content":false,"footnotes":"","jetpack_publicize_message":"","jetpack_publicize_feature_enabled":true,"jetpack_social_post_already_shared":false,"jetpack_social_options":{"image_generator_settings":{"template":"highway","default_image_id":0,"font":"","enabled":false},"version":2}},"categories":[1],"tags":[252,116],"class_list":["post-8019","post","type-post","status-publish","format-standard","hentry","category-principal","tag-chael-sonnen","tag-wanderlei-silva"],"jetpack_publicize_connections":[],"jetpack_featured_media_url":"","jetpack_sharing_enabled":true,"jetpack_shortlink":"https:\/\/wp.me\/p6rqUQ-25l","_links":{"self":[{"href":"https:\/\/blogs.gazetaesportiva.com\/planeta-octogono\/wp-json\/wp\/v2\/posts\/8019","targetHints":{"allow":["GET"]}}],"collection":[{"href":"https:\/\/blogs.gazetaesportiva.com\/planeta-octogono\/wp-json\/wp\/v2\/posts"}],"about":[{"href":"https:\/\/blogs.gazetaesportiva.com\/planeta-octogono\/wp-json\/wp\/v2\/types\/post"}],"author":[{"embeddable":true,"href":"https:\/\/blogs.gazetaesportiva.com\/planeta-octogono\/wp-json\/wp\/v2\/users\/33"}],"replies":[{"embeddable":true,"href":"https:\/\/blogs.gazetaesportiva.com\/planeta-octogono\/wp-json\/wp\/v2\/comments?post=8019"}],"version-history":[{"count":0,"href":"https:\/\/blogs.gazetaesportiva.com\/planeta-octogono\/wp-json\/wp\/v2\/posts\/8019\/revisions"}],"wp:attachment":[{"href":"https:\/\/blogs.gazetaesportiva.com\/planeta-octogono\/wp-json\/wp\/v2\/media?parent=8019"}],"wp:term":[{"taxonomy":"category","embeddable":true,"href":"https:\/\/blogs.gazetaesportiva.com\/planeta-octogono\/wp-json\/wp\/v2\/categories?post=8019"},{"taxonomy":"post_tag","embeddable":true,"href":"https:\/\/blogs.gazetaesportiva.com\/planeta-octogono\/wp-json\/wp\/v2\/tags?post=8019"}],"curies":[{"name":"wp","href":"https:\/\/api.w.org\/{rel}","templated":true}]}}