{"id":8004,"date":"2013-10-02T08:26:07","date_gmt":"2013-10-02T11:26:07","guid":{"rendered":"https:\/\/blogs.gazetaesportiva.com\/planeta-octogono\/?p=8004"},"modified":"2013-10-02T08:28:06","modified_gmt":"2013-10-02T11:28:06","slug":"diante-de-dong-hyun-kim-treinador-rogerio-camoes-preve-duelo-mais-dificil-de-erick-silva-no-ufc","status":"publish","type":"post","link":"https:\/\/blogs.gazetaesportiva.com\/planeta-octogono\/2013\/10\/02\/diante-de-dong-hyun-kim-treinador-rogerio-camoes-preve-duelo-mais-dificil-de-erick-silva-no-ufc\/","title":{"rendered":"Diante de Dong Hyun Kim, treinador Rog\u00e9rio Cam\u00f5es prev\u00ea duelo mais dif\u00edcil de Erick Silva no UFC"},"content":{"rendered":"<figure id=\"attachment_8005\" aria-describedby=\"caption-attachment-8005\" style=\"width: 640px\" class=\"wp-caption aligncenter\"><a href=\"https:\/\/blogs.gazetaesportiva.com\/planeta-octogono\/files\/2013\/10\/rogerio_camoes_rogerao_e_erick_silva.jpg\"><img loading=\"lazy\" decoding=\"async\" class=\" wp-image-8005 \" alt=\"Cam\u00f5es (esquerda) acredita que coreano \u00e9 o maior desafio de \u00c9rick Silva no UFC - Divulga\u00e7\u00e3o Integral M\u00e9dica\" src=\"https:\/\/blogs.gazetaesportiva.com\/planeta-octogono\/files\/2013\/10\/rogerio_camoes_rogerao_e_erick_silva.jpg\" width=\"640\" height=\"432\" \/><\/a><figcaption id=\"caption-attachment-8005\" class=\"wp-caption-text\">Cam\u00f5es (esquerda) acredita que coreano \u00e9 o maior desafio de \u00c9rick Silva no UFC &#8211; Divulga\u00e7\u00e3o Integral M\u00e9dica<\/figcaption><\/figure>\n<p>&nbsp;<\/p>\n<p>Desde que estreou no UFC em 2011, Erick Silva tem mostrado constante evolu\u00e7\u00e3o dentro do oct\u00f3gono. Agora, o atleta se prepara para enfrentar Dong Hyun Kim no UFC Fight Night 29, dia 9 de outubro, no Gin\u00e1sio Jos\u00e9 Corr\u00eaa, em Barueri (SP), pela categoria meio-m\u00e9dio (at\u00e9 77kg).<\/p>\n<p>Preparador f\u00edsico do capixaba e um dos l\u00edderes da academia XGym, Rog\u00e9rio Cam\u00f5es acredita que o duelo contra o sul-coreano tem tudo para ser o mais dif\u00edcil nestes dois anos.<\/p>\n<p>Erick Silva vem de uma vit\u00f3ria rel\u00e2mpago sobre Jason High, no UFC Fortaleza, em junho, que lhe rendeu o pr\u00eamio de finaliza\u00e7\u00e3o da noite. Antes disso, no entanto, uma derrota para Jon Fitch, em outubro do ano passado, travou seus planos de entrar no top-10.<\/p>\n<p>Para Cam\u00f5es, que trabalha com o atleta h\u00e1 sete anos, o resultado acabou sendo ben\u00e9fico fora do oct\u00f3gono, e agora, diante do sul-coreano Dong Hyun Kim, a hist\u00f3ria ser\u00e1 diferente.<\/p>\n<figure id=\"attachment_6081\" aria-describedby=\"caption-attachment-6081\" style=\"width: 640px\" class=\"wp-caption aligncenter\"><a href=\"https:\/\/blogs.gazetaesportiva.com\/planeta-octogono\/files\/2013\/06\/1086_08.32.2013_37632_ef_20130608.jpg\"><img loading=\"lazy\" decoding=\"async\" class=\" wp-image-6081 \" alt=\"\u00c9rick Silva vem de vit\u00f3ria no UFC por finaliza\u00e7\u00e3o - Gaspar N\u00f3brega - Inovafoto\" src=\"https:\/\/blogs.gazetaesportiva.com\/planeta-octogono\/files\/2013\/06\/1086_08.32.2013_37632_ef_20130608.jpg\" width=\"640\" height=\"432\" \/><\/a><figcaption id=\"caption-attachment-6081\" class=\"wp-caption-text\">\u00c9rick Silva vem de vit\u00f3ria no UFC por finaliza\u00e7\u00e3o &#8211; Gaspar N\u00f3brega &#8211; Inovafoto<\/figcaption><\/figure>\n<p>&#8220;Esse vai ser o advers\u00e1rio mais dif\u00edcil que o Erick vai enfrentar no UFC, sem desmerecer os outros lutadores. Ele entendeu muito com a derrota para o Jon Fitch e agora est\u00e1 mais consciente e com outra cabe\u00e7a. Como preparador, eu estou muito satisfeito com o retorno que ele me d\u00e1&#8221;, argumenta Roger\u00e3o.<\/p>\n<p>Tanto contra Fitch como diante de High, e agora de Kim, Erick Silva se preparou para advers\u00e1rios que t\u00eam a luta de ch\u00e3o como grande trunfo. Ap\u00f3s tr\u00eas meses de prepara\u00e7\u00e3o, o atleta est\u00e1 no n\u00edvel ideal para o combate t\u00e9cnica e fisicamente.<\/p>\n<p>&#8220;Estamos dando muita \u00eanfase na explos\u00e3o que o Erick tem e na parte de defesa de quedas, que julgamos fundamentais para esse desafio. Outro ponto importante foi a quest\u00e3o da perda de peso. Ele j\u00e1 est\u00e1 fazendo um trabalho totalmente monitorado h\u00e1 duas semanas para n\u00e3o se sacrificar muito, e est\u00e1 dentro daquilo que a gente busca&#8221;, ressaltou.<\/p>\n","protected":false},"excerpt":{"rendered":"<p>&nbsp; Desde que estreou no UFC em 2011, Erick Silva tem mostrado constante evolu\u00e7\u00e3o dentro do oct\u00f3gono. Agora, o atleta se prepara para enfrentar Dong <a class=\"read-more\" href=\"https:\/\/blogs.gazetaesportiva.com\/planeta-octogono\/2013\/10\/02\/diante-de-dong-hyun-kim-treinador-rogerio-camoes-preve-duelo-mais-dificil-de-erick-silva-no-ufc\/\">leia mais<\/a><\/p>\n","protected":false},"author":33,"featured_media":8005,"comment_status":"open","ping_status":"open","sticky":false,"template":"","format":"standard","meta":{"jetpack_post_was_ever_published":false,"_jetpack_newsletter_access":"","_jetpack_dont_email_post_to_subs":false,"_jetpack_newsletter_tier_id":0,"_jetpack_memberships_contains_paywalled_content":false,"_jetpack_memberships_contains_paid_content":false,"footnotes":"","jetpack_publicize_message":"","jetpack_publicize_feature_enabled":true,"jetpack_social_post_already_shared":false,"jetpack_social_options":{"image_generator_settings":{"template":"highway","default_image_id":0,"font":"","enabled":false},"version":2}},"categories":[1],"tags":[146],"class_list":["post-8004","post","type-post","status-publish","format-standard","has-post-thumbnail","hentry","category-principal","tag-erick-silva"],"jetpack_publicize_connections":[],"jetpack_featured_media_url":"https:\/\/blogs.gazetaesportiva.com\/planeta-octogono\/files\/2013\/10\/rogerio_camoes_rogerao_e_erick_silva.jpg","jetpack_sharing_enabled":true,"jetpack_shortlink":"https:\/\/wp.me\/p6rqUQ-256","_links":{"self":[{"href":"https:\/\/blogs.gazetaesportiva.com\/planeta-octogono\/wp-json\/wp\/v2\/posts\/8004","targetHints":{"allow":["GET"]}}],"collection":[{"href":"https:\/\/blogs.gazetaesportiva.com\/planeta-octogono\/wp-json\/wp\/v2\/posts"}],"about":[{"href":"https:\/\/blogs.gazetaesportiva.com\/planeta-octogono\/wp-json\/wp\/v2\/types\/post"}],"author":[{"embeddable":true,"href":"https:\/\/blogs.gazetaesportiva.com\/planeta-octogono\/wp-json\/wp\/v2\/users\/33"}],"replies":[{"embeddable":true,"href":"https:\/\/blogs.gazetaesportiva.com\/planeta-octogono\/wp-json\/wp\/v2\/comments?post=8004"}],"version-history":[{"count":0,"href":"https:\/\/blogs.gazetaesportiva.com\/planeta-octogono\/wp-json\/wp\/v2\/posts\/8004\/revisions"}],"wp:featuredmedia":[{"embeddable":true,"href":"https:\/\/blogs.gazetaesportiva.com\/planeta-octogono\/wp-json\/wp\/v2\/media\/8005"}],"wp:attachment":[{"href":"https:\/\/blogs.gazetaesportiva.com\/planeta-octogono\/wp-json\/wp\/v2\/media?parent=8004"}],"wp:term":[{"taxonomy":"category","embeddable":true,"href":"https:\/\/blogs.gazetaesportiva.com\/planeta-octogono\/wp-json\/wp\/v2\/categories?post=8004"},{"taxonomy":"post_tag","embeddable":true,"href":"https:\/\/blogs.gazetaesportiva.com\/planeta-octogono\/wp-json\/wp\/v2\/tags?post=8004"}],"curies":[{"name":"wp","href":"https:\/\/api.w.org\/{rel}","templated":true}]}}