{"id":8002,"date":"2013-10-02T08:20:36","date_gmt":"2013-10-02T11:20:36","guid":{"rendered":"https:\/\/blogs.gazetaesportiva.com\/planeta-octogono\/?p=8002"},"modified":"2013-10-02T08:20:36","modified_gmt":"2013-10-02T11:20:36","slug":"presidente-do-ufc-dana-white-descarta-fazer-tuf-com-wand-e-sonnen-nao-e-possivel-o-chael-passar-nem-tres-dias-no-brasil","status":"publish","type":"post","link":"https:\/\/blogs.gazetaesportiva.com\/planeta-octogono\/2013\/10\/02\/presidente-do-ufc-dana-white-descarta-fazer-tuf-com-wand-e-sonnen-nao-e-possivel-o-chael-passar-nem-tres-dias-no-brasil\/","title":{"rendered":"Presidente do UFC, Dana White descarta fazer TUF com Wand e Sonnen: N\u00e3o \u00e9 poss\u00edvel o Chael passar nem tr\u00eas dias no Brasil!"},"content":{"rendered":"<figure id=\"attachment_3114\" aria-describedby=\"caption-attachment-3114\" style=\"width: 640px\" class=\"wp-caption aligncenter\"><a href=\"https:\/\/blogs.gazetaesportiva.com\/planeta-octogono\/files\/2013\/01\/1086_18.58.2013_18440_ef_20120424-1.jpg\"><img loading=\"lazy\" decoding=\"async\" class=\" wp-image-3114 \" alt=\"Sonnen (foto) e Wanderlei s\u00e3o descartados em reality - Wander Roberto\/Inovafoto\" src=\"https:\/\/blogs.gazetaesportiva.com\/planeta-octogono\/files\/2013\/01\/1086_18.58.2013_18440_ef_20120424-1.jpg\" width=\"640\" height=\"432\" \/><\/a><figcaption id=\"caption-attachment-3114\" class=\"wp-caption-text\">Sonnen (foto) e Wanderlei s\u00e3o descartados em reality &#8211; Wander Roberto\/Inovafoto<\/figcaption><\/figure>\n<p>&nbsp;<\/p>\n<p>Ap\u00f3s a grande repercuss\u00e3o do encontro entre Wanderlei Silva e o americano Chael Sonnen em Las Vegas, o Presidente do UFC, Dana White confirmou que os lutadores n\u00e3o devem participar da pr\u00f3xima edi\u00e7\u00e3o do reality show do UFC, The Ultimate Fighter Brasil.<\/p>\n<p>Temendo pela seguran\u00e7a de Sonnen no Brasil, Dana n\u00e3o acredita que o americano consiga permanecer no pa\u00eds para as grava\u00e7\u00f5es.<\/p>\n<p>&#8221;\u00a0N\u00e3o \u00e9 poss\u00edvel o Chael Sonnen passar nem tr\u00eas dias no Brasil. Vi como brasileiros reagem ao Sonnen nos EUA. N\u00e3o tem jeito. Voc\u00eas ter\u00e3o de ir aos EUA.<\/p>\n<p>Sei que voc\u00eas amariam. Quantos de voc\u00eas estavam na coletiva quando Anderson Silva e Sonnen iam se enfrentar pela segunda vez? Isso foi assustador.<\/p>\n<p>Eu estava l\u00e1 em p\u00e9, o ouvindo falar, e eu olhava para a m\u00eddia. Ningu\u00e9m estava rindo, e as pessoas estavam irritadas.<\/p>\n<figure id=\"attachment_4223\" aria-describedby=\"caption-attachment-4223\" style=\"width: 640px\" class=\"wp-caption aligncenter\"><a href=\"https:\/\/blogs.gazetaesportiva.com\/planeta-octogono\/files\/2013\/03\/cerjwanderlei_lro_220313020.jpg\"><img loading=\"lazy\" decoding=\"async\" class=\" wp-image-4223 \" alt=\"Wanderlei quase briga com falastr\u00e3o em evento  - Divulga\u00e7\u00e3o Centauro\" src=\"https:\/\/blogs.gazetaesportiva.com\/planeta-octogono\/files\/2013\/03\/cerjwanderlei_lro_220313020.jpg\" width=\"640\" height=\"432\" \/><\/a><figcaption id=\"caption-attachment-4223\" class=\"wp-caption-text\">Wanderlei quase briga com falastr\u00e3o em evento &#8211; Divulga\u00e7\u00e3o Centauro<\/figcaption><\/figure>\n<p>&nbsp;<\/p>\n<p>Agora que passou, acho que todos rimos, est\u00e3o acostumados com o Chael Sonnen, mas naquele dia, eu s\u00f3 pensava, &#8220;Vamos entrar no avi\u00e3o e dar o fora daqui o quanto antes&#8221;.<\/p>\n<p>Mesmo se troux\u00e9ssemos ele para treinar o TUF com o Wanderlei, ele teria que vir sete dias antes, e eu acho que ele gostaria de vir um pouco antes para se aclimatar.&#8221; disse Dana.<\/p>\n<p>Sonnen e Wanderlei tem protagonizado uma verdadeira guerra de provoca\u00e7\u00f5es nas redes sociais.<\/p>\n<p>A situa\u00e7\u00e3o piorou ap\u00f3s Wanderlei cumprir a promessa e encontrar o americano em um evento de fisiculturismo nos Estados Unidos.<\/p>\n<p>Os lutadores discutiram e precisaram ser separados para uma briga n\u00e3o acontecer.<\/p>\n<p>&nbsp;<\/p>\n<p style=\"text-align: center\"><strong><em>Veja o encontro de Sonnen e Wanderlei:<\/em><\/strong><\/p>\n<p style=\"text-align: center\"><strong><em>[yframe url=&#8217;http:\/\/www.youtube.com\/watch?v=0xbX-qCkXg8&#8242;]<\/em><\/strong><\/p>\n","protected":false},"excerpt":{"rendered":"<p>&nbsp; Ap\u00f3s a grande repercuss\u00e3o do encontro entre Wanderlei Silva e o americano Chael Sonnen em Las Vegas, o Presidente do UFC, Dana White confirmou <a class=\"read-more\" href=\"https:\/\/blogs.gazetaesportiva.com\/planeta-octogono\/2013\/10\/02\/presidente-do-ufc-dana-white-descarta-fazer-tuf-com-wand-e-sonnen-nao-e-possivel-o-chael-passar-nem-tres-dias-no-brasil\/\">leia mais<\/a><\/p>\n","protected":false},"author":33,"featured_media":0,"comment_status":"open","ping_status":"open","sticky":false,"template":"","format":"standard","meta":{"jetpack_post_was_ever_published":false,"_jetpack_newsletter_access":"","_jetpack_dont_email_post_to_subs":false,"_jetpack_newsletter_tier_id":0,"_jetpack_memberships_contains_paywalled_content":false,"_jetpack_memberships_contains_paid_content":false,"footnotes":"","jetpack_publicize_message":"","jetpack_publicize_feature_enabled":true,"jetpack_social_post_already_shared":false,"jetpack_social_options":{"image_generator_settings":{"template":"highway","default_image_id":0,"font":"","enabled":false},"version":2}},"categories":[1],"tags":[],"class_list":["post-8002","post","type-post","status-publish","format-standard","hentry","category-principal"],"jetpack_publicize_connections":[],"jetpack_featured_media_url":"","jetpack_sharing_enabled":true,"jetpack_shortlink":"https:\/\/wp.me\/p6rqUQ-254","_links":{"self":[{"href":"https:\/\/blogs.gazetaesportiva.com\/planeta-octogono\/wp-json\/wp\/v2\/posts\/8002","targetHints":{"allow":["GET"]}}],"collection":[{"href":"https:\/\/blogs.gazetaesportiva.com\/planeta-octogono\/wp-json\/wp\/v2\/posts"}],"about":[{"href":"https:\/\/blogs.gazetaesportiva.com\/planeta-octogono\/wp-json\/wp\/v2\/types\/post"}],"author":[{"embeddable":true,"href":"https:\/\/blogs.gazetaesportiva.com\/planeta-octogono\/wp-json\/wp\/v2\/users\/33"}],"replies":[{"embeddable":true,"href":"https:\/\/blogs.gazetaesportiva.com\/planeta-octogono\/wp-json\/wp\/v2\/comments?post=8002"}],"version-history":[{"count":0,"href":"https:\/\/blogs.gazetaesportiva.com\/planeta-octogono\/wp-json\/wp\/v2\/posts\/8002\/revisions"}],"wp:attachment":[{"href":"https:\/\/blogs.gazetaesportiva.com\/planeta-octogono\/wp-json\/wp\/v2\/media?parent=8002"}],"wp:term":[{"taxonomy":"category","embeddable":true,"href":"https:\/\/blogs.gazetaesportiva.com\/planeta-octogono\/wp-json\/wp\/v2\/categories?post=8002"},{"taxonomy":"post_tag","embeddable":true,"href":"https:\/\/blogs.gazetaesportiva.com\/planeta-octogono\/wp-json\/wp\/v2\/tags?post=8002"}],"curies":[{"name":"wp","href":"https:\/\/api.w.org\/{rel}","templated":true}]}}