{"id":8000,"date":"2013-10-02T08:07:39","date_gmt":"2013-10-02T11:07:39","guid":{"rendered":"https:\/\/blogs.gazetaesportiva.com\/planeta-octogono\/?p=8000"},"modified":"2013-10-02T08:07:40","modified_gmt":"2013-10-02T11:07:40","slug":"dana-white-coloca-cruz-na-parede-e-americano-pode-perder-cinturao-para-renan-barao","status":"publish","type":"post","link":"https:\/\/blogs.gazetaesportiva.com\/planeta-octogono\/2013\/10\/02\/dana-white-coloca-cruz-na-parede-e-americano-pode-perder-cinturao-para-renan-barao\/","title":{"rendered":"Dana White coloca Cruz na parede e americano pode perder cintur\u00e3o para Renan Bar\u00e3o"},"content":{"rendered":"<figure id=\"attachment_7993\" aria-describedby=\"caption-attachment-7993\" style=\"width: 640px\" class=\"wp-caption aligncenter\"><a href=\"https:\/\/blogs.gazetaesportiva.com\/planeta-octogono\/files\/2013\/10\/IMG_6172.jpg\"><img loading=\"lazy\" decoding=\"async\" class=\" wp-image-7993 \" alt=\"Dana White confirma que Cruz tem prazo at\u00e9 o come\u00e7o de 2014 para se recuperar - Ana Carolina\/Gazeta Press\" src=\"https:\/\/blogs.gazetaesportiva.com\/planeta-octogono\/files\/2013\/10\/IMG_6172.jpg\" width=\"640\" height=\"432\" \/><\/a><figcaption id=\"caption-attachment-7993\" class=\"wp-caption-text\">Dana White confirma que Cruz tem prazo at\u00e9 o come\u00e7o de 2014 para se recuperar &#8211; Ana Carolina\/Gazeta Press<\/figcaption><\/figure>\n<p>&nbsp;<\/p>\n<p>A situa\u00e7\u00e3o do campe\u00e3o peso galo do UFC, Dominick Cruz est\u00e1 cada vez pior no evento.<\/p>\n<p>Ap\u00f3s sofrer duas les\u00f5es graves nos dois joelhos (ligamento cruzado, muito parecido com a do ex-jogador Ronaldo), Cruz est\u00e1 sem lutar desde dezembro de 2011.<\/p>\n<p>Em entrevista ao site Combate.com, Dana perdeu a paci\u00eancia e deu um ultimato ao lutador americano.<\/p>\n<p>&#8220;Se ele (Dominick) n\u00e3o voltar at\u00e9 o in\u00edcio de 2014, Renan Bar\u00e3o ser\u00e1 declarado campe\u00e3o.&#8221; declarou Dana.<\/p>\n<figure id=\"attachment_4977\" aria-describedby=\"caption-attachment-4977\" style=\"width: 300px\" class=\"wp-caption alignleft\"><a href=\"https:\/\/blogs.gazetaesportiva.com\/planeta-octogono\/files\/2013\/04\/DominickCruz_Headshot.png\"><img loading=\"lazy\" decoding=\"async\" class=\" wp-image-4977 \" alt=\"Campe\u00e3o do UFC est\u00e1 a mais de ano sem lutar - Divulga\u00e7\u00e3o UFC\" src=\"https:\/\/blogs.gazetaesportiva.com\/planeta-octogono\/files\/2013\/04\/DominickCruz_Headshot.png\" width=\"300\" height=\"195\" \/><\/a><figcaption id=\"caption-attachment-4977\" class=\"wp-caption-text\">Campe\u00e3o do UFC est\u00e1 a mais de ano sem lutar &#8211; Divulga\u00e7\u00e3o UFC<\/figcaption><\/figure>\n<p>Renan Bar\u00e3o j\u00e1 defendeu o cintur\u00e3o interino do UFC por duas ocasi\u00f5es ap\u00f3s conquistar o t\u00edtulo no combate contra Urijah Faber em julho de 2012.<\/p>\n<p>Pressionado pelos f\u00e3s e pela m\u00eddia, Dana deu declara\u00e7\u00f5es durante este tempo de que iria esperar pelo retorno de Cruz.<\/p>\n<p>Por\u00e9m a espera acabou e o Presidente espera que o lutador americano possa voltar no come\u00e7o de 2014.<\/p>\n<p>Apesar de Cruz estar voltando, Dana j\u00e1 considera Bar\u00e3o como campe\u00e3o do evento.<\/p>\n<figure id=\"attachment_3388\" aria-describedby=\"caption-attachment-3388\" style=\"width: 640px\" class=\"wp-caption aligncenter\"><a href=\"https:\/\/blogs.gazetaesportiva.com\/planeta-octogono\/files\/2013\/02\/1086_18.58.2013_28895_ef_20130118.jpg\"><img loading=\"lazy\" decoding=\"async\" class=\" wp-image-3388 \" alt=\"Dana j\u00e1 considera Renan Bar\u00e3o como campe\u00e3o - Gaspar N\u00f3brega\/Inovafoto\" src=\"https:\/\/blogs.gazetaesportiva.com\/planeta-octogono\/files\/2013\/02\/1086_18.58.2013_28895_ef_20130118.jpg\" width=\"640\" height=\"432\" \/><\/a><figcaption id=\"caption-attachment-3388\" class=\"wp-caption-text\">Dana j\u00e1 considera Renan Bar\u00e3o como campe\u00e3o &#8211; Gaspar N\u00f3brega\/Inovafoto<\/figcaption><\/figure>\n<p>&#8220;Imagine ficar fora por dois anos e voltar para enfrentar Renan Bar\u00e3o. Seria p\u00e9ssimo.<\/p>\n<p>Entende o que quero dizer? Isso n\u00e3o seria bom. Bar\u00e3o \u00e9 o campe\u00e3o.<\/p>\n<p>Ele tem defendido o cintur\u00e3o. Agora Cruz tem que voltar e provar que ainda \u00e9 o campe\u00e3o.&#8221; Comentou o Presidente.<\/p>\n","protected":false},"excerpt":{"rendered":"<p>&nbsp; A situa\u00e7\u00e3o do campe\u00e3o peso galo do UFC, Dominick Cruz est\u00e1 cada vez pior no evento. Ap\u00f3s sofrer duas les\u00f5es graves nos dois joelhos <a class=\"read-more\" href=\"https:\/\/blogs.gazetaesportiva.com\/planeta-octogono\/2013\/10\/02\/dana-white-coloca-cruz-na-parede-e-americano-pode-perder-cinturao-para-renan-barao\/\">leia mais<\/a><\/p>\n","protected":false},"author":33,"featured_media":0,"comment_status":"open","ping_status":"open","sticky":false,"template":"","format":"standard","meta":{"jetpack_post_was_ever_published":false,"_jetpack_newsletter_access":"","_jetpack_dont_email_post_to_subs":false,"_jetpack_newsletter_tier_id":0,"_jetpack_memberships_contains_paywalled_content":false,"_jetpack_memberships_contains_paid_content":false,"footnotes":"","jetpack_publicize_message":"","jetpack_publicize_feature_enabled":true,"jetpack_social_post_already_shared":false,"jetpack_social_options":{"image_generator_settings":{"template":"highway","default_image_id":0,"font":"","enabled":false},"version":2}},"categories":[1],"tags":[451,15],"class_list":["post-8000","post","type-post","status-publish","format-standard","hentry","category-principal","tag-dominick-cruz","tag-renan-barao"],"jetpack_publicize_connections":[],"jetpack_featured_media_url":"","jetpack_sharing_enabled":true,"jetpack_shortlink":"https:\/\/wp.me\/p6rqUQ-252","_links":{"self":[{"href":"https:\/\/blogs.gazetaesportiva.com\/planeta-octogono\/wp-json\/wp\/v2\/posts\/8000","targetHints":{"allow":["GET"]}}],"collection":[{"href":"https:\/\/blogs.gazetaesportiva.com\/planeta-octogono\/wp-json\/wp\/v2\/posts"}],"about":[{"href":"https:\/\/blogs.gazetaesportiva.com\/planeta-octogono\/wp-json\/wp\/v2\/types\/post"}],"author":[{"embeddable":true,"href":"https:\/\/blogs.gazetaesportiva.com\/planeta-octogono\/wp-json\/wp\/v2\/users\/33"}],"replies":[{"embeddable":true,"href":"https:\/\/blogs.gazetaesportiva.com\/planeta-octogono\/wp-json\/wp\/v2\/comments?post=8000"}],"version-history":[{"count":0,"href":"https:\/\/blogs.gazetaesportiva.com\/planeta-octogono\/wp-json\/wp\/v2\/posts\/8000\/revisions"}],"wp:attachment":[{"href":"https:\/\/blogs.gazetaesportiva.com\/planeta-octogono\/wp-json\/wp\/v2\/media?parent=8000"}],"wp:term":[{"taxonomy":"category","embeddable":true,"href":"https:\/\/blogs.gazetaesportiva.com\/planeta-octogono\/wp-json\/wp\/v2\/categories?post=8000"},{"taxonomy":"post_tag","embeddable":true,"href":"https:\/\/blogs.gazetaesportiva.com\/planeta-octogono\/wp-json\/wp\/v2\/tags?post=8000"}],"curies":[{"name":"wp","href":"https:\/\/api.w.org\/{rel}","templated":true}]}}