{"id":7998,"date":"2013-10-01T06:31:59","date_gmt":"2013-10-01T09:31:59","guid":{"rendered":"https:\/\/blogs.gazetaesportiva.com\/planeta-octogono\/?p=7998"},"modified":"2013-10-02T09:08:01","modified_gmt":"2013-10-02T12:08:01","slug":"combate-de-junior-cigano-e-cain-velasquez-sera-exibido-ao-vivo-nos-cinemas","status":"publish","type":"post","link":"https:\/\/blogs.gazetaesportiva.com\/planeta-octogono\/2013\/10\/01\/combate-de-junior-cigano-e-cain-velasquez-sera-exibido-ao-vivo-nos-cinemas\/","title":{"rendered":"Combate de J\u00fanior Cigano e Cain Velasquez ser\u00e1 exibido ao vivo nos cinemas"},"content":{"rendered":"<figure id=\"attachment_7896\" aria-describedby=\"caption-attachment-7896\" style=\"width: 512px\" class=\"wp-caption aligncenter\"><a href=\"https:\/\/blogs.gazetaesportiva.com\/planeta-octogono\/files\/2013\/09\/ufc166.jpg\"><img loading=\"lazy\" decoding=\"async\" class=\" wp-image-7896 \" alt=\"UFC divulga trailer de terceiro encontro de lutadores - Divulga\u00e7\u00e3o UFC\" src=\"https:\/\/blogs.gazetaesportiva.com\/planeta-octogono\/files\/2013\/09\/ufc166.jpg\" width=\"512\" height=\"665\" \/><\/a><figcaption id=\"caption-attachment-7896\" class=\"wp-caption-text\">UFC divulga trailer de terceiro encontro de lutadores &#8211; Divulga\u00e7\u00e3o UFC<\/figcaption><\/figure>\n<p>&nbsp;<\/p>\n<p>&nbsp;<\/p>\n<p>O canal Combate e Flix Media fecharam uma parceria para uma oportunidade inovadora para os f\u00e3s de MMA.<\/p>\n<p>Segundo o acordo exclusivo, divulgado nesta segunda feira, o Canal Combate e a rede de cinemas Cinemark v\u00e3o transmitir ao vivo as lutas do UFC em cerca de 30 salas em todo o pa\u00eds.<\/p>\n<p>J\u00e1 a empresa Flix Media ser\u00e1\u00a0respons\u00e1vel pela comercializa\u00e7\u00e3o de publicidade e promo\u00e7\u00e3o nos cinemas.<\/p>\n<p>A primeira exibi\u00e7\u00e3o ser\u00e1 o UFC 166, no dia 19 de outubro, com a disputa do cintur\u00e3o de pesos pesados entre o brasileiro Junior Cigano e o americano Cain Velasquez. As lutas do card principal ser\u00e3o transmitidas. A segunda transmiss\u00e3o provavelmente ser\u00e1 no m\u00eas de dezembro, com a revanche entre Anderson Silva e Chris Weidman.<\/p>\n<p>O direito de transmiss\u00e3o ao vivo do UFC nos cinemas brasileiros foi garantido no in\u00edcio deste ano, na extens\u00e3o de contrato entre o canal e a organiza\u00e7\u00e3o, que vai at\u00e9 2027.<\/p>\n<p>Ser\u00e1 a primeira vez que os cinemas brasileiros exibem um evento do UFC, pr\u00e1tica que j\u00e1 ocorre com frequ\u00eancia nos Estados Unidos.<\/p>\n","protected":false},"excerpt":{"rendered":"<p>&nbsp; &nbsp; O canal Combate e Flix Media fecharam uma parceria para uma oportunidade inovadora para os f\u00e3s de MMA. Segundo o acordo exclusivo, divulgado <a class=\"read-more\" href=\"https:\/\/blogs.gazetaesportiva.com\/planeta-octogono\/2013\/10\/01\/combate-de-junior-cigano-e-cain-velasquez-sera-exibido-ao-vivo-nos-cinemas\/\">leia mais<\/a><\/p>\n","protected":false},"author":33,"featured_media":0,"comment_status":"open","ping_status":"open","sticky":false,"template":"","format":"standard","meta":{"jetpack_post_was_ever_published":false,"_jetpack_newsletter_access":"","_jetpack_dont_email_post_to_subs":false,"_jetpack_newsletter_tier_id":0,"_jetpack_memberships_contains_paywalled_content":false,"_jetpack_memberships_contains_paid_content":false,"footnotes":"","jetpack_publicize_message":"","jetpack_publicize_feature_enabled":true,"jetpack_social_post_already_shared":false,"jetpack_social_options":{"image_generator_settings":{"template":"highway","default_image_id":0,"font":"","enabled":false},"version":2}},"categories":[1],"tags":[253,91,467],"class_list":["post-7998","post","type-post","status-publish","format-standard","hentry","category-principal","tag-cain-velasquez","tag-junior-cigano","tag-ufc-166"],"jetpack_publicize_connections":[],"jetpack_featured_media_url":"","jetpack_sharing_enabled":true,"jetpack_shortlink":"https:\/\/wp.me\/p6rqUQ-250","_links":{"self":[{"href":"https:\/\/blogs.gazetaesportiva.com\/planeta-octogono\/wp-json\/wp\/v2\/posts\/7998","targetHints":{"allow":["GET"]}}],"collection":[{"href":"https:\/\/blogs.gazetaesportiva.com\/planeta-octogono\/wp-json\/wp\/v2\/posts"}],"about":[{"href":"https:\/\/blogs.gazetaesportiva.com\/planeta-octogono\/wp-json\/wp\/v2\/types\/post"}],"author":[{"embeddable":true,"href":"https:\/\/blogs.gazetaesportiva.com\/planeta-octogono\/wp-json\/wp\/v2\/users\/33"}],"replies":[{"embeddable":true,"href":"https:\/\/blogs.gazetaesportiva.com\/planeta-octogono\/wp-json\/wp\/v2\/comments?post=7998"}],"version-history":[{"count":0,"href":"https:\/\/blogs.gazetaesportiva.com\/planeta-octogono\/wp-json\/wp\/v2\/posts\/7998\/revisions"}],"wp:attachment":[{"href":"https:\/\/blogs.gazetaesportiva.com\/planeta-octogono\/wp-json\/wp\/v2\/media?parent=7998"}],"wp:term":[{"taxonomy":"category","embeddable":true,"href":"https:\/\/blogs.gazetaesportiva.com\/planeta-octogono\/wp-json\/wp\/v2\/categories?post=7998"},{"taxonomy":"post_tag","embeddable":true,"href":"https:\/\/blogs.gazetaesportiva.com\/planeta-octogono\/wp-json\/wp\/v2\/tags?post=7998"}],"curies":[{"name":"wp","href":"https:\/\/api.w.org\/{rel}","templated":true}]}}