{"id":7995,"date":"2013-10-01T06:25:52","date_gmt":"2013-10-01T09:25:52","guid":{"rendered":"https:\/\/blogs.gazetaesportiva.com\/planeta-octogono\/?p=7995"},"modified":"2013-10-01T06:26:25","modified_gmt":"2013-10-01T09:26:25","slug":"dana-white-abre-oportunidade-para-luta-entre-vitor-belfort-contra-ronaldo-jacare-e-ganha-apoio-de-spider","status":"publish","type":"post","link":"https:\/\/blogs.gazetaesportiva.com\/planeta-octogono\/2013\/10\/01\/dana-white-abre-oportunidade-para-luta-entre-vitor-belfort-contra-ronaldo-jacare-e-ganha-apoio-de-spider\/","title":{"rendered":"Dana White abre oportunidade para luta entre Vitor Belfort contra Ronaldo Jacar\u00e9 e ganha apoio de Spider"},"content":{"rendered":"<figure id=\"attachment_7600\" aria-describedby=\"caption-attachment-7600\" style=\"width: 640px\" class=\"wp-caption aligncenter\"><a href=\"https:\/\/blogs.gazetaesportiva.com\/planeta-octogono\/files\/2013\/09\/1086_05.35.2013_46968_ef_20130905.jpg\"><img loading=\"lazy\" decoding=\"async\" class=\" wp-image-7600 \" alt=\"Vitor faz luta principal do UFC em Goi\u00e2nia e pode lutar contra compatriota - Alexandre Loureiro\/Inovafoto\" src=\"https:\/\/blogs.gazetaesportiva.com\/planeta-octogono\/files\/2013\/09\/1086_05.35.2013_46968_ef_20130905.jpg\" width=\"640\" height=\"432\" \/><\/a><figcaption id=\"caption-attachment-7600\" class=\"wp-caption-text\">Vitor (esquerda) faz luta principal do UFC em Goi\u00e2nia e pode lutar contra compatriota &#8211; Alexandre Loureiro\/Inovafoto<\/figcaption><\/figure>\n<p>&nbsp;<\/p>\n<p>O futuro de Anderson Silva foi muito questionado na coletiva do UFC em S\u00e3o Paulo nesta segunda feira.<\/p>\n<p>Rejeitando enfrentar dois amigos, Lyoto Machida e Ronaldo Jacar\u00e9, Anderson Silva apoiou a id\u00e9ia proposta pelo Presidente do UFC, Dana White na coletiva em realizar o combate entre os brasileiros Vitor Belfort e Ronaldo Jacar\u00e9.<\/p>\n<p>&#8220;N\u00e3o, eu n\u00e3o lutaria com ele. Voc\u00ea lutaria com seu irm\u00e3o? Para com isso! &#8221; disse Anderson que depois sorriu e completou com um &#8220;Agora sim&#8221; quando os jornalistas citaram um poss\u00edvel combate entre os lutadores, id\u00e9ia n\u00e3o rejeitada por Dana White.<\/p>\n<figure id=\"attachment_5430\" aria-describedby=\"caption-attachment-5430\" style=\"width: 640px\" class=\"wp-caption aligncenter\"><a href=\"https:\/\/blogs.gazetaesportiva.com\/planeta-octogono\/files\/2013\/05\/936362_10151626721231276_2063400781_n.jpg\"><img loading=\"lazy\" decoding=\"async\" class=\" wp-image-5430 \" alt=\"Ronaldo Jacar\u00e9pode ser o pr\u00f3ximo oponente de Belfort - Divulga\u00e7\u00e3o UFC\/Alexandre Loureiro\" src=\"https:\/\/blogs.gazetaesportiva.com\/planeta-octogono\/files\/2013\/05\/936362_10151626721231276_2063400781_n.jpg\" width=\"640\" height=\"432\" \/><\/a><figcaption id=\"caption-attachment-5430\" class=\"wp-caption-text\">Ronaldo Jacar\u00e9 pode ser o pr\u00f3ximo oponente de Belfort &#8211; Divulga\u00e7\u00e3o UFC\/Alexandre Loureiro<\/figcaption><\/figure>\n<p>&#8220;Na minha opini\u00e3o, Jacar\u00e9 \u00e9 um grande lutador e sua vit\u00f3ria sobre Okami foi sensacional. Agora ele est\u00e1 machucado, mas definitivamente uma luta com dele contra Vitor Belfort \u00e9 uma possibilidade.&#8221; comentou Dana que acredita que Anderson \u00e9 uma pessoa com outra atitude quando se trata de neg\u00f3cios e grandes lutas.<\/p>\n<p>&#8220;Anderson Silva \u00e9 uma pessoa interessante. \u00c0s vezes as pessoas fazem perguntas, e ele responde publicamente uma coisa, mas eu digo que, se ele alguma hora tiver pela frente Lyoto Machida na sua categoria, querendo tirar o seu cintur\u00e3o, vamos ver o que acontece.&#8221; Sorriu o Presidente.<\/p>\n<p>O futuro combate por\u00e9m n\u00e3o deve acontecer rapidamente. Com luta marcada no dia 9 de novembro em Goi\u00e2nia contra a lenda do MMA, o americano Dan Henderson, uma derrota de Vitor pode alterar os planos.<\/p>\n<p>Al\u00e9m disso, Dana confirmou que Jacar\u00e9 est\u00e1 lesionado e que deve demorar para se recuperar.<\/p>\n","protected":false},"excerpt":{"rendered":"<p>&nbsp; O futuro de Anderson Silva foi muito questionado na coletiva do UFC em S\u00e3o Paulo nesta segunda feira. Rejeitando enfrentar dois amigos, Lyoto Machida <a class=\"read-more\" href=\"https:\/\/blogs.gazetaesportiva.com\/planeta-octogono\/2013\/10\/01\/dana-white-abre-oportunidade-para-luta-entre-vitor-belfort-contra-ronaldo-jacare-e-ganha-apoio-de-spider\/\">leia mais<\/a><\/p>\n","protected":false},"author":33,"featured_media":0,"comment_status":"open","ping_status":"open","sticky":false,"template":"","format":"standard","meta":{"jetpack_post_was_ever_published":false,"_jetpack_newsletter_access":"","_jetpack_dont_email_post_to_subs":false,"_jetpack_newsletter_tier_id":0,"_jetpack_memberships_contains_paywalled_content":false,"_jetpack_memberships_contains_paid_content":false,"footnotes":"","jetpack_publicize_message":"","jetpack_publicize_feature_enabled":true,"jetpack_social_post_already_shared":false,"jetpack_social_options":{"image_generator_settings":{"template":"highway","default_image_id":0,"font":"","enabled":false},"version":2}},"categories":[1],"tags":[387,47],"class_list":["post-7995","post","type-post","status-publish","format-standard","hentry","category-principal","tag-ronaldo-jacare","tag-vitor-belfort"],"jetpack_publicize_connections":[],"jetpack_featured_media_url":"","jetpack_sharing_enabled":true,"jetpack_shortlink":"https:\/\/wp.me\/p6rqUQ-24X","_links":{"self":[{"href":"https:\/\/blogs.gazetaesportiva.com\/planeta-octogono\/wp-json\/wp\/v2\/posts\/7995","targetHints":{"allow":["GET"]}}],"collection":[{"href":"https:\/\/blogs.gazetaesportiva.com\/planeta-octogono\/wp-json\/wp\/v2\/posts"}],"about":[{"href":"https:\/\/blogs.gazetaesportiva.com\/planeta-octogono\/wp-json\/wp\/v2\/types\/post"}],"author":[{"embeddable":true,"href":"https:\/\/blogs.gazetaesportiva.com\/planeta-octogono\/wp-json\/wp\/v2\/users\/33"}],"replies":[{"embeddable":true,"href":"https:\/\/blogs.gazetaesportiva.com\/planeta-octogono\/wp-json\/wp\/v2\/comments?post=7995"}],"version-history":[{"count":0,"href":"https:\/\/blogs.gazetaesportiva.com\/planeta-octogono\/wp-json\/wp\/v2\/posts\/7995\/revisions"}],"wp:attachment":[{"href":"https:\/\/blogs.gazetaesportiva.com\/planeta-octogono\/wp-json\/wp\/v2\/media?parent=7995"}],"wp:term":[{"taxonomy":"category","embeddable":true,"href":"https:\/\/blogs.gazetaesportiva.com\/planeta-octogono\/wp-json\/wp\/v2\/categories?post=7995"},{"taxonomy":"post_tag","embeddable":true,"href":"https:\/\/blogs.gazetaesportiva.com\/planeta-octogono\/wp-json\/wp\/v2\/tags?post=7995"}],"curies":[{"name":"wp","href":"https:\/\/api.w.org\/{rel}","templated":true}]}}